{"id":7823,"date":"2023-11-03T08:26:01","date_gmt":"2023-11-03T08:26:01","guid":{"rendered":"https:\/\/millinews.az\/xeber\/bu-s%C9%99xsl%C9%99r%C9%99-veril%C9%99n-muavin%C9%99tin-artirilmasi-t%C9%99klif-edilir\/"},"modified":"2023-11-03T08:26:01","modified_gmt":"2023-11-03T08:26:01","slug":"bu-s%C9%99xsl%C9%99r%C9%99-veril%C9%99n-muavin%C9%99tin-artirilmasi-t%C9%99klif-edilir","status":"publish","type":"post","link":"https:\/\/millitv.net\/?p=7823","title":{"rendered":"Bu \u015f\u0259xsl\u0259r\u0259 veril\u0259n m\u00fcavin\u0259tin art\u0131r\u0131lmas\u0131 t\u0259klif edilir"},"content":{"rendered":"<div id=\"maincontent\">&#13;<br \/>\n        &#13;<\/p>\n<p><strong>\u018fhalinin, x\u00fcsusil\u0259 azt\u0259minatl\u0131 ail\u0259l\u0259rin v\u0259 h\u0259ssas qruplar\u0131n real ehtiyaclar\u0131 n\u0259z\u0259r\u0259 al\u0131naraq, minimum istehlak s\u0259b\u0259tinin t\u0259rkibind\u0259ki \u0259rzaq m\u0259hsullar\u0131n\u0131n miqdar\u0131n\u0131n (h\u0259cminin) art\u0131r\u0131lmas\u0131 t\u0259klif edilir.<\/strong><\/p>\n<p><a href=\"https:\/\/Millinews.az\" target=\"_blank\" class=\"kw-link\" rel=\"noopener\">Millinews.az<\/a> x\u0259b\u0259r verir ki, bu t\u0259klifl\u0259 Milli M\u0259clisinin H\u00fcquq siyas\u0259ti v\u0259 d\u00f6vl\u0259t quruculu\u011fu, M\u00fcdafi\u0259, t\u0259hl\u00fck\u0259sizlik v\u0259 korrupsiya il\u0259 m\u00fcbariz\u0259, \u0130nsan h\u00fcquqlar\u0131, Beyn\u0259lxalq m\u00fcnasib\u0259tl\u0259r v\u0259 parlamentl\u0259raras\u0131 \u0259laq\u0259l\u0259r komit\u0259l\u0259rinin birg\u0259 iclas\u0131nda \u201cAz\u0259rbaycan Respublikas\u0131n\u0131n 2024-c\u00fc il d\u00f6vl\u0259t b\u00fcdc\u0259si haqq\u0131nda\u201d m\u00fczakir\u0259si zaman \u0130nsan h\u00fcquqlar\u0131 \u00fczr\u0259 m\u00fcv\u0259kkil S\u0259bin\u0259 \u018fliyeva deyib. &#13;\n<\/p>\n<p>O qeyd edib ki, hepatit, \u015f\u0259k\u0259rli diabet, hemofiliya, talassemiya v\u0259 bu kimi ba\u015fqa x\u0259st\u0259likl\u0259rd\u0259n \u0259ziyy\u0259t \u00e7\u0259k\u0259n, x\u00fcsusil\u0259 azt\u0259minatl\u0131 ail\u0259l\u0259rd\u0259n v\u0259 \u0259halinin h\u0259ssas qruplar\u0131ndan olan v\u0259t\u0259nda\u015flar\u0131m\u0131z\u0131n m\u00f6vcud durumu n\u0259z\u0259r\u0259 al\u0131naraq, d\u00f6vl\u0259t b\u00fcdc\u0259si hesab\u0131na veril\u0259n d\u0259rmanlar\u0131n v\u0259 dig\u0259r vasit\u0259l\u0259rin daha keyfiyy\u0259tlil\u0259ri il\u0259 \u0259v\u0259z edilm\u0259si v\u0259 siyah\u0131s\u0131n\u0131n real ehtiyaclara uy\u011fun geni\u015fl\u0259ndirilm\u0259sin\u0259 ehtiyac var.<\/p>\n<p>Ombudsman h\u0259m\u00e7inin a\u015fa\u011f\u0131dak\u0131 t\u0259klifl\u0259ri ir\u0259li s\u00fcr\u00fcb:<\/p>\n<p>&#8211; Valideynl\u0259rini itirmi\u015f v\u0259 valideyn himay\u0259sind\u0259n m\u0259hrum olmu\u015f u\u015faqlar\u0131n q\u0259yyumlar\u0131na (himay\u0259\u00e7il\u0259rin\u0259) veril\u0259n m\u00fcavin\u0259tin m\u0259bl\u0259\u011finin art\u0131r\u0131lmas\u0131na,<br \/>&#8211; milli genofondun v\u0259 ail\u0259 sa\u011flaml\u0131\u011f\u0131n\u0131n \u0259sas\u0131 kimi k\u00f6rp\u0259l\u0259rin v\u0259 erk\u0259n ya\u015fl\u0131 u\u015faqlar\u0131n ana s\u00fcd\u00fc il\u0259 qidalanmas\u0131n\u0131n s\u0259m\u0259r\u0259li t\u0259\u015fkili m\u0259qs\u0259dil\u0259 \u201cana s\u00fcd\u00fc m\u0259tb\u0259xl\u0259ri\u201dnin t\u0259\u015fkil edilm\u0259sin\u0259,<br \/>&#8211; d\u00f6vl\u0259t ali v\u0259 orta ixtisas t\u0259hsili m\u00fc\u0259ssis\u0259l\u0259rind\u0259 d\u00f6vl\u0259t sifari\u015fli yerl\u0259rin say\u0131n\u0131n art\u0131r\u0131lmas\u0131na,<br \/>&#8211; Erm\u0259nistan silahl\u0131 q\u00fcvv\u0259l\u0259ri t\u0259r\u0259find\u0259n respublikan\u0131n bir s\u0131ra ya\u015fay\u0131\u015f m\u0259nt\u0259q\u0259l\u0259rinin, x\u00fcsusil\u0259 m\u00fclki \u0259halinin s\u0131x m\u0259skunla\u015fd\u0131\u011f\u0131 yerl\u0259rin, o c\u00fcml\u0259d\u0259n \u015f\u0259h\u0259r v\u0259 rayon m\u0259rk\u0259zl\u0259rinin raket at\u0259\u015fin\u0259 tutulmas\u0131 n\u0259tic\u0259sind\u0259 f\u0259rdi ya\u015fay\u0131\u015f evl\u0259rin\u0259 v\u0259 m\u0259nzill\u0259rin\u0259 d\u0259ymi\u015f ziyan\u0131n n\u0259tic\u0259l\u0259rinin aradan qald\u0131r\u0131lmas\u0131 \u00fczr\u0259 t\u0259dbirl\u0259rin davam etdirilm\u0259si m\u0259qs\u0259dl\u0259 z\u0259ruri maliyy\u0259 v\u0259saitinin ayr\u0131lmas\u0131na<br \/>&#8211; sosial infrastruktur obyektl\u0259rinin \u0259lilliyi olan \u015f\u0259xsl\u0259r\u0259 m\u00fcy\u0259ss\u0259r olmas\u0131 \u00fc\u00e7\u00fcn uy\u011funla\u015fd\u0131r\u0131lmas\u0131 m\u0259qs\u0259dil\u0259 maliyy\u0259 v\u0259saitinin ayr\u0131lmas\u0131, eyni zamanda bel\u0259 \u015f\u0259xsl\u0259r \u00fc\u00e7\u00fcn t\u0259l\u0259bata uy\u011fun sayda m\u00fcy\u0259ss\u0259r ictimai n\u0259qliyyat vasit\u0259l\u0259rinin al\u0131nmas\u0131na d\u0259st\u0259k verilm\u0259sin\u0259,<br \/>&#8211; h\u0259rbi qulluq\u00e7ular\u0131n sosial m\u00fcdafi\u0259sinin g\u00fccl\u0259ndirilm\u0259si m\u0259qs\u0259dil\u0259 onlara \u0259rzaq \u00fc\u00e7\u00fcn \u00f6d\u0259nil\u0259n ayl\u0131q pul kompensasiyas\u0131n\u0131n m\u0259bl\u0259\u011finin \u00f6lk\u0259 \u00fczr\u0259 minimum istehlak s\u0259b\u0259tinin t\u0259rkibind\u0259ki \u0259rzaq m\u0259hsullar\u0131n\u0131n ayl\u0131q d\u0259y\u0259rin\u0259 uy\u011funla\u015fd\u0131r\u0131lmas\u0131na,<br \/>&#8211; h\u0259rbi qulluq\u00e7ulara real v\u0259ziyy\u0259t, habel\u0259 m\u0259nzil kiray\u0259sind\u0259 qiym\u0259t art\u0131m\u0131 n\u0259z\u0259r\u0259 al\u0131naraq, m\u00fcv\u0259qq\u0259ti m\u0259nzilin kiray\u0259si \u00fc\u00e7\u00fcn pul kompensasiyas\u0131 m\u0259bl\u0259\u011finin art\u0131r\u0131lmas\u0131na,<br \/>&#8211; m\u0259hk\u0259m\u0259 q\u0259tnam\u0259l\u0259rin\u0259 \u0259sas\u0259n d\u00f6vl\u0259t qurumlar\u0131 t\u0259r\u0259find\u0259n v\u0259t\u0259nda\u015flara \u00f6d\u0259nilm\u0259li olan borcun \u00f6d\u0259ni\u015finin t\u0259min edilm\u0259si m\u0259qs\u0259dil\u0259 d\u00f6vl\u0259t b\u00fcdc\u0259sind\u0259 maliyy\u0259 v\u0259saitinin n\u0259z\u0259rd\u0259 tutulmas\u0131&#13;<br \/>\n        &#13;<br \/>\n&#13;<br \/>\n        &#13;<br \/>\n&#13;\n        <\/p>\n<p><noscript><\/p>\n<p>You must enable Javascript on your browser for the site to work optimally and display sections completely.<\/p>\n<p><\/noscript>\t\t&#13;<br \/>\n\t\t&#13;\n    <\/div>\n<p><script type=\"text\/javascript\">jQuery(document).ready(function () {\n(function(d, s, id) {\n    var js, fjs = d.getElementsByTagName(s)[0];\n    if (d.getElementById(id))\n        return;\n    js = d.createElement(s);\n    js.id = id;\n    js.src = \"\/\/connect.facebook.net\/az_AZ\/all.js#xfbml=1&appId=1002485763137712\";\n    fjs.parentNode.insertBefore(js, fjs);\n}(document, 'script', 'facebook-jssdk'));                \n});<\/script><\/p>\n","protected":false},"excerpt":{"rendered":"<p>&#13; &#13; \u018fhalinin, x\u00fcsusil\u0259 azt\u0259minatl\u0131 ail\u0259l\u0259rin v\u0259 h\u0259ssas qruplar\u0131n real ehtiyaclar\u0131 n\u0259z\u0259r\u0259 al\u0131naraq, minimum istehlak s\u0259b\u0259tinin t\u0259rkibind\u0259ki \u0259rzaq m\u0259hsullar\u0131n\u0131n miqdar\u0131n\u0131n (h\u0259cminin) art\u0131r\u0131lmas\u0131 t\u0259klif edilir. Millinews.az x\u0259b\u0259r verir ki, bu t\u0259klifl\u0259 Milli M\u0259clisinin H\u00fcquq siyas\u0259ti v\u0259 d\u00f6vl\u0259t quruculu\u011fu, M\u00fcdafi\u0259, t\u0259hl\u00fck\u0259sizlik v\u0259 korrupsiya il\u0259 m\u00fcbariz\u0259, \u0130nsan h\u00fcquqlar\u0131, Beyn\u0259lxalq m\u00fcnasib\u0259tl\u0259r v\u0259 parlamentl\u0259raras\u0131 \u0259laq\u0259l\u0259r komit\u0259l\u0259rinin birg\u0259 iclas\u0131nda \u201cAz\u0259rbaycan Respublikas\u0131n\u0131n &hellip;<\/p>\n","protected":false},"author":1,"featured_media":7824,"comment_status":"open","ping_status":"closed","sticky":false,"template":"","format":"standard","meta":{"footnotes":""},"categories":[9],"tags":[],"class_list":["post-7823","post","type-post","status-publish","format-standard","has-post-thumbnail","hentry","category-xeber"],"_links":{"self":[{"href":"https:\/\/millitv.net\/index.php?rest_route=\/wp\/v2\/posts\/7823","targetHints":{"allow":["GET"]}}],"collection":[{"href":"https:\/\/millitv.net\/index.php?rest_route=\/wp\/v2\/posts"}],"about":[{"href":"https:\/\/millitv.net\/index.php?rest_route=\/wp\/v2\/types\/post"}],"author":[{"embeddable":true,"href":"https:\/\/millitv.net\/index.php?rest_route=\/wp\/v2\/users\/1"}],"replies":[{"embeddable":true,"href":"https:\/\/millitv.net\/index.php?rest_route=%2Fwp%2Fv2%2Fcomments&post=7823"}],"version-history":[{"count":0,"href":"https:\/\/millitv.net\/index.php?rest_route=\/wp\/v2\/posts\/7823\/revisions"}],"wp:featuredmedia":[{"embeddable":true,"href":"https:\/\/millitv.net\/index.php?rest_route=\/wp\/v2\/media\/7824"}],"wp:attachment":[{"href":"https:\/\/millitv.net\/index.php?rest_route=%2Fwp%2Fv2%2Fmedia&parent=7823"}],"wp:term":[{"taxonomy":"category","embeddable":true,"href":"https:\/\/millitv.net\/index.php?rest_route=%2Fwp%2Fv2%2Fcategories&post=7823"},{"taxonomy":"post_tag","embeddable":true,"href":"https:\/\/millitv.net\/index.php?rest_route=%2Fwp%2Fv2%2Ftags&post=7823"}],"curies":[{"name":"wp","href":"https:\/\/api.w.org\/{rel}","templated":true}]}}