{"id":7817,"date":"2023-11-03T08:04:00","date_gmt":"2023-11-03T08:04:00","guid":{"rendered":"https:\/\/millinews.az\/xeber\/tdt-nin-10-cu-yubiley-zirv%C9%99-gorusunun-yekun-s%C9%99n%C9%99dl%C9%99ri-imzalandi\/"},"modified":"2023-11-03T08:04:00","modified_gmt":"2023-11-03T08:04:00","slug":"tdt-nin-10-cu-yubiley-zirv%C9%99-gorusunun-yekun-s%C9%99n%C9%99dl%C9%99ri-imzalandi","status":"publish","type":"post","link":"https:\/\/millitv.net\/?p=7817","title":{"rendered":"TDT-nin 10-cu yubiley Zirv\u0259 g\u00f6r\u00fc\u015f\u00fcn\u00fcn yekun s\u0259n\u0259dl\u0259ri imzaland\u0131"},"content":{"rendered":"<div id=\"maincontent\">&#13;<br \/>\n        &#13;<\/p>\n<p><strong>Qazax\u0131stan\u0131n paytaxt\u0131 Astanada T\u00fcrk D\u00f6vl\u0259tl\u0259ri T\u0259\u015fkilat\u0131n\u0131n (TDT) 10-cu yubiley Zirv\u0259 g\u00f6r\u00fc\u015f\u00fcnd\u0259 d\u00f6vl\u0259t ba\u015f\u00e7\u0131lar\u0131 bir s\u0131ra m\u00fcvafiq q\u0259tnam\u0259l\u0259ri, h\u0259m\u00e7inin Astana Akt\u0131n\u0131 v\u0259 Astana Sammiti B\u0259yannam\u0259sini imzalay\u0131blar.<\/strong><\/p>\n<p><a href=\"https:\/\/Millinews.az\" target=\"_blank\" class=\"kw-link\" rel=\"noopener\">Millinews.az<\/a> bu bar\u0259d\u0259 \u201cReport\u201da istinad\u0259n x\u0259b\u0259r verir. &#13;\n<\/p>\n<p>\u201cT\u00fcrk \u018fsri\u201d \u00e7a\u011f\u0131r\u0131\u015f\u0131 alt\u0131nda ke\u00e7iril\u0259n toplant\u0131da iqtisadiyyat, ticar\u0259t, n\u0259qliyyat v\u0259 g\u00f6mr\u00fck kimi sah\u0259l\u0259rd\u0259 \u0259m\u0259kda\u015fl\u0131q m\u0259s\u0259l\u0259l\u0259ri m\u00fczakir\u0259 olunub.<\/p>\n<p>D\u00f6vl\u0259t v\u0259 h\u00f6kum\u0259t ba\u015f\u00e7\u0131lar\u0131n\u0131n \u00fczv d\u00f6vl\u0259tl\u0259r v\u0259 m\u00fc\u015fahid\u0259\u00e7il\u0259r aras\u0131nda \u00e7oxt\u0259r\u0259fli \u0259m\u0259kda\u015fl\u0131\u011f\u0131n \u0259sas aspektl\u0259rini n\u0259z\u0259rd\u0259n ke\u00e7irdikl\u0259ri toplant\u0131da regionda v\u0259 onun h\u00fcdudlar\u0131nda ba\u015f ver\u0259n siyasi v\u0259 iqtisadi hadis\u0259l\u0259r bar\u0259d\u0259 fikir m\u00fcbadil\u0259si apar\u0131l\u0131b.&#13;<br \/>\n        &#13;<br \/>\n&#13;<br \/>\n        &#13;<br \/>\n&#13;\n        <\/p>\n<p><noscript><\/p>\n<p>You must enable Javascript on your browser for the site to work optimally and display sections completely.<\/p>\n<p><\/noscript>\t\t&#13;<br \/>\n\t\t&#13;\n    <\/div>\n<p><script type=\"text\/javascript\">jQuery(document).ready(function () {\n(function(d, s, id) {\n    var js, fjs = d.getElementsByTagName(s)[0];\n    if (d.getElementById(id))\n        return;\n    js = d.createElement(s);\n    js.id = id;\n    js.src = \"\/\/connect.facebook.net\/az_AZ\/all.js#xfbml=1&appId=1002485763137712\";\n    fjs.parentNode.insertBefore(js, fjs);\n}(document, 'script', 'facebook-jssdk'));                \n});<\/script><\/p>\n","protected":false},"excerpt":{"rendered":"<p>&#13; &#13; Qazax\u0131stan\u0131n paytaxt\u0131 Astanada T\u00fcrk D\u00f6vl\u0259tl\u0259ri T\u0259\u015fkilat\u0131n\u0131n (TDT) 10-cu yubiley Zirv\u0259 g\u00f6r\u00fc\u015f\u00fcnd\u0259 d\u00f6vl\u0259t ba\u015f\u00e7\u0131lar\u0131 bir s\u0131ra m\u00fcvafiq q\u0259tnam\u0259l\u0259ri, h\u0259m\u00e7inin Astana Akt\u0131n\u0131 v\u0259 Astana Sammiti B\u0259yannam\u0259sini imzalay\u0131blar. Millinews.az bu bar\u0259d\u0259 \u201cReport\u201da istinad\u0259n x\u0259b\u0259r verir. &#13; \u201cT\u00fcrk \u018fsri\u201d \u00e7a\u011f\u0131r\u0131\u015f\u0131 alt\u0131nda ke\u00e7iril\u0259n toplant\u0131da iqtisadiyyat, ticar\u0259t, n\u0259qliyyat v\u0259 g\u00f6mr\u00fck kimi sah\u0259l\u0259rd\u0259 \u0259m\u0259kda\u015fl\u0131q m\u0259s\u0259l\u0259l\u0259ri m\u00fczakir\u0259 olunub. D\u00f6vl\u0259t v\u0259 h\u00f6kum\u0259t &hellip;<\/p>\n","protected":false},"author":1,"featured_media":7818,"comment_status":"open","ping_status":"closed","sticky":false,"template":"","format":"standard","meta":{"footnotes":""},"categories":[9],"tags":[],"class_list":["post-7817","post","type-post","status-publish","format-standard","has-post-thumbnail","hentry","category-xeber"],"_links":{"self":[{"href":"https:\/\/millitv.net\/index.php?rest_route=\/wp\/v2\/posts\/7817","targetHints":{"allow":["GET"]}}],"collection":[{"href":"https:\/\/millitv.net\/index.php?rest_route=\/wp\/v2\/posts"}],"about":[{"href":"https:\/\/millitv.net\/index.php?rest_route=\/wp\/v2\/types\/post"}],"author":[{"embeddable":true,"href":"https:\/\/millitv.net\/index.php?rest_route=\/wp\/v2\/users\/1"}],"replies":[{"embeddable":true,"href":"https:\/\/millitv.net\/index.php?rest_route=%2Fwp%2Fv2%2Fcomments&post=7817"}],"version-history":[{"count":0,"href":"https:\/\/millitv.net\/index.php?rest_route=\/wp\/v2\/posts\/7817\/revisions"}],"wp:featuredmedia":[{"embeddable":true,"href":"https:\/\/millitv.net\/index.php?rest_route=\/wp\/v2\/media\/7818"}],"wp:attachment":[{"href":"https:\/\/millitv.net\/index.php?rest_route=%2Fwp%2Fv2%2Fmedia&parent=7817"}],"wp:term":[{"taxonomy":"category","embeddable":true,"href":"https:\/\/millitv.net\/index.php?rest_route=%2Fwp%2Fv2%2Fcategories&post=7817"},{"taxonomy":"post_tag","embeddable":true,"href":"https:\/\/millitv.net\/index.php?rest_route=%2Fwp%2Fv2%2Ftags&post=7817"}],"curies":[{"name":"wp","href":"https:\/\/api.w.org\/{rel}","templated":true}]}}