{"id":7805,"date":"2023-11-03T07:25:12","date_gmt":"2023-11-03T07:25:12","guid":{"rendered":"https:\/\/millinews.az\/xeber\/az%C9%99rbaycan-turk-dovl%C9%99tl%C9%99rinin-iqtisadiyyatina-20-milyard-abs-dollarindan-cox-s%C9%99rmay%C9%99-qoyub\/"},"modified":"2023-11-03T07:25:12","modified_gmt":"2023-11-03T07:25:12","slug":"az%C9%99rbaycan-turk-dovl%C9%99tl%C9%99rinin-iqtisadiyyatina-20-milyard-abs-dollarindan-cox-s%C9%99rmay%C9%99-qoyub","status":"publish","type":"post","link":"https:\/\/millitv.net\/?p=7805","title":{"rendered":"Az\u0259rbaycan T\u00fcrk d\u00f6vl\u0259tl\u0259rinin iqtisadiyyat\u0131na 20 milyard AB\u015e dollar\u0131ndan \u00e7ox s\u0259rmay\u0259 qoyub"},"content":{"rendered":"<div id=\"maincontent\">&#13;<br \/>\n        &#13;<\/p>\n<p><strong>&#8220;Az\u0259rbaycan T\u00fcrk d\u00f6vl\u0259tl\u0259rinin iqtisadiyyat\u0131na 20 milyard AB\u015e dollar\u0131ndan \u00e7ox s\u0259rmay\u0259 qoymu\u015fdur. Bunun \u0259sas hiss\u0259si T\u00fcrkiy\u0259y\u0259 qoyulan s\u0259rmay\u0259dir&#8221;.<\/strong><\/p>\n<p><a href=\"https:\/\/Millinews.az\" target=\"_blank\" class=\"kw-link\" rel=\"noopener\">Millinews.az<\/a> x\u0259b\u0259r verir ki, bu fikri Az\u0259rbaycan Prezidenti \u0130lham \u018fliyev T\u00fcrk D\u00f6vl\u0259tl\u0259ri T\u0259\u015fkilat\u0131n\u0131n \u201cT\u00fcrk \u018fsri\u201d \u00e7a\u011f\u0131r\u0131\u015f\u0131 alt\u0131nda noyabr\u0131n 3-d\u0259 Astanada ke\u00e7iril\u0259n 10-cu yubiley Zirv\u0259 g\u00f6r\u00fc\u015f\u00fcnd\u0259 \u00e7\u0131x\u0131\u015f\u0131nda deyib. &#13;\n<\/p>\n<p>\u00d6lk\u0259l\u0259r aras\u0131nda birg\u0259 s\u0259rmay\u0259 fondlar\u0131n\u0131n yarad\u0131lmas\u0131 prosesinin ba\u015fland\u0131\u011f\u0131n\u0131 vur\u011fulayan d\u00f6vl\u0259t ba\u015f\u00e7\u0131s\u0131 bildirib ki, Az\u0259rbaycan-\u00d6zb\u0259kistan \u0130nvestisiya Fondu v\u0259 Az\u0259rbaycan-Q\u0131r\u011f\u0131z\u0131stan \u0130nki\u015faf Fondu t\u0259sis olunub.<\/p>\n<p>\u201c2022-ci ilin m\u00fcvafiq d\u00f6vr\u00fc il\u0259 m\u00fcqayis\u0259d\u0259 2023-c\u00fc ilin yanvar-sentyabr aylar\u0131nda Az\u0259rbaycan\u0131n T\u00fcrk d\u00f6vl\u0259tl\u0259ri il\u0259 ticar\u0259t d\u00f6vriyy\u0259si 40 faiz art\u0131b\u201d, &#8211; Prezident \u0130lham \u018fliyev vur\u011fulay\u0131b.&#13;<br \/>\n        &#13;<br \/>\n&#13;<br \/>\n        &#13;<br \/>\n&#13;\n        <\/p>\n<p><noscript><\/p>\n<p>You must enable Javascript on your browser for the site to work optimally and display sections completely.<\/p>\n<p><\/noscript>\t\t&#13;<br \/>\n\t\t&#13;\n    <\/div>\n<p><script type=\"text\/javascript\">jQuery(document).ready(function () {\n(function(d, s, id) {\n    var js, fjs = d.getElementsByTagName(s)[0];\n    if (d.getElementById(id))\n        return;\n    js = d.createElement(s);\n    js.id = id;\n    js.src = \"\/\/connect.facebook.net\/az_AZ\/all.js#xfbml=1&appId=1002485763137712\";\n    fjs.parentNode.insertBefore(js, fjs);\n}(document, 'script', 'facebook-jssdk'));                \n});<\/script><\/p>\n","protected":false},"excerpt":{"rendered":"<p>&#13; &#13; &#8220;Az\u0259rbaycan T\u00fcrk d\u00f6vl\u0259tl\u0259rinin iqtisadiyyat\u0131na 20 milyard AB\u015e dollar\u0131ndan \u00e7ox s\u0259rmay\u0259 qoymu\u015fdur. Bunun \u0259sas hiss\u0259si T\u00fcrkiy\u0259y\u0259 qoyulan s\u0259rmay\u0259dir&#8221;. Millinews.az x\u0259b\u0259r verir ki, bu fikri Az\u0259rbaycan Prezidenti \u0130lham \u018fliyev T\u00fcrk D\u00f6vl\u0259tl\u0259ri T\u0259\u015fkilat\u0131n\u0131n \u201cT\u00fcrk \u018fsri\u201d \u00e7a\u011f\u0131r\u0131\u015f\u0131 alt\u0131nda noyabr\u0131n 3-d\u0259 Astanada ke\u00e7iril\u0259n 10-cu yubiley Zirv\u0259 g\u00f6r\u00fc\u015f\u00fcnd\u0259 \u00e7\u0131x\u0131\u015f\u0131nda deyib. &#13; \u00d6lk\u0259l\u0259r aras\u0131nda birg\u0259 s\u0259rmay\u0259 fondlar\u0131n\u0131n yarad\u0131lmas\u0131 prosesinin ba\u015fland\u0131\u011f\u0131n\u0131 &hellip;<\/p>\n","protected":false},"author":1,"featured_media":7806,"comment_status":"open","ping_status":"closed","sticky":false,"template":"","format":"standard","meta":{"footnotes":""},"categories":[9],"tags":[],"class_list":["post-7805","post","type-post","status-publish","format-standard","has-post-thumbnail","hentry","category-xeber"],"_links":{"self":[{"href":"https:\/\/millitv.net\/index.php?rest_route=\/wp\/v2\/posts\/7805","targetHints":{"allow":["GET"]}}],"collection":[{"href":"https:\/\/millitv.net\/index.php?rest_route=\/wp\/v2\/posts"}],"about":[{"href":"https:\/\/millitv.net\/index.php?rest_route=\/wp\/v2\/types\/post"}],"author":[{"embeddable":true,"href":"https:\/\/millitv.net\/index.php?rest_route=\/wp\/v2\/users\/1"}],"replies":[{"embeddable":true,"href":"https:\/\/millitv.net\/index.php?rest_route=%2Fwp%2Fv2%2Fcomments&post=7805"}],"version-history":[{"count":0,"href":"https:\/\/millitv.net\/index.php?rest_route=\/wp\/v2\/posts\/7805\/revisions"}],"wp:featuredmedia":[{"embeddable":true,"href":"https:\/\/millitv.net\/index.php?rest_route=\/wp\/v2\/media\/7806"}],"wp:attachment":[{"href":"https:\/\/millitv.net\/index.php?rest_route=%2Fwp%2Fv2%2Fmedia&parent=7805"}],"wp:term":[{"taxonomy":"category","embeddable":true,"href":"https:\/\/millitv.net\/index.php?rest_route=%2Fwp%2Fv2%2Fcategories&post=7805"},{"taxonomy":"post_tag","embeddable":true,"href":"https:\/\/millitv.net\/index.php?rest_route=%2Fwp%2Fv2%2Ftags&post=7805"}],"curies":[{"name":"wp","href":"https:\/\/api.w.org\/{rel}","templated":true}]}}