{"id":7801,"date":"2023-11-03T07:09:52","date_gmt":"2023-11-03T07:09:52","guid":{"rendered":"https:\/\/millinews.az\/xeber\/azad-olunmus-%C9%99razil%C9%99rd%C9%99-b%C9%99rpa-quruculuq-isl%C9%99rin%C9%99-%C9%99n-azi-24-milyard-abs-dollari-ayrilacaq\/"},"modified":"2023-11-03T07:09:52","modified_gmt":"2023-11-03T07:09:52","slug":"azad-olunmus-%C9%99razil%C9%99rd%C9%99-b%C9%99rpa-quruculuq-isl%C9%99rin%C9%99-%C9%99n-azi-24-milyard-abs-dollari-ayrilacaq","status":"publish","type":"post","link":"https:\/\/millitv.net\/?p=7801","title":{"rendered":"Azad olunmu\u015f \u0259razil\u0259rd\u0259 b\u0259rpa-quruculuq i\u015fl\u0259rin\u0259 \u0259n az\u0131 2,4 milyard AB\u015e dollar\u0131 ayr\u0131lacaq"},"content":{"rendered":"<div id=\"maincontent\">&#13;<br \/>\n        &#13;<\/p>\n<p><strong>&#8220;\u00dc\u00e7 il \u0259vv\u0259l V\u0259t\u0259n m\u00fcharib\u0259si ba\u015fa \u00e7atd\u0131qdan d\u0259rhal sonra Az\u0259rbaycan i\u015f\u011faldan azad olunmu\u015f \u0259razil\u0259rind\u0259 geni\u015fmiqyasl\u0131 b\u0259rpa-quruculuq i\u015fl\u0259rin\u0259 ba\u015flad\u0131. Bu m\u0259qs\u0259dl\u0259 art\u0131q Az\u0259rbaycan b\u00fcdc\u0259sind\u0259n 7 milyard AB\u015e dollar\u0131 h\u0259cmind\u0259 v\u0259sait s\u0259rf edilib. N\u00f6vb\u0259ti il \u0259n az\u0131 2,4 milyard AB\u015e dollar\u0131n\u0131n ayr\u0131laca\u011f\u0131 n\u0259z\u0259rd\u0259 tutulur&#8221;.<\/strong><\/p>\n<p><a href=\"https:\/\/Millinews.az\" target=\"_blank\" class=\"kw-link\" rel=\"noopener\">Millinews.az<\/a> x\u0259b\u0259r verir ki, bu fikri Az\u0259rbaycan Prezidenti \u0130lham \u018fliyev T\u00fcrk D\u00f6vl\u0259tl\u0259ri T\u0259\u015fkilat\u0131n\u0131n \u201cT\u00fcrk \u018fsri\u201d \u00e7a\u011f\u0131r\u0131\u015f\u0131 alt\u0131nda noyabr\u0131n 3-d\u0259 Astanada ke\u00e7iril\u0259n 10-cu yubiley Zirv\u0259 g\u00f6r\u00fc\u015f\u00fcnd\u0259 \u00e7\u0131x\u0131\u015f\u0131nda deyib. &#13;\n<\/p>\n<p>B\u00f6y\u00fck Qay\u0131d\u0131\u015f Proqram\u0131n\u0131n icra olundu\u011funu vur\u011fulayan d\u00f6vl\u0259timizin ba\u015f\u00e7\u0131s\u0131 qeyd edib: \u201cArt\u0131q ke\u00e7mi\u015f m\u0259cburi k\u00f6\u00e7k\u00fcnl\u0259r &#8211; bu torpaqlar\u0131n \u0259sl sahibl\u0259ri La\u00e7\u0131n v\u0259 F\u00fczuli \u015f\u0259h\u0259rl\u0259rin\u0259 v\u0259 \u00fc\u00e7 k\u0259nd\u0259 qay\u0131d\u0131b. 2026-c\u0131 ilin sonunad\u0259k Qaraba\u011fa v\u0259 \u015e\u0259rqi Z\u0259ng\u0259zura 140 mind\u0259n art\u0131q insan\u0131n geri d\u00f6nm\u0259si n\u0259z\u0259rd\u0259 tutulur\u201d.<\/p>\n<p>Az\u0259rbaycan Prezidenti F\u00fczuli \u015f\u0259h\u0259rind\u0259 in\u015fas\u0131 ba\u015fa \u00e7atm\u0131\u015f m\u0259kt\u0259b\u0259 g\u00f6r\u0259 \u00d6zb\u0259kistan Prezidenti \u015eavkat Mirziyoyev\u0259 v\u0259 in\u015fa edil\u0259n yarad\u0131c\u0131l\u0131q m\u0259rk\u0259zin\u0259 g\u00f6r\u0259 Qazax\u0131stan Prezidenti Kas\u0131m-Jomart Tokayev\u0259 t\u0259\u015f\u0259kk\u00fcr\u00fcn\u00fc bildir\u0259r\u0259k deyib: \u201cBunlar Az\u0259rbaycan v\u0259 \u00d6zb\u0259kistan, Az\u0259rbaycan v\u0259 Qazax\u0131stan xalqlar\u0131 aras\u0131nda olan dostlu\u011fun v\u0259 qarda\u015fl\u0131\u011f\u0131n t\u0259zah\u00fcr\u00fcd\u00fcr\u201d.&#13;<br \/>\n        &#13;<br \/>\n&#13;<br \/>\n        &#13;<br \/>\n&#13;\n        <\/p>\n<p><noscript><\/p>\n<p>You must enable Javascript on your browser for the site to work optimally and display sections completely.<\/p>\n<p><\/noscript>\t\t&#13;<br \/>\n\t\t&#13;\n    <\/div>\n<p><script type=\"text\/javascript\">jQuery(document).ready(function () {\n(function(d, s, id) {\n    var js, fjs = d.getElementsByTagName(s)[0];\n    if (d.getElementById(id))\n        return;\n    js = d.createElement(s);\n    js.id = id;\n    js.src = \"\/\/connect.facebook.net\/az_AZ\/all.js#xfbml=1&appId=1002485763137712\";\n    fjs.parentNode.insertBefore(js, fjs);\n}(document, 'script', 'facebook-jssdk'));                \n});<\/script><\/p>\n","protected":false},"excerpt":{"rendered":"<p>&#13; &#13; &#8220;\u00dc\u00e7 il \u0259vv\u0259l V\u0259t\u0259n m\u00fcharib\u0259si ba\u015fa \u00e7atd\u0131qdan d\u0259rhal sonra Az\u0259rbaycan i\u015f\u011faldan azad olunmu\u015f \u0259razil\u0259rind\u0259 geni\u015fmiqyasl\u0131 b\u0259rpa-quruculuq i\u015fl\u0259rin\u0259 ba\u015flad\u0131. Bu m\u0259qs\u0259dl\u0259 art\u0131q Az\u0259rbaycan b\u00fcdc\u0259sind\u0259n 7 milyard AB\u015e dollar\u0131 h\u0259cmind\u0259 v\u0259sait s\u0259rf edilib. N\u00f6vb\u0259ti il \u0259n az\u0131 2,4 milyard AB\u015e dollar\u0131n\u0131n ayr\u0131laca\u011f\u0131 n\u0259z\u0259rd\u0259 tutulur&#8221;. Millinews.az x\u0259b\u0259r verir ki, bu fikri Az\u0259rbaycan Prezidenti \u0130lham \u018fliyev T\u00fcrk &hellip;<\/p>\n","protected":false},"author":1,"featured_media":7802,"comment_status":"open","ping_status":"closed","sticky":false,"template":"","format":"standard","meta":{"footnotes":""},"categories":[9],"tags":[],"class_list":["post-7801","post","type-post","status-publish","format-standard","has-post-thumbnail","hentry","category-xeber"],"_links":{"self":[{"href":"https:\/\/millitv.net\/index.php?rest_route=\/wp\/v2\/posts\/7801","targetHints":{"allow":["GET"]}}],"collection":[{"href":"https:\/\/millitv.net\/index.php?rest_route=\/wp\/v2\/posts"}],"about":[{"href":"https:\/\/millitv.net\/index.php?rest_route=\/wp\/v2\/types\/post"}],"author":[{"embeddable":true,"href":"https:\/\/millitv.net\/index.php?rest_route=\/wp\/v2\/users\/1"}],"replies":[{"embeddable":true,"href":"https:\/\/millitv.net\/index.php?rest_route=%2Fwp%2Fv2%2Fcomments&post=7801"}],"version-history":[{"count":0,"href":"https:\/\/millitv.net\/index.php?rest_route=\/wp\/v2\/posts\/7801\/revisions"}],"wp:featuredmedia":[{"embeddable":true,"href":"https:\/\/millitv.net\/index.php?rest_route=\/wp\/v2\/media\/7802"}],"wp:attachment":[{"href":"https:\/\/millitv.net\/index.php?rest_route=%2Fwp%2Fv2%2Fmedia&parent=7801"}],"wp:term":[{"taxonomy":"category","embeddable":true,"href":"https:\/\/millitv.net\/index.php?rest_route=%2Fwp%2Fv2%2Fcategories&post=7801"},{"taxonomy":"post_tag","embeddable":true,"href":"https:\/\/millitv.net\/index.php?rest_route=%2Fwp%2Fv2%2Ftags&post=7801"}],"curies":[{"name":"wp","href":"https:\/\/api.w.org\/{rel}","templated":true}]}}