{"id":7762,"date":"2023-11-02T19:53:51","date_gmt":"2023-11-02T19:53:51","guid":{"rendered":"https:\/\/millinews.az\/xeber\/bayden-bu-halda-israil%C9%99-yardima-veto-qoyacaq\/"},"modified":"2023-11-02T19:53:51","modified_gmt":"2023-11-02T19:53:51","slug":"bayden-bu-halda-israil%C9%99-yardima-veto-qoyacaq","status":"publish","type":"post","link":"https:\/\/millitv.net\/?p=7762","title":{"rendered":"Bayden bu halda \u0130srail\u0259 yard\u0131ma veto qoyacaq"},"content":{"rendered":"<div id=\"maincontent\">&#13;<br \/>\n        &#13;<\/p>\n<p><strong>AB\u015e Konqresi Ukraynaya d\u0259st\u0259yi \u00f6z\u00fcnd\u0259 \u0259ks etdirm\u0259y\u0259n \u0130srail\u0259 yard\u0131m layih\u0259sini t\u0259sdiq ed\u0259rs\u0259, Prezident Co Bayden veto h\u00fcququndan istifad\u0259 ed\u0259c\u0259k.<\/strong><\/p>\n<p><a href=\"https:\/\/Millinews.az\" target=\"_blank\" class=\"kw-link\" rel=\"noopener\">Millinews.az<\/a> x\u0259b\u0259r verir ki, bunu A\u011f Evin Milli T\u0259hl\u00fck\u0259sizlik \u015euras\u0131n\u0131n strateji kommunikasiyalar \u00fczr\u0259 koordinatoru Con Kirbi bildirib. &#13;\n<\/p>\n<p>&#8220;Prezident bunlar\u0131n ham\u0131s\u0131n\u0131n n\u0259z\u0259r\u0259 al\u0131nmas\u0131n\u0131, Konqres t\u0259r\u0259find\u0259n eyni zamanda h\u0259r\u0259k\u0259t\u0259 ke\u00e7m\u0259sini ist\u0259yir&#8221;, &#8211; Kirbi qeyd edib.&#13;<br \/>\n        &#13;<br \/>\n&#13;<br \/>\n        &#13;<br \/>\n&#13;\n        <\/p>\n<p><noscript><\/p>\n<p>You must enable Javascript on your browser for the site to work optimally and display sections completely.<\/p>\n<p><\/noscript>\t\t&#13;<br \/>\n\t\t&#13;\n    <\/div>\n<p><script type=\"text\/javascript\">jQuery(document).ready(function () {\n(function(d, s, id) {\n    var js, fjs = d.getElementsByTagName(s)[0];\n    if (d.getElementById(id))\n        return;\n    js = d.createElement(s);\n    js.id = id;\n    js.src = \"\/\/connect.facebook.net\/az_AZ\/all.js#xfbml=1&appId=1002485763137712\";\n    fjs.parentNode.insertBefore(js, fjs);\n}(document, 'script', 'facebook-jssdk'));                \n});<\/script><\/p>\n","protected":false},"excerpt":{"rendered":"<p>&#13; &#13; AB\u015e Konqresi Ukraynaya d\u0259st\u0259yi \u00f6z\u00fcnd\u0259 \u0259ks etdirm\u0259y\u0259n \u0130srail\u0259 yard\u0131m layih\u0259sini t\u0259sdiq ed\u0259rs\u0259, Prezident Co Bayden veto h\u00fcququndan istifad\u0259 ed\u0259c\u0259k. Millinews.az x\u0259b\u0259r verir ki, bunu A\u011f Evin Milli T\u0259hl\u00fck\u0259sizlik \u015euras\u0131n\u0131n strateji kommunikasiyalar \u00fczr\u0259 koordinatoru Con Kirbi bildirib. &#13; &#8220;Prezident bunlar\u0131n ham\u0131s\u0131n\u0131n n\u0259z\u0259r\u0259 al\u0131nmas\u0131n\u0131, Konqres t\u0259r\u0259find\u0259n eyni zamanda h\u0259r\u0259k\u0259t\u0259 ke\u00e7m\u0259sini ist\u0259yir&#8221;, &#8211; Kirbi qeyd edib.&#13; &hellip;<\/p>\n","protected":false},"author":1,"featured_media":7763,"comment_status":"open","ping_status":"closed","sticky":false,"template":"","format":"standard","meta":{"footnotes":""},"categories":[9],"tags":[],"class_list":["post-7762","post","type-post","status-publish","format-standard","has-post-thumbnail","hentry","category-xeber"],"_links":{"self":[{"href":"https:\/\/millitv.net\/index.php?rest_route=\/wp\/v2\/posts\/7762","targetHints":{"allow":["GET"]}}],"collection":[{"href":"https:\/\/millitv.net\/index.php?rest_route=\/wp\/v2\/posts"}],"about":[{"href":"https:\/\/millitv.net\/index.php?rest_route=\/wp\/v2\/types\/post"}],"author":[{"embeddable":true,"href":"https:\/\/millitv.net\/index.php?rest_route=\/wp\/v2\/users\/1"}],"replies":[{"embeddable":true,"href":"https:\/\/millitv.net\/index.php?rest_route=%2Fwp%2Fv2%2Fcomments&post=7762"}],"version-history":[{"count":0,"href":"https:\/\/millitv.net\/index.php?rest_route=\/wp\/v2\/posts\/7762\/revisions"}],"wp:featuredmedia":[{"embeddable":true,"href":"https:\/\/millitv.net\/index.php?rest_route=\/wp\/v2\/media\/7763"}],"wp:attachment":[{"href":"https:\/\/millitv.net\/index.php?rest_route=%2Fwp%2Fv2%2Fmedia&parent=7762"}],"wp:term":[{"taxonomy":"category","embeddable":true,"href":"https:\/\/millitv.net\/index.php?rest_route=%2Fwp%2Fv2%2Fcategories&post=7762"},{"taxonomy":"post_tag","embeddable":true,"href":"https:\/\/millitv.net\/index.php?rest_route=%2Fwp%2Fv2%2Ftags&post=7762"}],"curies":[{"name":"wp","href":"https:\/\/api.w.org\/{rel}","templated":true}]}}