{"id":7754,"date":"2023-11-02T19:07:53","date_gmt":"2023-11-02T19:07:53","guid":{"rendered":"https:\/\/millinews.az\/xeber\/az%C9%99rbaycan-xin-d%C9%99n-abs-r%C9%99smil%C9%99rinin-az%C9%99rbaycan-%C9%99leyhin%C9%99-b%C9%99yanatlarina-cavab\/"},"modified":"2023-11-02T19:07:53","modified_gmt":"2023-11-02T19:07:53","slug":"az%C9%99rbaycan-xin-d%C9%99n-abs-r%C9%99smil%C9%99rinin-az%C9%99rbaycan-%C9%99leyhin%C9%99-b%C9%99yanatlarina-cavab","status":"publish","type":"post","link":"https:\/\/millitv.net\/?p=7754","title":{"rendered":"Az\u0259rbaycan X\u0130N-d\u0259n AB\u015e r\u0259smil\u0259rinin Az\u0259rbaycan \u0259leyhin\u0259 b\u0259yanatlar\u0131na CAVAB"},"content":{"rendered":"<div id=\"maincontent\">&#13;<br \/>\n        &#13;<\/p>\n<p><strong>Xarici \u0130\u015fl\u0259r Nazirliyinin m\u0259tbuat katibi Ayxan Hac\u0131zad\u0259nin AB\u015e D\u00f6vl\u0259t Departamenti r\u0259smil\u0259rinin Az\u0259rbaycan \u0259leyhin\u0259 b\u0259yanatlar\u0131na cavab\u0131 verib.<\/strong><\/p>\n<p>X\u0130N-d\u0259n <a href=\"https:\/\/Millinews.az\" target=\"_blank\" class=\"kw-link\" rel=\"noopener\">Millinews.az<\/a>-a veril\u0259n m\u0259lumata g\u00f6r\u0259, 31 oktyabr 2023-c\u00fc il tarixind\u0259 Senat\u0131n T\u0259xsisatlar Komit\u0259sind\u0259 \u00e7\u0131x\u0131\u015f\u0131 zaman\u0131 AB\u015e d\u00f6vl\u0259t katibi Antoni Blinken dig\u0259r m\u0259s\u0259l\u0259l\u0259rl\u0259 yana\u015f\u0131 m\u00fcnaqi\u015f\u0259 n\u0259tic\u0259sind\u0259 Erm\u0259nistanda yaranm\u0131\u015f a\u011f\u0131r humanitar ehtiyaclar\u0131n h\u0259lli \u00fc\u00e7\u00fcn \u0259lav\u0259 maliyy\u0259y\u0259 ehtiyac oldu\u011funu bildirib, daha sonra is\u0259 2 noyabr 2023-c\u00fc il tarixind\u0259 D\u00f6vl\u0259t Departamenti \u201cAmerikan\u0131n S\u0259si\u201d x\u0259b\u0259r agentliyinin sual\u0131na cavab olaraq vur\u011fulay\u0131b ki, AB\u015e Erm\u0259nistan\u0131n suverenliyini v\u0259 \u0259razi b\u00fct\u00f6vl\u00fcy\u00fcn\u00fc q\u0259ti \u015f\u0259kild\u0259 d\u0259st\u0259kl\u0259yir, bu suverenliyin v\u0259 \u0259razi b\u00fct\u00f6vl\u00fcy\u00fcn\u00fcn ist\u0259nil\u0259n \u015f\u0259kild\u0259 pozulmas\u0131 ciddi n\u0259tic\u0259l\u0259r\u0259 g\u0259tirib \u00e7\u0131xaracaq. &#13;\n<\/p>\n<p>Bununla ba\u011fl\u0131 Ayxan Hac\u0131zad\u0259 qeyd edib ki, t\u0259\u0259ss\u00fcfl\u0259r olsun ki, AB\u015e onillikl\u0259r \u0259rzind\u0259 vasit\u0259\u00e7i olsa da, Az\u0259rbaycan\u0131n suverenliyinin v\u0259 \u0259razi b\u00fct\u00f6vl\u00fcy\u00fcn\u00fcn d\u0259st\u0259kl\u0259nm\u0259sini, Erm\u0259nistan t\u0259r\u0259find\u0259n h\u0259yata ke\u00e7iril\u0259n etnik t\u0259mizl\u0259nm\u0259nin qurban\u0131 olmu\u015f az\u0259rbaycanl\u0131 qa\u00e7q\u0131n v\u0259 m\u0259cburi k\u00f6\u00e7k\u00fcnl\u0259r\u0259 humanitar yard\u0131m g\u00f6st\u0259rilm\u0259si m\u0259s\u0259l\u0259sini he\u00e7 zaman bu q\u0259d\u0259r q\u0259tiyy\u0259tl\u0259 t\u0259\u015fviq etm\u0259yib:<\/p>\n<p>&#8220;Bununla yana\u015f\u0131, AB\u015e beyn\u0259lxalq \u00f6hd\u0259likl\u0259r\u0259 uy\u011fun olaraq, o c\u00fcml\u0259d\u0259n BMT T\u0259hl\u00fck\u0259sizlik \u015euras\u0131n\u0131n 4 q\u0259tnam\u0259si \u00e7\u0259r\u00e7iv\u0259sind\u0259 Az\u0259rbaycan \u0259razil\u0259rinin i\u015f\u011faldan azad edilm\u0259sin\u0259, Erm\u0259nistan silahl\u0131 q\u00fcvv\u0259l\u0259rinin \u00e7\u0131xar\u0131lmas\u0131na, o c\u00fcml\u0259d\u0259n erm\u0259ni qondarma rejiminin l\u0259\u011fvin\u0259 he\u00e7 vaxt \u00e7a\u011f\u0131r\u0131\u015f etm\u0259yib.<\/p>\n<p>\u018fksin\u0259, AB\u015e Erm\u0259nistan\u0131 yanl\u0131\u015f istiqam\u0259t\u0259 y\u00f6n\u0259ldib, separat\u00e7\u0131lar\u0131n qeyri-qanuni f\u0259aliyy\u0259tinin m\u00fcdafi\u0259si m\u0259qs\u0259dil\u0259 AB\u015e-a s\u0259f\u0259r etm\u0259l\u0259ri \u00fc\u00e7\u00fcn imkanlar yaratmaqla v\u0259 maliyy\u0259 v\u0259saiti ay\u0131rmaqla Az\u0259rbaycan \u0259razil\u0259rind\u0259 qanunsuz rejimin saxlan\u0131lmas\u0131na d\u0259st\u0259k verib.<\/p>\n<p>\u018fg\u0259r AB\u015e Az\u0259rbaycana, habel\u0259 beyn\u0259lxalq s\u00fclh v\u0259 t\u0259hl\u00fck\u0259sizliy\u0259 qar\u015f\u0131 t\u0259hdidl\u0259r\u0259 f\u0259rqli m\u00fcnasib\u0259t g\u00f6st\u0259rs\u0259ydi Az\u0259rbaycana qar\u015f\u0131 t\u0259hdidl\u0259rin g\u00fcc yolu il\u0259 h\u0259llin\u0259 ehtiyac qalmazd\u0131 v\u0259 m\u0259s\u0259l\u0259 s\u00fclh yolu il\u0259 h\u0259ll olunard\u0131. M\u0259hz AB\u015e-\u0131n da i\u015ftirak etdiyi vasit\u0259\u00e7ilik c\u0259hdl\u0259rinin n\u0259tic\u0259 verm\u0259m\u0259si v\u0259 Erm\u0259nistan\u0131n i\u015f\u011fal\u00e7\u0131 siyas\u0259tinin qar\u015f\u0131s\u0131n\u0131n al\u0131nmamas\u0131 Az\u0259rbaycan\u0131 \u00f6z torpaqlar\u0131n\u0131 h\u0259rbi yolla azad etm\u0259y\u0259 s\u00f6vq edib. Buna g\u00f6r\u0259 d\u0259, dig\u0259r faktlarla yana\u015f\u0131, AB\u015e da ke\u00e7mi\u015f m\u00fcnaqi\u015f\u0259nin s\u00fclh yolu il\u0259 h\u0259lli istiqam\u0259tind\u0259 f\u0259aliyy\u0259tsizliyin\u0259 g\u00f6r\u0259 m\u0259suliyy\u0259t da\u015f\u0131y\u0131r.<\/p>\n<p>S\u00fclh\u00fcn v\u0259 sabitliyin t\u0259min edilm\u0259si qar\u015f\u0131s\u0131nda \u0259sas mane\u0259 olan t\u0259cav\u00fczkar d\u00f6vl\u0259t Erm\u0259nistan\u0131 regionumuzda c\u0259sar\u0259tl\u0259ndirm\u0259k siyas\u0259tin\u0259 son qoyulmas\u0131 vacibdir.<\/p>\n<p>Az\u0259rbaycanla t\u0259hdid dili il\u0259 dan\u0131\u015fmaq q\u0259buledilm\u0259zdir. Az\u0259rbaycana qar\u015f\u0131 h\u0259r hans\u0131 qeyri-dost h\u0259r\u0259k\u0259t m\u00fcsb\u0259t n\u0259tic\u0259 verm\u0259y\u0259c\u0259k v\u0259 bu c\u00fcr h\u0259r\u0259k\u0259tl\u0259r\u0259 adekvat cavab veril\u0259c\u0259k&#8221;.&#13;<br \/>\n        &#13;<br \/>\n&#13;<br \/>\n        &#13;<br \/>\n&#13;\n        <\/p>\n<p><noscript><\/p>\n<p>You must enable Javascript on your browser for the site to work optimally and display sections completely.<\/p>\n<p><\/noscript>\t\t&#13;<br \/>\n\t\t&#13;\n    <\/div>\n<p><script type=\"text\/javascript\">jQuery(document).ready(function () {\n(function(d, s, id) {\n    var js, fjs = d.getElementsByTagName(s)[0];\n    if (d.getElementById(id))\n        return;\n    js = d.createElement(s);\n    js.id = id;\n    js.src = \"\/\/connect.facebook.net\/az_AZ\/all.js#xfbml=1&appId=1002485763137712\";\n    fjs.parentNode.insertBefore(js, fjs);\n}(document, 'script', 'facebook-jssdk'));                \n});<\/script><\/p>\n","protected":false},"excerpt":{"rendered":"<p>&#13; &#13; Xarici \u0130\u015fl\u0259r Nazirliyinin m\u0259tbuat katibi Ayxan Hac\u0131zad\u0259nin AB\u015e D\u00f6vl\u0259t Departamenti r\u0259smil\u0259rinin Az\u0259rbaycan \u0259leyhin\u0259 b\u0259yanatlar\u0131na cavab\u0131 verib. X\u0130N-d\u0259n Millinews.az-a veril\u0259n m\u0259lumata g\u00f6r\u0259, 31 oktyabr 2023-c\u00fc il tarixind\u0259 Senat\u0131n T\u0259xsisatlar Komit\u0259sind\u0259 \u00e7\u0131x\u0131\u015f\u0131 zaman\u0131 AB\u015e d\u00f6vl\u0259t katibi Antoni Blinken dig\u0259r m\u0259s\u0259l\u0259l\u0259rl\u0259 yana\u015f\u0131 m\u00fcnaqi\u015f\u0259 n\u0259tic\u0259sind\u0259 Erm\u0259nistanda yaranm\u0131\u015f a\u011f\u0131r humanitar ehtiyaclar\u0131n h\u0259lli \u00fc\u00e7\u00fcn \u0259lav\u0259 maliyy\u0259y\u0259 ehtiyac oldu\u011funu bildirib, &hellip;<\/p>\n","protected":false},"author":1,"featured_media":7679,"comment_status":"open","ping_status":"closed","sticky":false,"template":"","format":"standard","meta":{"footnotes":""},"categories":[9],"tags":[],"class_list":["post-7754","post","type-post","status-publish","format-standard","has-post-thumbnail","hentry","category-xeber"],"_links":{"self":[{"href":"https:\/\/millitv.net\/index.php?rest_route=\/wp\/v2\/posts\/7754","targetHints":{"allow":["GET"]}}],"collection":[{"href":"https:\/\/millitv.net\/index.php?rest_route=\/wp\/v2\/posts"}],"about":[{"href":"https:\/\/millitv.net\/index.php?rest_route=\/wp\/v2\/types\/post"}],"author":[{"embeddable":true,"href":"https:\/\/millitv.net\/index.php?rest_route=\/wp\/v2\/users\/1"}],"replies":[{"embeddable":true,"href":"https:\/\/millitv.net\/index.php?rest_route=%2Fwp%2Fv2%2Fcomments&post=7754"}],"version-history":[{"count":0,"href":"https:\/\/millitv.net\/index.php?rest_route=\/wp\/v2\/posts\/7754\/revisions"}],"wp:featuredmedia":[{"embeddable":true,"href":"https:\/\/millitv.net\/index.php?rest_route=\/wp\/v2\/media\/7679"}],"wp:attachment":[{"href":"https:\/\/millitv.net\/index.php?rest_route=%2Fwp%2Fv2%2Fmedia&parent=7754"}],"wp:term":[{"taxonomy":"category","embeddable":true,"href":"https:\/\/millitv.net\/index.php?rest_route=%2Fwp%2Fv2%2Fcategories&post=7754"},{"taxonomy":"post_tag","embeddable":true,"href":"https:\/\/millitv.net\/index.php?rest_route=%2Fwp%2Fv2%2Ftags&post=7754"}],"curies":[{"name":"wp","href":"https:\/\/api.w.org\/{rel}","templated":true}]}}