{"id":7723,"date":"2023-11-02T16:51:26","date_gmt":"2023-11-02T16:51:26","guid":{"rendered":"https:\/\/millinews.az\/xeber\/hakan-fidan-ai-ni-ikili-standartlara-gor%C9%99-tenqid-etdi\/"},"modified":"2023-11-02T16:51:26","modified_gmt":"2023-11-02T16:51:26","slug":"hakan-fidan-ai-ni-ikili-standartlara-gor%C9%99-tenqid-etdi","status":"publish","type":"post","link":"https:\/\/millitv.net\/?p=7723","title":{"rendered":"Hakan Fidan A\u0130-ni ikili standartlara g\u00f6r\u0259 T\u018fNQ\u0130D ETD\u0130"},"content":{"rendered":"<p><img decoding=\"async\" src=\"https:\/\/Millinews.az\/storage\/2023\/07\/13\/1689192948_hakan-fidan-aa-2072620_2-1.jpg\" alt=\"\" title=\"\"><\/p>\n<div id=\"mvp-content-main\">\n<p><strong>&#8220;Avropa \u0130ttifaq\u0131 (A\u0130) Ukrayna v\u0259 F\u0259l\u0259stin\u0259 qar\u015f\u0131 ikili standartlar n\u00fcmayi\u015f etdirir&#8221;. <\/strong><\/p>\n<p><strong><a target=\"_blank\" href=\"https:\/\/Millinews.az\" rel=\"noopener\">Millinews.az<\/a> <\/strong>&#8220;R\u0130A Novosti&#8221;y\u0259 istinadla x\u0259b\u0259r verir ki, bunu T\u00fcrkiy\u0259nin xarici i\u015fl\u0259r naziri Hakan Fidan Berlind\u0259 qapal\u0131 g\u00f6r\u00fc\u015f zaman\u0131 deyib.<\/p>\n<p>&#8220;S\u00f6z azadl\u0131\u011f\u0131 ad\u0131 alt\u0131nda m\u00fcq\u0259dd\u0259s kitab\u0131m\u0131z Qurani-K\u0259rim\u0259 h\u00fccumlara icaz\u0259 ver\u0259nl\u0259r F\u0259l\u0259stind\u0259ki v\u0259ziyy\u0259t\u0259 etiraz etm\u0259k ist\u0259y\u0259nl\u0259rin qar\u015f\u0131s\u0131n\u0131 al\u0131rlar. Bu, q\u0259buledilm\u0259z ikili standartd\u0131r. Nazir h\u0259m\u00e7inin A\u0130-nin Q\u0259zza v\u0259 Ukraynadak\u0131 m\u00fclki \u015f\u0259xsl\u0259r\u0259 qar\u015f\u0131 ikili standartlar siyas\u0259tini k\u0259skin t\u0259nqid edib\u201d, &#8211; dey\u0259 diplomatik m\u0259nb\u0259 bildirib.<\/p>\n<p>Bundan \u0259lav\u0259, Fidan\u0131n dan\u0131\u015f\u0131qlar prosesind\u0259 konkret d\u00f6vl\u0259tl\u0259rin eqoist maraqlar\u0131na uy\u011fun istifad\u0259 etm\u0259d\u0259n, q\u0259r\u0259zsiz i\u015ftirak\u0131n vacibliyini vur\u011fulad\u0131\u011f\u0131 bildirilir.<\/p>\n<p>Bundan \u0259vv\u0259l T\u00fcrkiy\u0259 prezidenti R\u0259c\u0259b Tayyib \u018frdo\u011fan Nazirl\u0259r Kabinetinin iclas\u0131ndan sonra xalqa m\u00fcraci\u0259t ed\u0259rk\u0259n, \u0130srailin Q\u0259zza zola\u011f\u0131ndak\u0131 h\u0259r\u0259k\u0259tl\u0259rini d\u0259st\u0259kl\u0259y\u0259n \u00f6lk\u0259l\u0259ri t\u0259nqid edib.<\/p>\n<p><strong>H\u00fcseyn \u0130badll\u0131<\/strong><\/p>\n<\/p><\/div>\n<p><script>\n        (function (d, s, id) {\n            var js, fjs = d.getElementsByTagName(s)[0];\n            if (d.getElementById(id)) return;\n            js = d.createElement(s);\n            js.id = id;\n            js.src = \"\/\/connect.facebook.net\/az_AZ\/sdk.js#xfbml=1&version=v2.7&appId=\";\n            fjs.parentNode.insertBefore(js, fjs);\n        }(document, 'script', 'facebook-jssdk'));\n    <\/script><\/p>\n","protected":false},"excerpt":{"rendered":"<p>&#8220;Avropa \u0130ttifaq\u0131 (A\u0130) Ukrayna v\u0259 F\u0259l\u0259stin\u0259 qar\u015f\u0131 ikili standartlar n\u00fcmayi\u015f etdirir&#8221;. Millinews.az &#8220;R\u0130A Novosti&#8221;y\u0259 istinadla x\u0259b\u0259r verir ki, bunu T\u00fcrkiy\u0259nin xarici i\u015fl\u0259r naziri Hakan Fidan Berlind\u0259 qapal\u0131 g\u00f6r\u00fc\u015f zaman\u0131 deyib. &#8220;S\u00f6z azadl\u0131\u011f\u0131 ad\u0131 alt\u0131nda m\u00fcq\u0259dd\u0259s kitab\u0131m\u0131z Qurani-K\u0259rim\u0259 h\u00fccumlara icaz\u0259 ver\u0259nl\u0259r F\u0259l\u0259stind\u0259ki v\u0259ziyy\u0259t\u0259 etiraz etm\u0259k ist\u0259y\u0259nl\u0259rin qar\u015f\u0131s\u0131n\u0131 al\u0131rlar. Bu, q\u0259buledilm\u0259z ikili standartd\u0131r. Nazir h\u0259m\u00e7inin A\u0130-nin Q\u0259zza &hellip;<\/p>\n","protected":false},"author":1,"featured_media":7724,"comment_status":"open","ping_status":"closed","sticky":false,"template":"","format":"standard","meta":{"footnotes":""},"categories":[9],"tags":[],"class_list":["post-7723","post","type-post","status-publish","format-standard","has-post-thumbnail","hentry","category-xeber"],"_links":{"self":[{"href":"https:\/\/millitv.net\/index.php?rest_route=\/wp\/v2\/posts\/7723","targetHints":{"allow":["GET"]}}],"collection":[{"href":"https:\/\/millitv.net\/index.php?rest_route=\/wp\/v2\/posts"}],"about":[{"href":"https:\/\/millitv.net\/index.php?rest_route=\/wp\/v2\/types\/post"}],"author":[{"embeddable":true,"href":"https:\/\/millitv.net\/index.php?rest_route=\/wp\/v2\/users\/1"}],"replies":[{"embeddable":true,"href":"https:\/\/millitv.net\/index.php?rest_route=%2Fwp%2Fv2%2Fcomments&post=7723"}],"version-history":[{"count":0,"href":"https:\/\/millitv.net\/index.php?rest_route=\/wp\/v2\/posts\/7723\/revisions"}],"wp:featuredmedia":[{"embeddable":true,"href":"https:\/\/millitv.net\/index.php?rest_route=\/wp\/v2\/media\/7724"}],"wp:attachment":[{"href":"https:\/\/millitv.net\/index.php?rest_route=%2Fwp%2Fv2%2Fmedia&parent=7723"}],"wp:term":[{"taxonomy":"category","embeddable":true,"href":"https:\/\/millitv.net\/index.php?rest_route=%2Fwp%2Fv2%2Fcategories&post=7723"},{"taxonomy":"post_tag","embeddable":true,"href":"https:\/\/millitv.net\/index.php?rest_route=%2Fwp%2Fv2%2Ftags&post=7723"}],"curies":[{"name":"wp","href":"https:\/\/api.w.org\/{rel}","templated":true}]}}