{"id":7656,"date":"2023-11-02T13:09:57","date_gmt":"2023-11-02T13:09:57","guid":{"rendered":"https:\/\/millinews.az\/xeber\/axtarisda-olan-s%C9%99xs-turkiy%C9%99y%C9%99-t%C9%99hvil-verildi\/"},"modified":"2023-11-02T13:09:57","modified_gmt":"2023-11-02T13:09:57","slug":"axtarisda-olan-s%C9%99xs-turkiy%C9%99y%C9%99-t%C9%99hvil-verildi","status":"publish","type":"post","link":"https:\/\/millitv.net\/?p=7656","title":{"rendered":"Axtar\u0131\u015fda olan \u015f\u0259xs T\u00fcrkiy\u0259y\u0259 t\u0259hvil verildi"},"content":{"rendered":"<p><img decoding=\"async\" src=\"https:\/\/Millinews.az\/storage\/2023\/08\/10\/hebs.jpg\" alt=\"\" title=\"\"><\/p>\n<div id=\"mvp-content-main\">\n<p><strong>T\u00fcrkiy\u0259nin \u0130nterpol x\u0259tti il\u0259 beyn\u0259lxalq axtar\u0131\u015fa verdiyi \u015eeniz Dervi\u015fo\u011flu Az\u0259rbaycanda saxlan\u0131l\u0131b v\u0259 qarda\u015f \u00f6lk\u0259y\u0259 ekstradisiya olunub.<\/strong><\/p>\n<p><strong><a target=\"_blank\" href=\"https:\/\/Millinews.az\" rel=\"noopener\">Millinews.az<\/a><\/strong> x\u0259b\u0259r verir ki, o, qanunsuz silah saxlamaqda, silah mafiyas\u0131 il\u0259 \u0259m\u0259kda\u015fl\u0131qda, m\u00fct\u0259\u015f\u0259kkil cinay\u0259tkar qrup yaratmaqda t\u0259qsirl\u0259ndirilir.<\/p>\n<p>T\u00fcrkiy\u0259 v\u0259t\u0259nda\u015f\u0131 olan \u015e.Dervi\u015fo\u011flunun g\u00fcnah\u0131 s\u00fcbuta yetiril\u0259rs\u0259, onu 12 il\u0259d\u0259k h\u0259bs c\u0259zas\u0131 g\u00f6zl\u0259yir.<\/p>\n<p>Qeyd ed\u0259k ki, T\u00fcrkiy\u0259 m\u0259hk\u0259m\u0259si \u015e.Dervi\u015fo\u011flu haqq\u0131nda bir ne\u00e7\u0259 d\u0259f\u0259 qiyabi h\u0259bs q\u0259rar\u0131 \u00e7\u0131xar\u0131b. O, 2018-ci ild\u0259 G\u00fcrc\u00fcstandan T\u00fcrkiy\u0259y\u0259 ekstradisiya olunub, 2020-ci ild\u0259 h\u0259bsd\u0259n burax\u0131l\u0131b. Bir m\u00fcdd\u0259t sonra yenid\u0259n axtar\u0131\u015fa verilib.<\/p>\n<\/p><\/div>\n<p><script>\n        (function (d, s, id) {\n            var js, fjs = d.getElementsByTagName(s)[0];\n            if (d.getElementById(id)) return;\n            js = d.createElement(s);\n            js.id = id;\n            js.src = \"\/\/connect.facebook.net\/az_AZ\/sdk.js#xfbml=1&version=v2.7&appId=\";\n            fjs.parentNode.insertBefore(js, fjs);\n        }(document, 'script', 'facebook-jssdk'));\n    <\/script><\/p>\n","protected":false},"excerpt":{"rendered":"<p>T\u00fcrkiy\u0259nin \u0130nterpol x\u0259tti il\u0259 beyn\u0259lxalq axtar\u0131\u015fa verdiyi \u015eeniz Dervi\u015fo\u011flu Az\u0259rbaycanda saxlan\u0131l\u0131b v\u0259 qarda\u015f \u00f6lk\u0259y\u0259 ekstradisiya olunub. Millinews.az x\u0259b\u0259r verir ki, o, qanunsuz silah saxlamaqda, silah mafiyas\u0131 il\u0259 \u0259m\u0259kda\u015fl\u0131qda, m\u00fct\u0259\u015f\u0259kkil cinay\u0259tkar qrup yaratmaqda t\u0259qsirl\u0259ndirilir. T\u00fcrkiy\u0259 v\u0259t\u0259nda\u015f\u0131 olan \u015e.Dervi\u015fo\u011flunun g\u00fcnah\u0131 s\u00fcbuta yetiril\u0259rs\u0259, onu 12 il\u0259d\u0259k h\u0259bs c\u0259zas\u0131 g\u00f6zl\u0259yir. Qeyd ed\u0259k ki, T\u00fcrkiy\u0259 m\u0259hk\u0259m\u0259si \u015e.Dervi\u015fo\u011flu haqq\u0131nda bir ne\u00e7\u0259 &hellip;<\/p>\n","protected":false},"author":1,"featured_media":7657,"comment_status":"open","ping_status":"closed","sticky":false,"template":"","format":"standard","meta":{"footnotes":""},"categories":[9],"tags":[],"class_list":["post-7656","post","type-post","status-publish","format-standard","has-post-thumbnail","hentry","category-xeber"],"_links":{"self":[{"href":"https:\/\/millitv.net\/index.php?rest_route=\/wp\/v2\/posts\/7656","targetHints":{"allow":["GET"]}}],"collection":[{"href":"https:\/\/millitv.net\/index.php?rest_route=\/wp\/v2\/posts"}],"about":[{"href":"https:\/\/millitv.net\/index.php?rest_route=\/wp\/v2\/types\/post"}],"author":[{"embeddable":true,"href":"https:\/\/millitv.net\/index.php?rest_route=\/wp\/v2\/users\/1"}],"replies":[{"embeddable":true,"href":"https:\/\/millitv.net\/index.php?rest_route=%2Fwp%2Fv2%2Fcomments&post=7656"}],"version-history":[{"count":0,"href":"https:\/\/millitv.net\/index.php?rest_route=\/wp\/v2\/posts\/7656\/revisions"}],"wp:featuredmedia":[{"embeddable":true,"href":"https:\/\/millitv.net\/index.php?rest_route=\/wp\/v2\/media\/7657"}],"wp:attachment":[{"href":"https:\/\/millitv.net\/index.php?rest_route=%2Fwp%2Fv2%2Fmedia&parent=7656"}],"wp:term":[{"taxonomy":"category","embeddable":true,"href":"https:\/\/millitv.net\/index.php?rest_route=%2Fwp%2Fv2%2Fcategories&post=7656"},{"taxonomy":"post_tag","embeddable":true,"href":"https:\/\/millitv.net\/index.php?rest_route=%2Fwp%2Fv2%2Ftags&post=7656"}],"curies":[{"name":"wp","href":"https:\/\/api.w.org\/{rel}","templated":true}]}}