{"id":7650,"date":"2023-11-02T12:54:22","date_gmt":"2023-11-02T12:54:22","guid":{"rendered":"https:\/\/millinews.az\/xeber\/ai-nin-genisl%C9%99nm%C9%99si-geosiyasi-sansdir-almaniya\/"},"modified":"2023-11-02T12:54:22","modified_gmt":"2023-11-02T12:54:22","slug":"ai-nin-genisl%C9%99nm%C9%99si-geosiyasi-sansdir-almaniya","status":"publish","type":"post","link":"https:\/\/millitv.net\/?p=7650","title":{"rendered":"A\u0130-nin geni\u015fl\u0259nm\u0259si geosiyasi \u015fansd\u0131r &#8211; Almaniya"},"content":{"rendered":"<p><img decoding=\"async\" src=\"https:\/\/Millinews.az\/storage\/2017\/02\/05\/avropa_ittifaqi_000.jpg\" alt=\"\" title=\"\"><\/p>\n<div id=\"mvp-content-main\">\n<p><strong>Avropa \u0130ttifaq\u0131n\u0131n (A\u0130) geni\u015fl\u0259nm\u0259si geosiyasi z\u0259rur\u0259tdir. <\/strong><\/p>\n<p><strong><a target=\"_blank\" href=\"https:\/\/Millinews.az\" rel=\"noopener\">Millinews.az<\/a><\/strong> x\u0259b\u0259r verir ki, bunu Almaniyan\u0131n xarici i\u015fl\u0259r naziri Annalena Berbok deyib.<\/p>\n<p>\u201cBirliyimizin geni\u015fl\u0259ndirilm\u0259si geosiyasi z\u0259rur\u0259tdir. Amma eyni zamanda, bu, A\u0130 \u00fc\u00e7\u00fcn d\u0259 geosiyasi \u015fansd\u0131r\u201d, &#8211; dey\u0259n diplomat, avropal\u0131lar\u0131n Ukrayna m\u00fcnaqi\u015f\u0259sinin \u201cgeosiyasi n\u0259tic\u0259si\u201d olan bu m\u0259s\u0259l\u0259d\u0259 yekdil oldu\u011funu qeyd edib.<\/p>\n<p>Sentyabr ay\u0131nda Avropa Komissiyas\u0131n\u0131n (AK) r\u0259hb\u0259ri Ursula von der Leyen A\u0130-nin geni\u015fl\u0259nm\u0259si \u00fc\u00e7\u00fcn siyas\u0259t v\u0259 institusional islahatlara haz\u0131rl\u0131qlara ba\u015flan\u0131ld\u0131\u011f\u0131n\u0131 bildirib. O, h\u0259m\u00e7inin \u0259lav\u0259 edib ki, Avropa \u0130ttifaq\u0131n\u0131n yeni geni\u015fl\u0259nm\u0259si t\u0259kc\u0259 \u201ctarixin \u00e7a\u011f\u0131r\u0131\u015f\u0131\u201d deyil, h\u0259m d\u0259 \u201cgeosiyasi z\u0259rur\u0259t\u201ddir.<\/p>\n<p>Tural<\/p>\n<\/p><\/div>\n<p><script>\n        (function (d, s, id) {\n            var js, fjs = d.getElementsByTagName(s)[0];\n            if (d.getElementById(id)) return;\n            js = d.createElement(s);\n            js.id = id;\n            js.src = \"\/\/connect.facebook.net\/az_AZ\/sdk.js#xfbml=1&version=v2.7&appId=\";\n            fjs.parentNode.insertBefore(js, fjs);\n        }(document, 'script', 'facebook-jssdk'));\n    <\/script><\/p>\n","protected":false},"excerpt":{"rendered":"<p>Avropa \u0130ttifaq\u0131n\u0131n (A\u0130) geni\u015fl\u0259nm\u0259si geosiyasi z\u0259rur\u0259tdir. Millinews.az x\u0259b\u0259r verir ki, bunu Almaniyan\u0131n xarici i\u015fl\u0259r naziri Annalena Berbok deyib. \u201cBirliyimizin geni\u015fl\u0259ndirilm\u0259si geosiyasi z\u0259rur\u0259tdir. Amma eyni zamanda, bu, A\u0130 \u00fc\u00e7\u00fcn d\u0259 geosiyasi \u015fansd\u0131r\u201d, &#8211; dey\u0259n diplomat, avropal\u0131lar\u0131n Ukrayna m\u00fcnaqi\u015f\u0259sinin \u201cgeosiyasi n\u0259tic\u0259si\u201d olan bu m\u0259s\u0259l\u0259d\u0259 yekdil oldu\u011funu qeyd edib. Sentyabr ay\u0131nda Avropa Komissiyas\u0131n\u0131n (AK) r\u0259hb\u0259ri Ursula von der &hellip;<\/p>\n","protected":false},"author":1,"featured_media":7651,"comment_status":"open","ping_status":"closed","sticky":false,"template":"","format":"standard","meta":{"footnotes":""},"categories":[9],"tags":[],"class_list":["post-7650","post","type-post","status-publish","format-standard","has-post-thumbnail","hentry","category-xeber"],"_links":{"self":[{"href":"https:\/\/millitv.net\/index.php?rest_route=\/wp\/v2\/posts\/7650","targetHints":{"allow":["GET"]}}],"collection":[{"href":"https:\/\/millitv.net\/index.php?rest_route=\/wp\/v2\/posts"}],"about":[{"href":"https:\/\/millitv.net\/index.php?rest_route=\/wp\/v2\/types\/post"}],"author":[{"embeddable":true,"href":"https:\/\/millitv.net\/index.php?rest_route=\/wp\/v2\/users\/1"}],"replies":[{"embeddable":true,"href":"https:\/\/millitv.net\/index.php?rest_route=%2Fwp%2Fv2%2Fcomments&post=7650"}],"version-history":[{"count":0,"href":"https:\/\/millitv.net\/index.php?rest_route=\/wp\/v2\/posts\/7650\/revisions"}],"wp:featuredmedia":[{"embeddable":true,"href":"https:\/\/millitv.net\/index.php?rest_route=\/wp\/v2\/media\/7651"}],"wp:attachment":[{"href":"https:\/\/millitv.net\/index.php?rest_route=%2Fwp%2Fv2%2Fmedia&parent=7650"}],"wp:term":[{"taxonomy":"category","embeddable":true,"href":"https:\/\/millitv.net\/index.php?rest_route=%2Fwp%2Fv2%2Fcategories&post=7650"},{"taxonomy":"post_tag","embeddable":true,"href":"https:\/\/millitv.net\/index.php?rest_route=%2Fwp%2Fv2%2Ftags&post=7650"}],"curies":[{"name":"wp","href":"https:\/\/api.w.org\/{rel}","templated":true}]}}