{"id":7630,"date":"2023-11-02T11:58:13","date_gmt":"2023-11-02T11:58:13","guid":{"rendered":"https:\/\/millinews.az\/xeber\/fransanin-ideoloji-h%C9%99r%C9%99k%C9%99tl%C9%99ri-sabitliyi-pozur\/"},"modified":"2023-11-02T11:58:13","modified_gmt":"2023-11-02T11:58:13","slug":"fransanin-ideoloji-h%C9%99r%C9%99k%C9%99tl%C9%99ri-sabitliyi-pozur","status":"publish","type":"post","link":"https:\/\/millitv.net\/?p=7630","title":{"rendered":"Fransan\u0131n ideoloji h\u0259r\u0259k\u0259tl\u0259ri sabitliyi pozur"},"content":{"rendered":"<div id=\"maincontent\">&#13;<br \/>\n        &#13;<\/p>\n<p><strong>Rusiya Xarici \u0130\u015fl\u0259r Nazirliyinin s\u00f6z\u00e7\u00fcs\u00fc Mariya Zaxarova bildirib ki, Fransan\u0131n ideoloji h\u0259r\u0259k\u0259tl\u0259ri d\u00fcnyan\u0131n b\u0259zi \u00f6lk\u0259l\u0259rind\u0259 v\u0259 regionda sabitliyin pozulmas\u0131na g\u0259tirib \u00e7\u0131xar\u0131b. <\/strong><\/p>\n<p><a href=\"https:\/\/Millinews.az\" target=\"_blank\" class=\"kw-link\" rel=\"noopener\">Millinews.az<\/a> x\u0259b\u0259r verir ki, Rusiyan\u0131n \u201cRia\u201d x\u0259b\u0259r agentliyin\u0259 a\u00e7\u0131qlamas\u0131nda Zaxarova Fransa Prezidenti Emmanuel Makronun terror t\u0259\u015fkilatlar\u0131 il\u0259 m\u00fcbariz\u0259 \u00fc\u00e7\u00fcn regional v\u0259 beyn\u0259lxalq koalisiya yaratmaq t\u0259klifini d\u0259y\u0259rl\u0259ndirib. &#13;\n  <\/p>\n<p>Bu t\u0259klifin Yax\u0131n \u015e\u0259rqd\u0259 silahl\u0131 qar\u015f\u0131durmalar\u0131n artmas\u0131na v\u0259 ba\u015fqa \u00f6lk\u0259l\u0259rin d\u0259 m\u0259s\u0259l\u0259y\u0259 qar\u0131\u015fmas\u0131na s\u0259b\u0259b ola bil\u0259c\u0259yini dey\u0259n Zaxarova bildirib ki, Fransa probleml\u0259rin \u0259sas\u0131n\u0131n h\u0259lli \u00fc\u00e7\u00fcn m\u00f6vqe ortaya qoya bilmir.  <\/p>\n<p>&#8220;Parisin ideoloji h\u0259r\u0259k\u0259tl\u0259ri \u00e7ox vaxt \u0259ks effekt verir v\u0259 bu, yaln\u0131z d\u00fcnyan\u0131n b\u0259zi \u00f6lk\u0259l\u0259rind\u0259 v\u0259 regionlarda sabitliyin pozulmas\u0131na g\u0259tirib \u00e7\u0131xar\u0131r. \u018fg\u0259r Fransa h\u0259qiq\u0259t\u0259n d\u0259 regionda at\u0259\u015fk\u0259sin t\u0259tbiqin\u0259 \u00f6z t\u00f6hf\u0259sini verm\u0259k ist\u0259yirs\u0259, bu, b\u00fct\u00f6vl\u00fckd\u0259 regionda s\u00fclh\u00fcn b\u0259rq\u0259rar olmas\u0131 il\u0259 ba\u011fl\u0131 olmal\u0131d\u0131r\u201d \u2013 Zaxarova deyib.&#13;<br \/>\n        &#13;<br \/>\n&#13;<br \/>\n        &#13;<br \/>\n&#13;\n        <\/p>\n<p><noscript><\/p>\n<p>You must enable Javascript on your browser for the site to work optimally and display sections completely.<\/p>\n<p><\/noscript>\t\t&#13;<br \/>\n\t\t&#13;\n    <\/div>\n<p><script type=\"text\/javascript\">jQuery(document).ready(function () {\n(function(d, s, id) {\n    var js, fjs = d.getElementsByTagName(s)[0];\n    if (d.getElementById(id))\n        return;\n    js = d.createElement(s);\n    js.id = id;\n    js.src = \"\/\/connect.facebook.net\/az_AZ\/all.js#xfbml=1&appId=1002485763137712\";\n    fjs.parentNode.insertBefore(js, fjs);\n}(document, 'script', 'facebook-jssdk'));                \n});<\/script><\/p>\n","protected":false},"excerpt":{"rendered":"<p>&#13; &#13; Rusiya Xarici \u0130\u015fl\u0259r Nazirliyinin s\u00f6z\u00e7\u00fcs\u00fc Mariya Zaxarova bildirib ki, Fransan\u0131n ideoloji h\u0259r\u0259k\u0259tl\u0259ri d\u00fcnyan\u0131n b\u0259zi \u00f6lk\u0259l\u0259rind\u0259 v\u0259 regionda sabitliyin pozulmas\u0131na g\u0259tirib \u00e7\u0131xar\u0131b. Millinews.az x\u0259b\u0259r verir ki, Rusiyan\u0131n \u201cRia\u201d x\u0259b\u0259r agentliyin\u0259 a\u00e7\u0131qlamas\u0131nda Zaxarova Fransa Prezidenti Emmanuel Makronun terror t\u0259\u015fkilatlar\u0131 il\u0259 m\u00fcbariz\u0259 \u00fc\u00e7\u00fcn regional v\u0259 beyn\u0259lxalq koalisiya yaratmaq t\u0259klifini d\u0259y\u0259rl\u0259ndirib. &#13; Bu t\u0259klifin Yax\u0131n \u015e\u0259rqd\u0259 silahl\u0131 &hellip;<\/p>\n","protected":false},"author":1,"featured_media":7631,"comment_status":"open","ping_status":"closed","sticky":false,"template":"","format":"standard","meta":{"footnotes":""},"categories":[9],"tags":[],"class_list":["post-7630","post","type-post","status-publish","format-standard","has-post-thumbnail","hentry","category-xeber"],"_links":{"self":[{"href":"https:\/\/millitv.net\/index.php?rest_route=\/wp\/v2\/posts\/7630","targetHints":{"allow":["GET"]}}],"collection":[{"href":"https:\/\/millitv.net\/index.php?rest_route=\/wp\/v2\/posts"}],"about":[{"href":"https:\/\/millitv.net\/index.php?rest_route=\/wp\/v2\/types\/post"}],"author":[{"embeddable":true,"href":"https:\/\/millitv.net\/index.php?rest_route=\/wp\/v2\/users\/1"}],"replies":[{"embeddable":true,"href":"https:\/\/millitv.net\/index.php?rest_route=%2Fwp%2Fv2%2Fcomments&post=7630"}],"version-history":[{"count":0,"href":"https:\/\/millitv.net\/index.php?rest_route=\/wp\/v2\/posts\/7630\/revisions"}],"wp:featuredmedia":[{"embeddable":true,"href":"https:\/\/millitv.net\/index.php?rest_route=\/wp\/v2\/media\/7631"}],"wp:attachment":[{"href":"https:\/\/millitv.net\/index.php?rest_route=%2Fwp%2Fv2%2Fmedia&parent=7630"}],"wp:term":[{"taxonomy":"category","embeddable":true,"href":"https:\/\/millitv.net\/index.php?rest_route=%2Fwp%2Fv2%2Fcategories&post=7630"},{"taxonomy":"post_tag","embeddable":true,"href":"https:\/\/millitv.net\/index.php?rest_route=%2Fwp%2Fv2%2Ftags&post=7630"}],"curies":[{"name":"wp","href":"https:\/\/api.w.org\/{rel}","templated":true}]}}