{"id":7608,"date":"2023-11-02T11:04:05","date_gmt":"2023-11-02T11:04:05","guid":{"rendered":"https:\/\/millinews.az\/xeber\/z%C9%99f%C9%99rin-s%C9%99si-adli-%C9%99d%C9%99bi-b%C9%99dii-t%C9%99dbir-keciril%C9%99c%C9%99k\/"},"modified":"2023-11-02T11:04:05","modified_gmt":"2023-11-02T11:04:05","slug":"z%C9%99f%C9%99rin-s%C9%99si-adli-%C9%99d%C9%99bi-b%C9%99dii-t%C9%99dbir-keciril%C9%99c%C9%99k","status":"publish","type":"post","link":"https:\/\/millitv.net\/?p=7608","title":{"rendered":"\u200b\u201cZ\u0259f\u0259rin S\u0259si\u201d adl\u0131 \u0259d\u0259bi-b\u0259dii t\u0259dbir ke\u00e7iril\u0259c\u0259k"},"content":{"rendered":"<div id=\"maincontent\">&#13;<br \/>\n        &#13;<\/p>\n<p><strong>Noyabr\u0131n 4-d\u0259 \u201c\u0130R\u018fL\u0130\u201d \u0130ctimai Birliyi, Az\u0259rbaycan G\u0259nc M\u00fc\u0259lliml\u0259r Assosiasiyas\u0131 v\u0259 Az\u0259rbaycan Milli Konservatoriyas\u0131n\u0131n birg\u0259 t\u0259\u015fkilat\u00e7\u0131l\u0131\u011f\u0131 il\u0259 Z\u0259f\u0259r G\u00fcn\u00fc v\u0259 D\u00f6vl\u0259t Bayra\u011f\u0131 G\u00fcn\u00fcn\u0259 h\u0259sr olunmu\u015f \u201cZ\u0259f\u0259rin S\u0259si\u201d adl\u0131 \u0259d\u0259bi-b\u0259dii t\u0259dbir t\u0259\u015fkil olunacaq.<br \/><\/strong>  <\/p>\n<p><a href=\"https:\/\/Millinews.az\" target=\"_blank\" class=\"kw-link\" rel=\"noopener\">Millinews.az<\/a> x\u0259b\u0259r verir ki, bu bar\u0259d\u0259 \u201c\u0130R\u018fL\u0130\u201d \u0130ctimai Birliyi v\u0259 Az\u0259rbaycan G\u0259nc M\u00fc\u0259lliml\u0259r Assosiasiyas\u0131 birg\u0259 m\u0259lumat yay\u0131b. Az\u0259rbaycan G\u0259ncl\u0259r Fondu, T\u0259hsilin \u0130nki\u015faf\u0131 Fondu v\u0259 G\u0259ncl\u0259r T\u0259\u015fkilatlar\u0131 Milli \u015euras\u0131n\u0131n t\u0259r\u0259fda\u015fl\u0131\u011f\u0131 il\u0259 ke\u00e7iril\u0259c\u0259k t\u0259dbird\u0259 Az\u0259rbaycan Milli Konservatoriyan\u0131n t\u0259l\u0259b\u0259l\u0259rind\u0259n ibar\u0259t \u201cMilli Avaz\u201d xor kollektivi v\u0259 \u201cButa\u201d xalq \u00e7al\u011f\u0131 al\u0259tl\u0259ri orkestrinin ifas\u0131nda konsert proqram\u0131 t\u0259qdim olunacaq. &#13;\n  <\/p>\n<p>Qeyd ed\u0259k ki, t\u0259dbirin \u0259sas m\u0259qs\u0259di m\u00fcasir d\u00f6vrd\u0259 m\u00fcxt\u0259lif ideologiyalar\u0131n t\u0259siri fonunda g\u0259ncl\u0259r aras\u0131nda milli d\u00fc\u015f\u00fcnc\u0259ni qoruyub saxlamaq, onlar\u0131n v\u0259t\u0259np\u0259rv\u0259r ruhda yeti\u015fm\u0259sin\u0259 nail olmaq, \u015f\u0259hid v\u0259 q\u0259hr\u0259manlar\u0131m\u0131z\u0131 tan\u0131tmaq, el\u0259c\u0259 d\u0259, onlar\u0131n ke\u00e7diyi tarixi z\u0259f\u0259r yolunu t\u0259bli\u011f etm\u0259k v\u0259 xatir\u0259l\u0259rini daim uca tutmaqd\u0131r.  <\/p>\n<p>T\u0259dbird\u0259 i\u015ftirak etm\u0259k ist\u0259y\u0259n g\u0259ncl\u0259r a\u015fa\u011f\u0131dak\u0131 link\u0259 ke\u00e7id ed\u0259r\u0259k qeydiyyatdan ke\u00e7\u0259 bil\u0259rl\u0259r: <a href=\"https:\/\/shorturl.at\/wTVX2\" target=\"_blank\" rel=\"noopener\">https:\/\/shorturl.at\/wTVX2<\/a>&#13;<br \/>\n        &#13;<br \/>\n&#13;<br \/>\n        &#13;<br \/>\n&#13;\n        <\/p>\n<p><noscript><\/p>\n<p>You must enable Javascript on your browser for the site to work optimally and display sections completely.<\/p>\n<p><\/noscript>\t\t&#13;<br \/>\n\t\t&#13;\n    <\/div>\n<p><script type=\"text\/javascript\">jQuery(document).ready(function () {\n(function(d, s, id) {\n    var js, fjs = d.getElementsByTagName(s)[0];\n    if (d.getElementById(id))\n        return;\n    js = d.createElement(s);\n    js.id = id;\n    js.src = \"\/\/connect.facebook.net\/az_AZ\/all.js#xfbml=1&appId=1002485763137712\";\n    fjs.parentNode.insertBefore(js, fjs);\n}(document, 'script', 'facebook-jssdk'));                \n});<\/script><\/p>\n","protected":false},"excerpt":{"rendered":"<p>&#13; &#13; Noyabr\u0131n 4-d\u0259 \u201c\u0130R\u018fL\u0130\u201d \u0130ctimai Birliyi, Az\u0259rbaycan G\u0259nc M\u00fc\u0259lliml\u0259r Assosiasiyas\u0131 v\u0259 Az\u0259rbaycan Milli Konservatoriyas\u0131n\u0131n birg\u0259 t\u0259\u015fkilat\u00e7\u0131l\u0131\u011f\u0131 il\u0259 Z\u0259f\u0259r G\u00fcn\u00fc v\u0259 D\u00f6vl\u0259t Bayra\u011f\u0131 G\u00fcn\u00fcn\u0259 h\u0259sr olunmu\u015f \u201cZ\u0259f\u0259rin S\u0259si\u201d adl\u0131 \u0259d\u0259bi-b\u0259dii t\u0259dbir t\u0259\u015fkil olunacaq. Millinews.az x\u0259b\u0259r verir ki, bu bar\u0259d\u0259 \u201c\u0130R\u018fL\u0130\u201d \u0130ctimai Birliyi v\u0259 Az\u0259rbaycan G\u0259nc M\u00fc\u0259lliml\u0259r Assosiasiyas\u0131 birg\u0259 m\u0259lumat yay\u0131b. Az\u0259rbaycan G\u0259ncl\u0259r Fondu, T\u0259hsilin \u0130nki\u015faf\u0131 &hellip;<\/p>\n","protected":false},"author":1,"featured_media":7609,"comment_status":"open","ping_status":"closed","sticky":false,"template":"","format":"standard","meta":{"footnotes":""},"categories":[9],"tags":[],"class_list":["post-7608","post","type-post","status-publish","format-standard","has-post-thumbnail","hentry","category-xeber"],"_links":{"self":[{"href":"https:\/\/millitv.net\/index.php?rest_route=\/wp\/v2\/posts\/7608","targetHints":{"allow":["GET"]}}],"collection":[{"href":"https:\/\/millitv.net\/index.php?rest_route=\/wp\/v2\/posts"}],"about":[{"href":"https:\/\/millitv.net\/index.php?rest_route=\/wp\/v2\/types\/post"}],"author":[{"embeddable":true,"href":"https:\/\/millitv.net\/index.php?rest_route=\/wp\/v2\/users\/1"}],"replies":[{"embeddable":true,"href":"https:\/\/millitv.net\/index.php?rest_route=%2Fwp%2Fv2%2Fcomments&post=7608"}],"version-history":[{"count":0,"href":"https:\/\/millitv.net\/index.php?rest_route=\/wp\/v2\/posts\/7608\/revisions"}],"wp:featuredmedia":[{"embeddable":true,"href":"https:\/\/millitv.net\/index.php?rest_route=\/wp\/v2\/media\/7609"}],"wp:attachment":[{"href":"https:\/\/millitv.net\/index.php?rest_route=%2Fwp%2Fv2%2Fmedia&parent=7608"}],"wp:term":[{"taxonomy":"category","embeddable":true,"href":"https:\/\/millitv.net\/index.php?rest_route=%2Fwp%2Fv2%2Fcategories&post=7608"},{"taxonomy":"post_tag","embeddable":true,"href":"https:\/\/millitv.net\/index.php?rest_route=%2Fwp%2Fv2%2Ftags&post=7608"}],"curies":[{"name":"wp","href":"https:\/\/api.w.org\/{rel}","templated":true}]}}