{"id":7572,"date":"2023-11-02T09:37:32","date_gmt":"2023-11-02T09:37:32","guid":{"rendered":"https:\/\/millinews.az\/xeber\/ancelottid%C9%99n-arda-il%C9%99-bagli-yeni-q%C9%99rar\/"},"modified":"2023-11-02T09:37:32","modified_gmt":"2023-11-02T09:37:32","slug":"ancelottid%C9%99n-arda-il%C9%99-bagli-yeni-q%C9%99rar","status":"publish","type":"post","link":"https:\/\/millitv.net\/?p=7572","title":{"rendered":"An\u00e7elottid\u0259n Arda il\u0259 ba\u011fl\u0131 yeni q\u0259rar"},"content":{"rendered":"<div id=\"maincontent\">&#13;<br \/>\n        &#13;<\/p>\n<p><strong>Z\u0259d\u0259sini sa\u011faldandan sonra m\u0259\u015fql\u0259r\u0259 ba\u015flayan Arda G\u00fcler bir m\u00fcdd\u0259t ya\u015f\u0131l meydanlardan uzaq qalacaq. <\/strong>&#13;\n<\/p>\n<p> <a href=\"https:\/\/Millinews.az\" target=\"_blank\" class=\"kw-link\" rel=\"noopener\">Millinews.az<\/a> x\u0259b\u0259r verir ki, z\u0259d\u0259l\u0259ndikd\u0259n sonra x\u00fcsusi proqramla m\u0259\u015fqin\u0259 davam ed\u0259n Arda h\u0259l\u0259lik start hey\u0259td\u0259 yer almay\u0131b. \u201cReal Madrid\u201din ba\u015f m\u0259\u015fq\u00e7isi Karlo An\u00e7elotti bildirib ki, Arda fiziki formas\u0131n\u0131 tam b\u0259rpa ed\u0259nd\u0259n sonra meydana \u00e7\u0131xacaq. An\u00e7elotti Arda tam haz\u0131r olmadan onu meydana buraxmayaca\u011f\u0131n\u0131 ifad\u0259 edib. M\u0259lumata g\u00f6r\u0259, An\u00e7elotti Ardaya &#8220;Bir az daha g\u00f6zl\u0259m\u0259k laz\u0131md\u0131r&#8221; dey\u0259 bildirib. <\/p>\n<p>Qeyd ed\u0259k ki, Arda G\u00fclerin h\u0259l\u0259 \u00f6t\u0259n ay meydana \u00e7\u0131xaca\u011f\u0131 bar\u0259d\u0259 iddialar s\u0259sl\u0259nmi\u015fdi. &#13;<br \/>\n        &#13;<br \/>\n&#13;<br \/>\n        &#13;<br \/>\n&#13;\n        <\/p>\n<p><noscript><\/p>\n<p>You must enable Javascript on your browser for the site to work optimally and display sections completely.<\/p>\n<p><\/noscript>\t\t&#13;<br \/>\n\t\t&#13;\n    <\/div>\n<p><script type=\"text\/javascript\">jQuery(document).ready(function () {\n(function(d, s, id) {\n    var js, fjs = d.getElementsByTagName(s)[0];\n    if (d.getElementById(id))\n        return;\n    js = d.createElement(s);\n    js.id = id;\n    js.src = \"\/\/connect.facebook.net\/az_AZ\/all.js#xfbml=1&appId=1002485763137712\";\n    fjs.parentNode.insertBefore(js, fjs);\n}(document, 'script', 'facebook-jssdk'));                \n});<\/script><\/p>\n","protected":false},"excerpt":{"rendered":"<p>&#13; &#13; Z\u0259d\u0259sini sa\u011faldandan sonra m\u0259\u015fql\u0259r\u0259 ba\u015flayan Arda G\u00fcler bir m\u00fcdd\u0259t ya\u015f\u0131l meydanlardan uzaq qalacaq. &#13; Millinews.az x\u0259b\u0259r verir ki, z\u0259d\u0259l\u0259ndikd\u0259n sonra x\u00fcsusi proqramla m\u0259\u015fqin\u0259 davam ed\u0259n Arda h\u0259l\u0259lik start hey\u0259td\u0259 yer almay\u0131b. \u201cReal Madrid\u201din ba\u015f m\u0259\u015fq\u00e7isi Karlo An\u00e7elotti bildirib ki, Arda fiziki formas\u0131n\u0131 tam b\u0259rpa ed\u0259nd\u0259n sonra meydana \u00e7\u0131xacaq. An\u00e7elotti Arda tam haz\u0131r olmadan &hellip;<\/p>\n","protected":false},"author":1,"featured_media":7573,"comment_status":"open","ping_status":"closed","sticky":false,"template":"","format":"standard","meta":{"footnotes":""},"categories":[9],"tags":[],"class_list":["post-7572","post","type-post","status-publish","format-standard","has-post-thumbnail","hentry","category-xeber"],"_links":{"self":[{"href":"https:\/\/millitv.net\/index.php?rest_route=\/wp\/v2\/posts\/7572","targetHints":{"allow":["GET"]}}],"collection":[{"href":"https:\/\/millitv.net\/index.php?rest_route=\/wp\/v2\/posts"}],"about":[{"href":"https:\/\/millitv.net\/index.php?rest_route=\/wp\/v2\/types\/post"}],"author":[{"embeddable":true,"href":"https:\/\/millitv.net\/index.php?rest_route=\/wp\/v2\/users\/1"}],"replies":[{"embeddable":true,"href":"https:\/\/millitv.net\/index.php?rest_route=%2Fwp%2Fv2%2Fcomments&post=7572"}],"version-history":[{"count":0,"href":"https:\/\/millitv.net\/index.php?rest_route=\/wp\/v2\/posts\/7572\/revisions"}],"wp:featuredmedia":[{"embeddable":true,"href":"https:\/\/millitv.net\/index.php?rest_route=\/wp\/v2\/media\/7573"}],"wp:attachment":[{"href":"https:\/\/millitv.net\/index.php?rest_route=%2Fwp%2Fv2%2Fmedia&parent=7572"}],"wp:term":[{"taxonomy":"category","embeddable":true,"href":"https:\/\/millitv.net\/index.php?rest_route=%2Fwp%2Fv2%2Fcategories&post=7572"},{"taxonomy":"post_tag","embeddable":true,"href":"https:\/\/millitv.net\/index.php?rest_route=%2Fwp%2Fv2%2Ftags&post=7572"}],"curies":[{"name":"wp","href":"https:\/\/api.w.org\/{rel}","templated":true}]}}