{"id":7475,"date":"2023-11-02T05:55:33","date_gmt":"2023-11-02T05:55:33","guid":{"rendered":"https:\/\/millinews.az\/xeber\/pakistanin-verdiyi-vaxt-basa-catdi-minl%C9%99rl%C9%99-%C9%99fqan\/"},"modified":"2023-11-02T05:55:33","modified_gmt":"2023-11-02T05:55:33","slug":"pakistanin-verdiyi-vaxt-basa-catdi-minl%C9%99rl%C9%99-%C9%99fqan","status":"publish","type":"post","link":"https:\/\/millitv.net\/?p=7475","title":{"rendered":"Pakistan\u0131n verdiyi vaxt ba\u015fa \u00e7atd\u0131: Minl\u0259rl\u0259 \u0259fqan&#8230;"},"content":{"rendered":"<div id=\"mvp-content-main\">\n<p><strong>Pakistan h\u00f6kum\u0259tinin qeyri-qanuni m\u00fchacirl\u0259rin \u00f6lk\u0259ni t\u0259rk etm\u0259si \u00fc\u00e7\u00fcn verdiyi m\u00fcdd\u0259t bu g\u00fcn ba\u015fa \u00e7at\u0131b v\u0259 minl\u0259rl\u0259 \u0259fqan qa\u00e7q\u0131n \u00f6z \u00f6lk\u0259l\u0259rin\u0259 qay\u0131tma\u011fa ba\u015flay\u0131b.<\/strong><\/p>\n<p><strong><a target=\"_blank\" href=\"https:\/\/Millinews.az\" rel=\"noopener\">Millinews.az<\/a><\/strong> x\u0259b\u0259r verir ki, Pakistan\u0131n m\u00fcxt\u0259lif \u015f\u0259h\u0259rl\u0259rind\u0259 ya\u015fayan minl\u0259rl\u0259 \u0259fqan qa\u00e7q\u0131n \u00f6z \u00f6lk\u0259l\u0259rin\u0259 qay\u0131tmaq \u00fc\u00e7\u00fcn s\u0259rh\u0259dl\u0259r\u0259 ax\u0131n edib. S\u0259rh\u0259dd\u0259 uzun n\u00f6vb\u0259l\u0259r yaradan \u0259fqanlar y\u00fck ma\u015f\u0131nlar\u0131 v\u0259 avtobuslarla \u00f6lk\u0259ni t\u0259rk edirl\u0259r. Pakistan\u0131n daxili i\u015fl\u0259r naziri Sarfraz Buqti bildirib ki, h\u00f6kum\u0259t sabahdan etibar\u0259n qeyri-qanuni m\u00fchacirl\u0259r\u0259 qar\u015f\u0131 t\u0259dbirl\u0259r g\u00f6rm\u0259y\u0259 ba\u015flayacaq. O qeyd edib ki, t\u0259hl\u00fck\u0259sizlik qruplar\u0131 t\u0259r\u0259find\u0259n a\u015fkar edil\u0259n s\u0259n\u0259dsiz \u0259cn\u0259bi v\u0259t\u0259nda\u015flar saxlan\u0131lacaq v\u0259 deportasiya olunacaqlar.<\/p>\n<p>Xat\u0131rladaq ki, Pakistan h\u00f6kum\u0259ti ke\u00e7\u0259n ay \u018ffqan\u0131stanla h\u0259ms\u0259rh\u0259d b\u00f6lg\u0259l\u0259rd\u0259 silahl\u0131 h\u00fccumlar\u0131n artmas\u0131 s\u0259b\u0259bind\u0259n qeyri-qanuni m\u00fchacirl\u0259ri noyabr\u0131n 1-d\u0259k \u00f6lk\u0259ni t\u0259rk etm\u0259y\u0259 \u00e7a\u011f\u0131rm\u0131\u015fd\u0131.<\/p>\n<p><img loading=\"lazy\" decoding=\"async\" alt=\"\" height=\"404\" src=\"https:\/\/image.hurimg.com\/i\/hurriyet\/75\/770x0\/6542575f4e3fe02494587732.jpg\" width=\"650\" title=\"\"><\/p>\n<p>Birl\u0259\u015fmi\u015f Mill\u0259tl\u0259r T\u0259\u015fkilat\u0131n\u0131n t\u0259sisatlar\u0131 v\u0259 insan haqlar\u0131 t\u0259\u015fkilatlar\u0131 Pakistan\u0131n qa\u00e7q\u0131nlar\u0131 deportasiya etm\u0259k q\u0259rar\u0131na reaksiya verib. BMT-d\u0259n veril\u0259n b\u0259yanatda \u0259fqanlar\u0131n h\u0259yatlar\u0131n\u0131n t\u0259hl\u00fck\u0259 alt\u0131nda oldu\u011fu v\u0259 bu s\u0259b\u0259bd\u0259n onlar\u0131n \u00f6lk\u0259l\u0259rin\u0259 qay\u0131tmamalar\u0131 laz\u0131m oldu\u011fu bildirilib.<\/p>\n<p>Pakistanda ya\u015fayan 4 milyondan \u00e7ox \u0259fqandan 1,7 milyonunun \u00f6lk\u0259d\u0259 qeyri-qanuni oldu\u011fu t\u0259xmin edilir. Pakistan Daxili \u0130\u015fl\u0259r Nazirliyinin m\u0259lumat\u0131na g\u00f6r\u0259, 2021-ci ild\u0259 &#8220;Taliban&#8221; hakimiyy\u0259ti \u0259l\u0259 ke\u00e7irdikd\u0259n sonra \u00f6lk\u0259d\u0259ki 600-800 min \u0259fqan qa\u00e7q\u0131n Pakistana k\u00f6\u00e7 edib. Pakistan h\u00f6kum\u0259tinin b\u0259yanat\u0131ndan sonra 200 mind\u0259n \u00e7ox \u0259fqan \u00f6z \u00f6lk\u0259l\u0259rin\u0259 qay\u0131d\u0131b.<\/p>\n<p>N\u0259zrin<\/p>\n<\/p><\/div>\n<p><script>\n        (function (d, s, id) {\n            var js, fjs = d.getElementsByTagName(s)[0];\n            if (d.getElementById(id)) return;\n            js = d.createElement(s);\n            js.id = id;\n            js.src = \"\/\/connect.facebook.net\/az_AZ\/sdk.js#xfbml=1&version=v2.7&appId=\";\n            fjs.parentNode.insertBefore(js, fjs);\n        }(document, 'script', 'facebook-jssdk'));\n    <\/script><\/p>\n","protected":false},"excerpt":{"rendered":"<p>Pakistan h\u00f6kum\u0259tinin qeyri-qanuni m\u00fchacirl\u0259rin \u00f6lk\u0259ni t\u0259rk etm\u0259si \u00fc\u00e7\u00fcn verdiyi m\u00fcdd\u0259t bu g\u00fcn ba\u015fa \u00e7at\u0131b v\u0259 minl\u0259rl\u0259 \u0259fqan qa\u00e7q\u0131n \u00f6z \u00f6lk\u0259l\u0259rin\u0259 qay\u0131tma\u011fa ba\u015flay\u0131b. Millinews.az x\u0259b\u0259r verir ki, Pakistan\u0131n m\u00fcxt\u0259lif \u015f\u0259h\u0259rl\u0259rind\u0259 ya\u015fayan minl\u0259rl\u0259 \u0259fqan qa\u00e7q\u0131n \u00f6z \u00f6lk\u0259l\u0259rin\u0259 qay\u0131tmaq \u00fc\u00e7\u00fcn s\u0259rh\u0259dl\u0259r\u0259 ax\u0131n edib. S\u0259rh\u0259dd\u0259 uzun n\u00f6vb\u0259l\u0259r yaradan \u0259fqanlar y\u00fck ma\u015f\u0131nlar\u0131 v\u0259 avtobuslarla \u00f6lk\u0259ni t\u0259rk edirl\u0259r. Pakistan\u0131n daxili i\u015fl\u0259r &hellip;<\/p>\n","protected":false},"author":1,"featured_media":7476,"comment_status":"open","ping_status":"closed","sticky":false,"template":"","format":"standard","meta":{"footnotes":""},"categories":[9],"tags":[],"class_list":["post-7475","post","type-post","status-publish","format-standard","has-post-thumbnail","hentry","category-xeber"],"_links":{"self":[{"href":"https:\/\/millitv.net\/index.php?rest_route=\/wp\/v2\/posts\/7475","targetHints":{"allow":["GET"]}}],"collection":[{"href":"https:\/\/millitv.net\/index.php?rest_route=\/wp\/v2\/posts"}],"about":[{"href":"https:\/\/millitv.net\/index.php?rest_route=\/wp\/v2\/types\/post"}],"author":[{"embeddable":true,"href":"https:\/\/millitv.net\/index.php?rest_route=\/wp\/v2\/users\/1"}],"replies":[{"embeddable":true,"href":"https:\/\/millitv.net\/index.php?rest_route=%2Fwp%2Fv2%2Fcomments&post=7475"}],"version-history":[{"count":0,"href":"https:\/\/millitv.net\/index.php?rest_route=\/wp\/v2\/posts\/7475\/revisions"}],"wp:featuredmedia":[{"embeddable":true,"href":"https:\/\/millitv.net\/index.php?rest_route=\/wp\/v2\/media\/7476"}],"wp:attachment":[{"href":"https:\/\/millitv.net\/index.php?rest_route=%2Fwp%2Fv2%2Fmedia&parent=7475"}],"wp:term":[{"taxonomy":"category","embeddable":true,"href":"https:\/\/millitv.net\/index.php?rest_route=%2Fwp%2Fv2%2Fcategories&post=7475"},{"taxonomy":"post_tag","embeddable":true,"href":"https:\/\/millitv.net\/index.php?rest_route=%2Fwp%2Fv2%2Ftags&post=7475"}],"curies":[{"name":"wp","href":"https:\/\/api.w.org\/{rel}","templated":true}]}}