{"id":7471,"date":"2023-11-02T05:47:35","date_gmt":"2023-11-02T05:47:35","guid":{"rendered":"https:\/\/millinews.az\/xeber\/q%C9%99rbi-az%C9%99rbaycan-toponiml%C9%99ri-bar%C9%99d%C9%99-kitab-capdan-cixdi\/"},"modified":"2023-11-02T05:47:35","modified_gmt":"2023-11-02T05:47:35","slug":"q%C9%99rbi-az%C9%99rbaycan-toponiml%C9%99ri-bar%C9%99d%C9%99-kitab-capdan-cixdi","status":"publish","type":"post","link":"https:\/\/millitv.net\/?p=7471","title":{"rendered":"Q\u0259rbi Az\u0259rbaycan toponiml\u0259ri bar\u0259d\u0259 kitab \u00e7apdan \u00e7\u0131xd\u0131"},"content":{"rendered":"<div id=\"maincontent\">&#13;<br \/>\n        &#13;<\/p>\n<p>AMEA-n\u0131n N\u0259simi ad\u0131na Dil\u00e7ilik \u0130nstitutunun Toponimika \u015f\u00f6b\u0259sinin haz\u0131rlad\u0131\u011f\u0131 \u201cQ\u0259rbi Az\u0259rbaycan toponiml\u0259rinin leksik-semantik x\u00fcsusiyy\u0259tl\u0259ri\u201d kitab\u0131 \u00e7apdan \u00e7\u0131x\u0131b.<\/p>\n<p>Bu bar\u0259d\u0259 <a href=\"https:\/\/Millinews.az\" target=\"_blank\" class=\"kw-link\" rel=\"noopener\">Millinews.az<\/a>-a AMEA-dan bildirilib. &#13;\n<\/p>\n<p>Qeyd edilib ki, kitabda \u015f\u00f6b\u0259 \u0259m\u0259kda\u015flar\u0131n\u0131n v\u0259 institutun b\u0259zi aliml\u0259rinin yazd\u0131qlar\u0131 elmi m\u0259qal\u0259l\u0259r toplanm\u0131\u015fd\u0131r. M\u0259qal\u0259l\u0259r Q\u0259rbi Az\u0259rbaycan\u0131n toponiml\u0259ri il\u0259 ba\u011fl\u0131d\u0131r.<\/p>\n<p>Burada toponiml\u0259rin leksik-semantik x\u00fcsusiyy\u0259tl\u0259ri il\u0259 yana\u015f\u0131, onlar\u0131n tarixi v\u0259 etimologiyas\u0131 bar\u0259d\u0259 d\u0259 maraql\u0131 elmi faktlar var.&#13;<br \/>\n        &#13;<br \/>\n&#13;<br \/>\n        &#13;<br \/>\n&#13;\n        <\/p>\n<p><noscript><\/p>\n<p>You must enable Javascript on your browser for the site to work optimally and display sections completely.<\/p>\n<p><\/noscript>\t\t&#13;<br \/>\n\t\t&#13;\n    <\/div>\n<p><script type=\"text\/javascript\">jQuery(document).ready(function () {\n(function(d, s, id) {\n    var js, fjs = d.getElementsByTagName(s)[0];\n    if (d.getElementById(id))\n        return;\n    js = d.createElement(s);\n    js.id = id;\n    js.src = \"\/\/connect.facebook.net\/az_AZ\/all.js#xfbml=1&appId=1002485763137712\";\n    fjs.parentNode.insertBefore(js, fjs);\n}(document, 'script', 'facebook-jssdk'));                \n});<\/script><\/p>\n","protected":false},"excerpt":{"rendered":"<p>&#13; &#13; AMEA-n\u0131n N\u0259simi ad\u0131na Dil\u00e7ilik \u0130nstitutunun Toponimika \u015f\u00f6b\u0259sinin haz\u0131rlad\u0131\u011f\u0131 \u201cQ\u0259rbi Az\u0259rbaycan toponiml\u0259rinin leksik-semantik x\u00fcsusiyy\u0259tl\u0259ri\u201d kitab\u0131 \u00e7apdan \u00e7\u0131x\u0131b. Bu bar\u0259d\u0259 Millinews.az-a AMEA-dan bildirilib. &#13; Qeyd edilib ki, kitabda \u015f\u00f6b\u0259 \u0259m\u0259kda\u015flar\u0131n\u0131n v\u0259 institutun b\u0259zi aliml\u0259rinin yazd\u0131qlar\u0131 elmi m\u0259qal\u0259l\u0259r toplanm\u0131\u015fd\u0131r. M\u0259qal\u0259l\u0259r Q\u0259rbi Az\u0259rbaycan\u0131n toponiml\u0259ri il\u0259 ba\u011fl\u0131d\u0131r. Burada toponiml\u0259rin leksik-semantik x\u00fcsusiyy\u0259tl\u0259ri il\u0259 yana\u015f\u0131, onlar\u0131n tarixi v\u0259 etimologiyas\u0131 bar\u0259d\u0259 &hellip;<\/p>\n","protected":false},"author":1,"featured_media":7472,"comment_status":"open","ping_status":"closed","sticky":false,"template":"","format":"standard","meta":{"footnotes":""},"categories":[9],"tags":[],"class_list":["post-7471","post","type-post","status-publish","format-standard","has-post-thumbnail","hentry","category-xeber"],"_links":{"self":[{"href":"https:\/\/millitv.net\/index.php?rest_route=\/wp\/v2\/posts\/7471","targetHints":{"allow":["GET"]}}],"collection":[{"href":"https:\/\/millitv.net\/index.php?rest_route=\/wp\/v2\/posts"}],"about":[{"href":"https:\/\/millitv.net\/index.php?rest_route=\/wp\/v2\/types\/post"}],"author":[{"embeddable":true,"href":"https:\/\/millitv.net\/index.php?rest_route=\/wp\/v2\/users\/1"}],"replies":[{"embeddable":true,"href":"https:\/\/millitv.net\/index.php?rest_route=%2Fwp%2Fv2%2Fcomments&post=7471"}],"version-history":[{"count":0,"href":"https:\/\/millitv.net\/index.php?rest_route=\/wp\/v2\/posts\/7471\/revisions"}],"wp:featuredmedia":[{"embeddable":true,"href":"https:\/\/millitv.net\/index.php?rest_route=\/wp\/v2\/media\/7472"}],"wp:attachment":[{"href":"https:\/\/millitv.net\/index.php?rest_route=%2Fwp%2Fv2%2Fmedia&parent=7471"}],"wp:term":[{"taxonomy":"category","embeddable":true,"href":"https:\/\/millitv.net\/index.php?rest_route=%2Fwp%2Fv2%2Fcategories&post=7471"},{"taxonomy":"post_tag","embeddable":true,"href":"https:\/\/millitv.net\/index.php?rest_route=%2Fwp%2Fv2%2Ftags&post=7471"}],"curies":[{"name":"wp","href":"https:\/\/api.w.org\/{rel}","templated":true}]}}