{"id":7453,"date":"2023-11-02T05:10:51","date_gmt":"2023-11-02T05:10:51","guid":{"rendered":"https:\/\/millinews.az\/xeber\/separatcilar-bakiya-qarsi-n%C9%99-planlasdirir\/"},"modified":"2023-11-02T05:10:51","modified_gmt":"2023-11-02T05:10:51","slug":"separatcilar-bakiya-qarsi-n%C9%99-planlasdirir","status":"publish","type":"post","link":"https:\/\/millitv.net\/?p=7453","title":{"rendered":"separat\u00e7\u0131lar Bak\u0131ya qar\u015f\u0131 n\u0259 planla\u015fd\u0131r\u0131r?"},"content":{"rendered":"<p><img decoding=\"async\" src=\"https:\/\/Millinews.az\/storage\/2023\/11\/02\/sahramanyan-separat.png\" alt=\"\" title=\"\"><\/p>\n<div id=\"mvp-content-main\">\n<p><strong>Qaraba\u011fdan Erm\u0259nistana qa\u00e7an separat\u00e7\u0131lar yenid\u0259n f\u0259aliyy\u0259t\u0259 ba\u015flama\u011fa, Az\u0259rbaycana qar\u015f\u0131 separatizmi davam etdirm\u0259y\u0259 haz\u0131rla\u015f\u0131r.<\/strong><\/p>\n<p><a target=\"_blank\" href=\"https:\/\/Millinews.az\" rel=\"noopener\">Millinews.az<\/a> x\u0259b\u0259r verir ki, qondarma rejimi l\u0259\u011fv ed\u0259n separat\u00e7\u0131lar\u0131n sonuncu \u201cba\u015f\u00e7\u0131s\u0131\u201d Samvel \u015eahramanyan \u0130r\u0259vanda bu q\u0259rar\u0131ndan imtina ed\u0259nd\u0259n sonra \u201cg\u0259l\u0259c\u0259kd\u0259 n\u0259 etm\u0259k\u201d haqda m\u00fczakir\u0259l\u0259r\u0259 ba\u015flay\u0131b.<\/p>\n<p>Erm\u0259nistan medias\u0131n\u0131n m\u0259lumat\u0131na g\u00f6r\u0259, separat\u00e7\u0131lar d\u00fcn\u0259n \u201cMarriott\u201d otelind\u0259 qapal\u0131 toplant\u0131 ke\u00e7irib. Toplant\u0131da \u015eahramanyanla yana\u015f\u0131, art\u0131q m\u00f6vcud olmayan qondarma \u201cparlamentin ke\u00e7mi\u015f r\u0259hb\u0259ri\u201d olmu\u015f A\u015fot Qulyan, qondarma \u201cdeputatlar\u201d v\u0259 dig\u0259r separat\u00e7\u0131lar i\u015ftirak edib.<\/p>\n<p>Qapal\u0131 toplant\u0131 bir ne\u00e7\u0259 saat davam edib. Detallar a\u00e7\u0131qlanm\u0131r, amma \u0259sas m\u00fczakir\u0259nin Xank\u0259ndid\u0259 qondarma rejimin l\u0259\u011fvi il\u0259 ba\u011fl\u0131 veril\u0259n q\u0259rardan imtina edilm\u0259si v\u0259 bundan sonra at\u0131lacaq add\u0131mlarla ba\u011fl\u0131 oldu\u011fu deyilir.<\/p>\n<p>A\u015fot Qulyan art\u0131q prosesin ba\u015fland\u0131\u011f\u0131n\u0131 v\u0259 yenid\u0259n f\u0259aliyy\u0259t\u0259 ke\u00e7m\u0259k haqda d\u00fc\u015f\u00fcnd\u00fckl\u0259rini deyib.<\/p>\n<p>Separat\u00e7\u0131lar\u0131n qondarma \u201cnazir m\u00fcavinl\u0259rind\u0259n\u201d olmu\u015f Artur Ayrapetyan is\u0259 qeyd edib ki, qapal\u0131 toplant\u0131da ba\u015f ver\u0259nl\u0259r\u0259 g\u00f6r\u0259 m\u0259suliyy\u0259t m\u0259s\u0259l\u0259sini m\u00fczakir\u0259 edibl\u0259r, lakin \u0259sas m\u00f6vzu qar\u015f\u0131da at\u0131lacaq add\u0131mlarla ba\u011fl\u0131 olub. Eyni zamanda, Qaraba\u011fa qay\u0131tmaq m\u0259s\u0259l\u0259sini m\u00fczakir\u0259 edibl\u0259r. H\u0259r\u00e7\u0259nd, separat\u00e7\u0131lar erm\u0259ni \u0259halisinin m\u00f6vcud \u015f\u0259rtl\u0259rl\u0259 &#8211; Az\u0259rbaycan v\u0259t\u0259nda\u015fl\u0131\u011f\u0131n\u0131 q\u0259bul etdikl\u0259ri halda qay\u0131tmas\u0131na qar\u015f\u0131d\u0131rlar. M\u0259lumata g\u00f6r\u0259, toplant\u0131da bu m\u0259s\u0259l\u0259 x\u00fcsusil\u0259 m\u00fczakir\u0259 edilib. Onlar hans\u0131sa \u201cstatus\u201d, yaxud \u201cbeyn\u0259lxalq z\u0259man\u0259t\u201d alt\u0131nda qay\u0131tmaq imkanlar\u0131 haqda d\u00fc\u015f\u00fcn\u00fcr.<\/p>\n<p>Q\u0259rara al\u0131n\u0131b ki, \u00f6zl\u0259ri t\u0259r\u0259find\u0259n l\u0259\u011fv edilmi\u015f qondarma \u201cartsax\u201d\u0131 qoruyub saxlas\u0131nlar v\u0259 Erm\u0259nistanda f\u0259aliyy\u0259tl\u0259rini davam etdirsinl\u0259r. Qar\u015f\u0131dak\u0131 d\u00f6vrd\u0259 yeni toplant\u0131lar\u0131n ke\u00e7iril\u0259c\u0259yi, erm\u0259ni separatizminin dir\u00e7\u0259ldilm\u0259si istiqam\u0259tind\u0259 aktiv f\u0259aliyy\u0259ti b\u0259rpa ed\u0259c\u0259kl\u0259ri g\u00f6zl\u0259nilir.<\/p>\n<p><strong>Asif<\/strong><\/p>\n<\/p><\/div>\n<p><script>\n        (function (d, s, id) {\n            var js, fjs = d.getElementsByTagName(s)[0];\n            if (d.getElementById(id)) return;\n            js = d.createElement(s);\n            js.id = id;\n            js.src = \"\/\/connect.facebook.net\/az_AZ\/sdk.js#xfbml=1&version=v2.7&appId=\";\n            fjs.parentNode.insertBefore(js, fjs);\n        }(document, 'script', 'facebook-jssdk'));\n    <\/script><\/p>\n","protected":false},"excerpt":{"rendered":"<p>Qaraba\u011fdan Erm\u0259nistana qa\u00e7an separat\u00e7\u0131lar yenid\u0259n f\u0259aliyy\u0259t\u0259 ba\u015flama\u011fa, Az\u0259rbaycana qar\u015f\u0131 separatizmi davam etdirm\u0259y\u0259 haz\u0131rla\u015f\u0131r. Millinews.az x\u0259b\u0259r verir ki, qondarma rejimi l\u0259\u011fv ed\u0259n separat\u00e7\u0131lar\u0131n sonuncu \u201cba\u015f\u00e7\u0131s\u0131\u201d Samvel \u015eahramanyan \u0130r\u0259vanda bu q\u0259rar\u0131ndan imtina ed\u0259nd\u0259n sonra \u201cg\u0259l\u0259c\u0259kd\u0259 n\u0259 etm\u0259k\u201d haqda m\u00fczakir\u0259l\u0259r\u0259 ba\u015flay\u0131b. Erm\u0259nistan medias\u0131n\u0131n m\u0259lumat\u0131na g\u00f6r\u0259, separat\u00e7\u0131lar d\u00fcn\u0259n \u201cMarriott\u201d otelind\u0259 qapal\u0131 toplant\u0131 ke\u00e7irib. Toplant\u0131da \u015eahramanyanla yana\u015f\u0131, art\u0131q m\u00f6vcud olmayan &hellip;<\/p>\n","protected":false},"author":1,"featured_media":7454,"comment_status":"open","ping_status":"closed","sticky":false,"template":"","format":"standard","meta":{"footnotes":""},"categories":[9],"tags":[],"class_list":["post-7453","post","type-post","status-publish","format-standard","has-post-thumbnail","hentry","category-xeber"],"_links":{"self":[{"href":"https:\/\/millitv.net\/index.php?rest_route=\/wp\/v2\/posts\/7453","targetHints":{"allow":["GET"]}}],"collection":[{"href":"https:\/\/millitv.net\/index.php?rest_route=\/wp\/v2\/posts"}],"about":[{"href":"https:\/\/millitv.net\/index.php?rest_route=\/wp\/v2\/types\/post"}],"author":[{"embeddable":true,"href":"https:\/\/millitv.net\/index.php?rest_route=\/wp\/v2\/users\/1"}],"replies":[{"embeddable":true,"href":"https:\/\/millitv.net\/index.php?rest_route=%2Fwp%2Fv2%2Fcomments&post=7453"}],"version-history":[{"count":0,"href":"https:\/\/millitv.net\/index.php?rest_route=\/wp\/v2\/posts\/7453\/revisions"}],"wp:featuredmedia":[{"embeddable":true,"href":"https:\/\/millitv.net\/index.php?rest_route=\/wp\/v2\/media\/7454"}],"wp:attachment":[{"href":"https:\/\/millitv.net\/index.php?rest_route=%2Fwp%2Fv2%2Fmedia&parent=7453"}],"wp:term":[{"taxonomy":"category","embeddable":true,"href":"https:\/\/millitv.net\/index.php?rest_route=%2Fwp%2Fv2%2Fcategories&post=7453"},{"taxonomy":"post_tag","embeddable":true,"href":"https:\/\/millitv.net\/index.php?rest_route=%2Fwp%2Fv2%2Ftags&post=7453"}],"curies":[{"name":"wp","href":"https:\/\/api.w.org\/{rel}","templated":true}]}}