{"id":7404,"date":"2023-11-01T22:42:56","date_gmt":"2023-11-01T22:42:56","guid":{"rendered":"https:\/\/millinews.az\/xeber\/yeni-ail%C9%99-quran-bacisinin-evin%C9%99-qonaq-getdi-qizillarini-ogurladi\/"},"modified":"2023-11-01T22:42:56","modified_gmt":"2023-11-01T22:42:56","slug":"yeni-ail%C9%99-quran-bacisinin-evin%C9%99-qonaq-getdi-qizillarini-ogurladi","status":"publish","type":"post","link":"https:\/\/millitv.net\/?p=7404","title":{"rendered":"Yeni ail\u0259 quran bac\u0131s\u0131n\u0131n evin\u0259 qonaq getdi, q\u0131z\u0131llar\u0131n\u0131 o\u011furlad\u0131"},"content":{"rendered":"<p><img decoding=\"async\" src=\"https:\/\/Millinews.az\/storage\/2023\/11\/02\/a0a90d3d-7f0d-3476-abde-68b476240af8_850.jpg\" alt=\"\" title=\"\"><\/p>\n<div id=\"mvp-content-main\">\n<p><strong>Nax\u00e7\u0131vanda bac\u0131s\u0131n\u0131n q\u0131z\u0131llar\u0131n\u0131 o\u011furlayan qad\u0131n\u0131n m\u0259hk\u0259m\u0259 prosesi ba\u015fa \u00e7at\u0131b.<\/strong><\/p>\n<p><strong><a target=\"_blank\" href=\"https:\/\/Millinews.az\" rel=\"noopener\">Millinews.az<\/a> <\/strong>qafqazinfo-ya istinad\u0259n x\u0259b\u0259r verir ki, Culfa Rayon M\u0259hk\u0259m\u0259sind\u0259 ke\u00e7iril\u0259n prosesd\u0259 Nigar Qurbanova (ad-soyad \u015f\u0259rtidir) bir il azadl\u0131qdan m\u0259hrum edilib. Onun c\u0259zas\u0131 \u015f\u0259rti hesab edilib v\u0259 alt\u0131 ay s\u0131naq m\u00fcdd\u0259ti t\u0259yin olunub.<\/p>\n<p>M\u0259hk\u0259m\u0259d\u0259 t\u0259qsirl\u0259ndiril\u0259n \u015f\u0259xs ifad\u0259sind\u0259 bildirib ki, bac\u0131s\u0131 G\u00fclnaz (ad \u015f\u0259rtidir) yeni ail\u0259 h\u0259yat\u0131 qurdu\u011fundan v\u0259 Yeni il bayram\u0131 qeyd etdiyind\u0259n yax\u0131n qohumlar\u0131 il\u0259 birg\u0259 onlara qonaq gedibl\u0259r.<\/p>\n<p>Yem\u0259k yedikd\u0259n sonra bac\u0131s\u0131 G\u00fclnaz \u00f6z ota\u011f\u0131na ke\u00e7\u0259r\u0259k paltar \u00fct\u00fcl\u00fcm\u0259y\u0259 ba\u015flay\u0131b. Bac\u0131s\u0131 paltar\u0131 \u00fct\u00fcl\u0259dikd\u0259n sonra \u00fct\u00fcn\u00fc Nigara ver\u0259r\u0259k \u0259\u015fyan\u0131 termonun i\u00e7\u0259risin\u0259 qoymas\u0131n\u0131 xahi\u015f edib. Nigar bac\u0131s\u0131n\u0131n ota\u011f\u0131ndak\u0131 termonu a\u00e7anda orada q\u0131z\u0131l qutusunu g\u00f6r\u00fcb. <\/p>\n<p>Qutunu a\u00e7an qad\u0131n q\u0131z\u0131llar\u0131 g\u00f6r\u00fcb v\u0259 bir c\u00fct s\u0131r\u011fa, bir \u0259d\u0259d qolbaq, bir \u0259d\u0259d boyunba\u011f\u0131 v\u0259 bir \u0259d\u0259d \u00fcz\u00fcy\u00fc cibin\u0259 qoyaraq otaqdan \u00e7\u0131x\u0131b, ard\u0131nca is\u0259 ev\u0259 gedib.<\/p>\n<p>Bir m\u00fcdd\u0259t sonra G\u00fclnaz bac\u0131s\u0131na z\u0259ng vuraraq, q\u0131z\u0131llar\u0131n\u0131 tapa bilm\u0259diyini, ondan q\u0131z\u0131llar\u0131 g\u00f6t\u00fcr\u00fcb-g\u00f6t\u00fcrm\u0259diyini soru\u015fub. Nigar is\u0259 ona q\u0131z\u0131llardan x\u0259b\u0259ri olmad\u0131\u011f\u0131n\u0131 bildirib.<\/p>\n<p>Nigar Qurbanova bundan sonra polis\u0259 d\u0259v\u0259t edilib, orada art\u0131q i\u015fin \u00fcst\u00fcn\u00fcn a\u00e7\u0131laca\u011f\u0131n\u0131 anlay\u0131b v\u0259 bac\u0131s\u0131na m\u0259xsus olan q\u0131z\u0131llar\u0131 g\u00f6t\u00fcrd\u00fcy\u00fcn\u00fc etiraf edib.<\/p>\n<p>Qeyd ed\u0259k ki, t\u0259qsirl\u0259ndiril\u0259n Nigar Qurbanova s\u0259kkiz ayl\u0131q hamil\u0259dir.<\/p>\n<\/p><\/div>\n<p><script>\n        (function (d, s, id) {\n            var js, fjs = d.getElementsByTagName(s)[0];\n            if (d.getElementById(id)) return;\n            js = d.createElement(s);\n            js.id = id;\n            js.src = \"\/\/connect.facebook.net\/az_AZ\/sdk.js#xfbml=1&version=v2.7&appId=\";\n            fjs.parentNode.insertBefore(js, fjs);\n        }(document, 'script', 'facebook-jssdk'));\n    <\/script><\/p>\n","protected":false},"excerpt":{"rendered":"<p>Nax\u00e7\u0131vanda bac\u0131s\u0131n\u0131n q\u0131z\u0131llar\u0131n\u0131 o\u011furlayan qad\u0131n\u0131n m\u0259hk\u0259m\u0259 prosesi ba\u015fa \u00e7at\u0131b. Millinews.az qafqazinfo-ya istinad\u0259n x\u0259b\u0259r verir ki, Culfa Rayon M\u0259hk\u0259m\u0259sind\u0259 ke\u00e7iril\u0259n prosesd\u0259 Nigar Qurbanova (ad-soyad \u015f\u0259rtidir) bir il azadl\u0131qdan m\u0259hrum edilib. Onun c\u0259zas\u0131 \u015f\u0259rti hesab edilib v\u0259 alt\u0131 ay s\u0131naq m\u00fcdd\u0259ti t\u0259yin olunub. M\u0259hk\u0259m\u0259d\u0259 t\u0259qsirl\u0259ndiril\u0259n \u015f\u0259xs ifad\u0259sind\u0259 bildirib ki, bac\u0131s\u0131 G\u00fclnaz (ad \u015f\u0259rtidir) yeni ail\u0259 h\u0259yat\u0131 qurdu\u011fundan &hellip;<\/p>\n","protected":false},"author":1,"featured_media":7405,"comment_status":"open","ping_status":"closed","sticky":false,"template":"","format":"standard","meta":{"footnotes":""},"categories":[9],"tags":[],"class_list":["post-7404","post","type-post","status-publish","format-standard","has-post-thumbnail","hentry","category-xeber"],"_links":{"self":[{"href":"https:\/\/millitv.net\/index.php?rest_route=\/wp\/v2\/posts\/7404","targetHints":{"allow":["GET"]}}],"collection":[{"href":"https:\/\/millitv.net\/index.php?rest_route=\/wp\/v2\/posts"}],"about":[{"href":"https:\/\/millitv.net\/index.php?rest_route=\/wp\/v2\/types\/post"}],"author":[{"embeddable":true,"href":"https:\/\/millitv.net\/index.php?rest_route=\/wp\/v2\/users\/1"}],"replies":[{"embeddable":true,"href":"https:\/\/millitv.net\/index.php?rest_route=%2Fwp%2Fv2%2Fcomments&post=7404"}],"version-history":[{"count":0,"href":"https:\/\/millitv.net\/index.php?rest_route=\/wp\/v2\/posts\/7404\/revisions"}],"wp:featuredmedia":[{"embeddable":true,"href":"https:\/\/millitv.net\/index.php?rest_route=\/wp\/v2\/media\/7405"}],"wp:attachment":[{"href":"https:\/\/millitv.net\/index.php?rest_route=%2Fwp%2Fv2%2Fmedia&parent=7404"}],"wp:term":[{"taxonomy":"category","embeddable":true,"href":"https:\/\/millitv.net\/index.php?rest_route=%2Fwp%2Fv2%2Fcategories&post=7404"},{"taxonomy":"post_tag","embeddable":true,"href":"https:\/\/millitv.net\/index.php?rest_route=%2Fwp%2Fv2%2Ftags&post=7404"}],"curies":[{"name":"wp","href":"https:\/\/api.w.org\/{rel}","templated":true}]}}