{"id":7369,"date":"2023-11-01T19:59:28","date_gmt":"2023-11-01T19:59:28","guid":{"rendered":"https:\/\/millinews.az\/xeber\/kecmis-m%C9%99cburi-kockunl%C9%99r%C9%99-bu-q%C9%99d%C9%99r-pul-ayrildi\/"},"modified":"2023-11-01T19:59:28","modified_gmt":"2023-11-01T19:59:28","slug":"kecmis-m%C9%99cburi-kockunl%C9%99r%C9%99-bu-q%C9%99d%C9%99r-pul-ayrildi","status":"publish","type":"post","link":"https:\/\/millitv.net\/?p=7369","title":{"rendered":"Ke\u00e7mi\u015f m\u0259cburi k\u00f6\u00e7k\u00fcnl\u0259r\u0259 bu q\u0259d\u0259r pul ayr\u0131ld\u0131"},"content":{"rendered":"<div id=\"maincontent\">&#13;<br \/>\n        &#13;<\/p>\n<p><strong>Ke\u00e7mi\u015f m\u0259cburi k\u00f6\u00e7k\u00fcnl\u0259rin sosial m\u00fcdafi\u0259sinin t\u0259min edilm\u0259si m\u0259qs\u0259dil\u0259 is\u0259 n\u00f6vb\u0259ti ilin d\u00f6vl\u0259t b\u00fcdc\u0259sind\u0259 355,3 milyon manat v\u0259sait proqnozla\u015fd\u0131r\u0131l\u0131b.<\/strong><\/p>\n<p><a href=\"https:\/\/Millinews.az\" target=\"_blank\" class=\"kw-link\" rel=\"noopener\">Millinews.az<\/a> x\u0259b\u0259r verir ki, bu bar\u0259d\u0259 Maliyy\u0259 Nazirliyinin a\u00e7\u0131qlad\u0131\u011f\u0131 2024-c\u00fc ilin icmal v\u0259 d\u00f6vl\u0259t b\u00fcdc\u0259sinin layih\u0259sind\u0259 bildirilib. &#13;\n<\/p>\n<p>Qeyd edilib ki, bu v\u0259saitin ke\u00e7mi\u015f m\u0259cburi k\u00f6\u00e7k\u00fcn statusu olan v\u0259 onlara b\u0259rab\u0259r tutulan \u015f\u0259xsl\u0259r\u0259 (467,1 min n\u0259f\u0259r\u0259) 60 v\u0259 33 manat m\u0259bl\u0259\u011find\u0259 vahid ayl\u0131q m\u00fcavin\u0259tin verilm\u0259si \u00fc\u00e7\u00fcn 317,0 milyon manat, m\u0259cburi k\u00f6\u00e7k\u00fcnl\u0259r v\u0259 onlara b\u0259rab\u0259r tutulan \u015f\u0259xsl\u0259r t\u0259r\u0259find\u0259n istehlak edil\u0259n kommunal xidm\u0259tl\u0259rin haqq\u0131n\u0131n d\u00f6vl\u0259t b\u00fcdc\u0259sinin v\u0259saiti hesab\u0131na qar\u015f\u0131lanmas\u0131 \u00fc\u00e7\u00fcn 20,7 milyon manat, dig\u0259r t\u0259dbirl\u0259r \u00fc\u00e7\u00fcn 17,6 milyon manat v\u0259sait proqnozla\u015fd\u0131r\u0131l\u0131b.&#13;<br \/>\n        &#13;<br \/>\n&#13;<br \/>\n        &#13;<br \/>\n&#13;\n        <\/p>\n<p><noscript><\/p>\n<p>You must enable Javascript on your browser for the site to work optimally and display sections completely.<\/p>\n<p><\/noscript>\t\t&#13;<br \/>\n\t\t&#13;\n    <\/div>\n<p><script type=\"text\/javascript\">jQuery(document).ready(function () {\n(function(d, s, id) {\n    var js, fjs = d.getElementsByTagName(s)[0];\n    if (d.getElementById(id))\n        return;\n    js = d.createElement(s);\n    js.id = id;\n    js.src = \"\/\/connect.facebook.net\/az_AZ\/all.js#xfbml=1&appId=1002485763137712\";\n    fjs.parentNode.insertBefore(js, fjs);\n}(document, 'script', 'facebook-jssdk'));                \n});<\/script><\/p>\n","protected":false},"excerpt":{"rendered":"<p>&#13; &#13; Ke\u00e7mi\u015f m\u0259cburi k\u00f6\u00e7k\u00fcnl\u0259rin sosial m\u00fcdafi\u0259sinin t\u0259min edilm\u0259si m\u0259qs\u0259dil\u0259 is\u0259 n\u00f6vb\u0259ti ilin d\u00f6vl\u0259t b\u00fcdc\u0259sind\u0259 355,3 milyon manat v\u0259sait proqnozla\u015fd\u0131r\u0131l\u0131b. Millinews.az x\u0259b\u0259r verir ki, bu bar\u0259d\u0259 Maliyy\u0259 Nazirliyinin a\u00e7\u0131qlad\u0131\u011f\u0131 2024-c\u00fc ilin icmal v\u0259 d\u00f6vl\u0259t b\u00fcdc\u0259sinin layih\u0259sind\u0259 bildirilib. &#13; Qeyd edilib ki, bu v\u0259saitin ke\u00e7mi\u015f m\u0259cburi k\u00f6\u00e7k\u00fcn statusu olan v\u0259 onlara b\u0259rab\u0259r tutulan \u015f\u0259xsl\u0259r\u0259 (467,1 min &hellip;<\/p>\n","protected":false},"author":1,"featured_media":7370,"comment_status":"open","ping_status":"closed","sticky":false,"template":"","format":"standard","meta":{"footnotes":""},"categories":[9],"tags":[],"class_list":["post-7369","post","type-post","status-publish","format-standard","has-post-thumbnail","hentry","category-xeber"],"_links":{"self":[{"href":"https:\/\/millitv.net\/index.php?rest_route=\/wp\/v2\/posts\/7369","targetHints":{"allow":["GET"]}}],"collection":[{"href":"https:\/\/millitv.net\/index.php?rest_route=\/wp\/v2\/posts"}],"about":[{"href":"https:\/\/millitv.net\/index.php?rest_route=\/wp\/v2\/types\/post"}],"author":[{"embeddable":true,"href":"https:\/\/millitv.net\/index.php?rest_route=\/wp\/v2\/users\/1"}],"replies":[{"embeddable":true,"href":"https:\/\/millitv.net\/index.php?rest_route=%2Fwp%2Fv2%2Fcomments&post=7369"}],"version-history":[{"count":0,"href":"https:\/\/millitv.net\/index.php?rest_route=\/wp\/v2\/posts\/7369\/revisions"}],"wp:featuredmedia":[{"embeddable":true,"href":"https:\/\/millitv.net\/index.php?rest_route=\/wp\/v2\/media\/7370"}],"wp:attachment":[{"href":"https:\/\/millitv.net\/index.php?rest_route=%2Fwp%2Fv2%2Fmedia&parent=7369"}],"wp:term":[{"taxonomy":"category","embeddable":true,"href":"https:\/\/millitv.net\/index.php?rest_route=%2Fwp%2Fv2%2Fcategories&post=7369"},{"taxonomy":"post_tag","embeddable":true,"href":"https:\/\/millitv.net\/index.php?rest_route=%2Fwp%2Fv2%2Ftags&post=7369"}],"curies":[{"name":"wp","href":"https:\/\/api.w.org\/{rel}","templated":true}]}}