{"id":7357,"date":"2023-11-01T19:24:47","date_gmt":"2023-11-01T19:24:47","guid":{"rendered":"https:\/\/millinews.az\/xeber\/arestovic-prezident-seckisind%C9%99-istirak-ed%C9%99c%C9%99k\/"},"modified":"2023-11-01T19:24:47","modified_gmt":"2023-11-01T19:24:47","slug":"arestovic-prezident-seckisind%C9%99-istirak-ed%C9%99c%C9%99k","status":"publish","type":"post","link":"https:\/\/millitv.net\/?p=7357","title":{"rendered":"Arestovi\u00e7 prezident se\u00e7kisind\u0259 i\u015ftirak ed\u0259c\u0259k"},"content":{"rendered":"<p><img decoding=\"async\" src=\"https:\/\/Millinews.az\/storage\/2023\/11\/01\/arestovi.jpg\" alt=\"\" title=\"\"><\/p>\n<div id=\"mvp-content-main\">\n<p><strong>Ukrayna prezidenti aparat\u0131n\u0131n ke\u00e7mi\u015f m\u00fc\u015faviri Aleksey Arestovi\u00e7 n\u00f6vb\u0259ti prezident se\u00e7kisind\u0259 i\u015ftirak etm\u0259k niyy\u0259tind\u0259dir.<\/strong><\/p>\n<p><strong><a target=\"_blank\" href=\"https:\/\/Millinews.az\" rel=\"noopener\">Millinews.az<\/a> <\/strong>x\u0259b\u0259r verir ki, o, jurnalistin Ukraynada ke\u00e7iril\u0259c\u0259k prezident se\u00e7kisind\u0259 i\u015ftirak etm\u0259k niyy\u0259ti il\u0259 ba\u011fl\u0131 sual\u0131na \u201cB\u0259li, namiz\u0259dliyimi ir\u0259li s\u00fcr\u0259c\u0259y\u0259m\u201d, &#8211; dey\u0259 cavab verib.<\/p>\n<p>Arestovi\u00e7 h\u0259m\u00e7inin t\u0259sdiql\u0259yib ki, Ukraynada siyasi, iqtisadi, sosial, h\u0259rbi v\u0259 dig\u0259r islahatlarla \u0259laq\u0259dar \u00e7\u0259r\u015f\u0259nb\u0259 g\u00fcn\u00fc sosial \u015f\u0259b\u0259k\u0259l\u0259rd\u0259 d\u0259rc etdiyi t\u0259klifl\u0259r onun se\u00e7ki proqram\u0131d\u0131r.<\/p>\n<p>\u00d6lk\u0259ni t\u0259rk etm\u0259si il\u0259 ba\u011fl\u0131 sosial \u015f\u0259b\u0259k\u0259l\u0259rd\u0259 yay\u0131lan m\u0259lumatlara m\u00fcnasib\u0259t bildir\u0259n Arestovi\u00e7 \u201cBir s\u0131ra beyn\u0259lxalq t\u0259dbirl\u0259rim var, onlar\u0131n \u00e7oxunda \u0259sas m\u0259ruz\u0259\u00e7iy\u0259m\u201d, &#8211; dey\u0259 cavab verib.<\/p>\n<p>Qeyd ed\u0259k ki, Ukraynada n\u00f6vb\u0259ti prezident se\u00e7kisi 2024-c\u00fc ilin yaz\u0131nda ke\u00e7irilm\u0259lidir. Haz\u0131rda \u00f6lk\u0259d\u0259 se\u00e7kinin h\u0259rbi v\u0259ziyy\u0259t \u015f\u0259raitind\u0259 ke\u00e7irilm\u0259sinin z\u0259ruriliyin\u0259 dair m\u00fczakir\u0259l\u0259r gedir.<\/p>\n<\/p><\/div>\n<p><script>\n        (function (d, s, id) {\n            var js, fjs = d.getElementsByTagName(s)[0];\n            if (d.getElementById(id)) return;\n            js = d.createElement(s);\n            js.id = id;\n            js.src = \"\/\/connect.facebook.net\/az_AZ\/sdk.js#xfbml=1&version=v2.7&appId=\";\n            fjs.parentNode.insertBefore(js, fjs);\n        }(document, 'script', 'facebook-jssdk'));\n    <\/script><\/p>\n","protected":false},"excerpt":{"rendered":"<p>Ukrayna prezidenti aparat\u0131n\u0131n ke\u00e7mi\u015f m\u00fc\u015faviri Aleksey Arestovi\u00e7 n\u00f6vb\u0259ti prezident se\u00e7kisind\u0259 i\u015ftirak etm\u0259k niyy\u0259tind\u0259dir. Millinews.az x\u0259b\u0259r verir ki, o, jurnalistin Ukraynada ke\u00e7iril\u0259c\u0259k prezident se\u00e7kisind\u0259 i\u015ftirak etm\u0259k niyy\u0259ti il\u0259 ba\u011fl\u0131 sual\u0131na \u201cB\u0259li, namiz\u0259dliyimi ir\u0259li s\u00fcr\u0259c\u0259y\u0259m\u201d, &#8211; dey\u0259 cavab verib. Arestovi\u00e7 h\u0259m\u00e7inin t\u0259sdiql\u0259yib ki, Ukraynada siyasi, iqtisadi, sosial, h\u0259rbi v\u0259 dig\u0259r islahatlarla \u0259laq\u0259dar \u00e7\u0259r\u015f\u0259nb\u0259 g\u00fcn\u00fc sosial \u015f\u0259b\u0259k\u0259l\u0259rd\u0259 d\u0259rc &hellip;<\/p>\n","protected":false},"author":1,"featured_media":7358,"comment_status":"open","ping_status":"closed","sticky":false,"template":"","format":"standard","meta":{"footnotes":""},"categories":[9],"tags":[],"class_list":["post-7357","post","type-post","status-publish","format-standard","has-post-thumbnail","hentry","category-xeber"],"_links":{"self":[{"href":"https:\/\/millitv.net\/index.php?rest_route=\/wp\/v2\/posts\/7357","targetHints":{"allow":["GET"]}}],"collection":[{"href":"https:\/\/millitv.net\/index.php?rest_route=\/wp\/v2\/posts"}],"about":[{"href":"https:\/\/millitv.net\/index.php?rest_route=\/wp\/v2\/types\/post"}],"author":[{"embeddable":true,"href":"https:\/\/millitv.net\/index.php?rest_route=\/wp\/v2\/users\/1"}],"replies":[{"embeddable":true,"href":"https:\/\/millitv.net\/index.php?rest_route=%2Fwp%2Fv2%2Fcomments&post=7357"}],"version-history":[{"count":0,"href":"https:\/\/millitv.net\/index.php?rest_route=\/wp\/v2\/posts\/7357\/revisions"}],"wp:featuredmedia":[{"embeddable":true,"href":"https:\/\/millitv.net\/index.php?rest_route=\/wp\/v2\/media\/7358"}],"wp:attachment":[{"href":"https:\/\/millitv.net\/index.php?rest_route=%2Fwp%2Fv2%2Fmedia&parent=7357"}],"wp:term":[{"taxonomy":"category","embeddable":true,"href":"https:\/\/millitv.net\/index.php?rest_route=%2Fwp%2Fv2%2Fcategories&post=7357"},{"taxonomy":"post_tag","embeddable":true,"href":"https:\/\/millitv.net\/index.php?rest_route=%2Fwp%2Fv2%2Ftags&post=7357"}],"curies":[{"name":"wp","href":"https:\/\/api.w.org\/{rel}","templated":true}]}}