{"id":7337,"date":"2023-11-01T17:54:08","date_gmt":"2023-11-01T17:54:08","guid":{"rendered":"https:\/\/millinews.az\/xeber\/vaqner-diviziyaya-cevrildi-priqojin-komandir-t%C9%99yin-edildi\/"},"modified":"2023-11-01T17:54:08","modified_gmt":"2023-11-01T17:54:08","slug":"vaqner-diviziyaya-cevrildi-priqojin-komandir-t%C9%99yin-edildi","status":"publish","type":"post","link":"https:\/\/millitv.net\/?p=7337","title":{"rendered":"\u201cVaqner\u201d diviziyaya \u00e7evrildi &#8211; Priqojin komandir t\u0259yin edildi"},"content":{"rendered":"<p><img decoding=\"async\" src=\"https:\/\/Millinews.az\/storage\/2023\/11\/01\/3129ac93-286a-473a-b397-fce4e6a01a15.jpg\" alt=\"\" title=\"\"><\/p>\n<div id=\"mvp-content-main\">\n<p><strong>&#8220;Vaqner&#8221;in ke\u00e7mi\u015f r\u0259hb\u0259ri Yevgeni Priqojinin o\u011flu Pavel m\u0259rhum atas\u0131n\u0131n yaratd\u0131\u011f\u0131 \u00f6z\u0259l h\u0259rbi \u015firk\u0259t\u0259 r\u0259hb\u0259rlik ed\u0259c\u0259k. <\/strong><\/p>\n<p><strong><a target=\"_blank\" href=\"https:\/\/Millinews.az\" rel=\"noopener\">Millinews.az<\/a> <\/strong>x\u0259b\u0259r verir ki, bu bar\u0259d\u0259 59.ru portal\u0131na qurumun Permd\u0259ki n\u00fcmay\u0259nd\u0259si m\u0259lumat verib.<\/p>\n<p>Onun s\u00f6zl\u0259rin\u0259 g\u00f6r\u0259, \u201cVaqner\u201d Rusiya Qvardiyas\u0131n\u0131n t\u0259rkibin\u0259 daxil edilib v\u0259 onun diviziyalar\u0131ndan biridir. \u0130ndi yar\u0131mh\u0259rbi d\u0259st\u0259 k\u00f6n\u00fcll\u00fcl\u0259ri c\u0259lb etm\u0259y\u0259 ba\u015flay\u0131b. <\/p>\n<p>\u201cBiz yaln\u0131z m\u00fclki \u015f\u0259xsl\u0259ri i\u015f\u0259 c\u0259lb edirik, h\u0259bsxanalarda olanlar\u0131 yox\u201d, &#8211; m\u0259nb\u0259 59.ru-ya m\u00fcsahib\u0259sind\u0259 deyib. <\/p>\n<p>Daha \u0259vv\u0259l bildirilmi\u015fdi ki, Priqojinin \u00f6l\u00fcm\u00fcnd\u0259n \u00fc\u00e7 ay sonra Permd\u0259ki \u201cVaqner\u201d \u00f6z\u0259l h\u0259rbi \u015firk\u0259tinin s\u0131ralar\u0131na qo\u015fulmaq ist\u0259y\u0259nl\u0259rin i\u015f\u0259 q\u0259bulu b\u0259rpa edilib. Bundan \u0259lav\u0259, Sverdlovsk vilay\u0259tind\u0259n olan d\u00f6y\u00fc\u015f\u00e7\u00fcl\u0259r d\u0259 Rusiya Qvardiyas\u0131n\u0131n t\u0259rkibind\u0259 \u015eimal H\u0259rbi Dair\u0259sin\u0259 g\u00f6nd\u0259rilm\u0259k \u00fc\u00e7\u00fcn haz\u0131rlan\u0131r.<\/p>\n<p>Bel\u0259likl\u0259, \u201cVaqner\u201d r\u0259sm\u0259n diviziona \u00e7evrilib v\u0259 Priqojinin o\u011flu komandir t\u0259yin edilib.<\/p>\n<\/p><\/div>\n<p><script>\n        (function (d, s, id) {\n            var js, fjs = d.getElementsByTagName(s)[0];\n            if (d.getElementById(id)) return;\n            js = d.createElement(s);\n            js.id = id;\n            js.src = \"\/\/connect.facebook.net\/az_AZ\/sdk.js#xfbml=1&version=v2.7&appId=\";\n            fjs.parentNode.insertBefore(js, fjs);\n        }(document, 'script', 'facebook-jssdk'));\n    <\/script><\/p>\n","protected":false},"excerpt":{"rendered":"<p>&#8220;Vaqner&#8221;in ke\u00e7mi\u015f r\u0259hb\u0259ri Yevgeni Priqojinin o\u011flu Pavel m\u0259rhum atas\u0131n\u0131n yaratd\u0131\u011f\u0131 \u00f6z\u0259l h\u0259rbi \u015firk\u0259t\u0259 r\u0259hb\u0259rlik ed\u0259c\u0259k. Millinews.az x\u0259b\u0259r verir ki, bu bar\u0259d\u0259 59.ru portal\u0131na qurumun Permd\u0259ki n\u00fcmay\u0259nd\u0259si m\u0259lumat verib. Onun s\u00f6zl\u0259rin\u0259 g\u00f6r\u0259, \u201cVaqner\u201d Rusiya Qvardiyas\u0131n\u0131n t\u0259rkibin\u0259 daxil edilib v\u0259 onun diviziyalar\u0131ndan biridir. \u0130ndi yar\u0131mh\u0259rbi d\u0259st\u0259 k\u00f6n\u00fcll\u00fcl\u0259ri c\u0259lb etm\u0259y\u0259 ba\u015flay\u0131b. \u201cBiz yaln\u0131z m\u00fclki \u015f\u0259xsl\u0259ri i\u015f\u0259 c\u0259lb edirik, &hellip;<\/p>\n","protected":false},"author":1,"featured_media":7338,"comment_status":"open","ping_status":"closed","sticky":false,"template":"","format":"standard","meta":{"footnotes":""},"categories":[9],"tags":[],"class_list":["post-7337","post","type-post","status-publish","format-standard","has-post-thumbnail","hentry","category-xeber"],"_links":{"self":[{"href":"https:\/\/millitv.net\/index.php?rest_route=\/wp\/v2\/posts\/7337","targetHints":{"allow":["GET"]}}],"collection":[{"href":"https:\/\/millitv.net\/index.php?rest_route=\/wp\/v2\/posts"}],"about":[{"href":"https:\/\/millitv.net\/index.php?rest_route=\/wp\/v2\/types\/post"}],"author":[{"embeddable":true,"href":"https:\/\/millitv.net\/index.php?rest_route=\/wp\/v2\/users\/1"}],"replies":[{"embeddable":true,"href":"https:\/\/millitv.net\/index.php?rest_route=%2Fwp%2Fv2%2Fcomments&post=7337"}],"version-history":[{"count":0,"href":"https:\/\/millitv.net\/index.php?rest_route=\/wp\/v2\/posts\/7337\/revisions"}],"wp:featuredmedia":[{"embeddable":true,"href":"https:\/\/millitv.net\/index.php?rest_route=\/wp\/v2\/media\/7338"}],"wp:attachment":[{"href":"https:\/\/millitv.net\/index.php?rest_route=%2Fwp%2Fv2%2Fmedia&parent=7337"}],"wp:term":[{"taxonomy":"category","embeddable":true,"href":"https:\/\/millitv.net\/index.php?rest_route=%2Fwp%2Fv2%2Fcategories&post=7337"},{"taxonomy":"post_tag","embeddable":true,"href":"https:\/\/millitv.net\/index.php?rest_route=%2Fwp%2Fv2%2Ftags&post=7337"}],"curies":[{"name":"wp","href":"https:\/\/api.w.org\/{rel}","templated":true}]}}