{"id":7312,"date":"2023-11-01T15:29:01","date_gmt":"2023-11-01T15:29:01","guid":{"rendered":"https:\/\/millinews.az\/xeber\/k%C9%99rim-v%C9%99liyev-asim-munirl%C9%99-gorusdu\/"},"modified":"2023-11-01T15:29:01","modified_gmt":"2023-11-01T15:29:01","slug":"k%C9%99rim-v%C9%99liyev-asim-munirl%C9%99-gorusdu","status":"publish","type":"post","link":"https:\/\/millitv.net\/?p=7312","title":{"rendered":"K\u0259rim V\u0259liyev Asim Munirl\u0259 g\u00f6r\u00fc\u015fd\u00fc"},"content":{"rendered":"<div id=\"mvp-content-main\">\n<p><strong>M\u00fcdafi\u0259 nazirinin birinci m\u00fcavini \u2013 Az\u0259rbaycan Ordusunun Ba\u015f Q\u0259rargah r\u0259isi general-polkovnik K\u0259rim V\u0259liyev Pakistan \u0130slam Respublikas\u0131n\u0131n Silahl\u0131 Q\u00fcvv\u0259l\u0259rinin Quru Qo\u015funlar\u0131 komandan\u0131 general Asim Munirin r\u0259hb\u0259rlik etdiyi n\u00fcmay\u0259nd\u0259 hey\u0259ti il\u0259 g\u00f6r\u00fc\u015f\u00fcb.<\/strong><\/p>\n<p>Bu bar\u0259d\u0259 <strong><a target=\"_blank\" href=\"https:\/\/Millinews.az\" rel=\"noopener\">Millinews.az<\/a><\/strong>-a M\u00fcdafi\u0259 Nazirliyind\u0259n m\u0259lumat verilib.<\/p>\n<p>Ba\u015f Q\u0259rargahda ke\u00e7iril\u0259n g\u00f6r\u00fc\u015fd\u0259 iki \u00f6lk\u0259 aras\u0131nda h\u0259rbi \u0259laq\u0259l\u0259rin v\u0259 strateji t\u0259r\u0259fda\u015fl\u0131\u011f\u0131n y\u00fcks\u0259l\u0259n x\u0259tl\u0259 inki\u015faf etdiyi vur\u011fulan\u0131b.<\/p>\n<p>\u0130kit\u0259r\u0259fli v\u0259 \u00fc\u00e7t\u0259r\u0259fli birg\u0259 t\u0259liml\u0259rin intensivliyinin art\u0131r\u0131lmas\u0131n\u0131n vacibliyi bildirilib.<\/p>\n<p><img decoding=\"async\" alt=\"\" src=\"https:\/\/cdn.axar.az\/2023\/11\/01\/veliyev-munir.jpg\" title=\"\"><\/p>\n<\/p><\/div>\n<p><script>\n        (function (d, s, id) {\n            var js, fjs = d.getElementsByTagName(s)[0];\n            if (d.getElementById(id)) return;\n            js = d.createElement(s);\n            js.id = id;\n            js.src = \"\/\/connect.facebook.net\/az_AZ\/sdk.js#xfbml=1&version=v2.7&appId=\";\n            fjs.parentNode.insertBefore(js, fjs);\n        }(document, 'script', 'facebook-jssdk'));\n    <\/script><\/p>\n","protected":false},"excerpt":{"rendered":"<p>M\u00fcdafi\u0259 nazirinin birinci m\u00fcavini \u2013 Az\u0259rbaycan Ordusunun Ba\u015f Q\u0259rargah r\u0259isi general-polkovnik K\u0259rim V\u0259liyev Pakistan \u0130slam Respublikas\u0131n\u0131n Silahl\u0131 Q\u00fcvv\u0259l\u0259rinin Quru Qo\u015funlar\u0131 komandan\u0131 general Asim Munirin r\u0259hb\u0259rlik etdiyi n\u00fcmay\u0259nd\u0259 hey\u0259ti il\u0259 g\u00f6r\u00fc\u015f\u00fcb. Bu bar\u0259d\u0259 Millinews.az-a M\u00fcdafi\u0259 Nazirliyind\u0259n m\u0259lumat verilib. Ba\u015f Q\u0259rargahda ke\u00e7iril\u0259n g\u00f6r\u00fc\u015fd\u0259 iki \u00f6lk\u0259 aras\u0131nda h\u0259rbi \u0259laq\u0259l\u0259rin v\u0259 strateji t\u0259r\u0259fda\u015fl\u0131\u011f\u0131n y\u00fcks\u0259l\u0259n x\u0259tl\u0259 inki\u015faf etdiyi vur\u011fulan\u0131b. \u0130kit\u0259r\u0259fli &hellip;<\/p>\n","protected":false},"author":1,"featured_media":7313,"comment_status":"open","ping_status":"closed","sticky":false,"template":"","format":"standard","meta":{"footnotes":""},"categories":[9],"tags":[],"class_list":["post-7312","post","type-post","status-publish","format-standard","has-post-thumbnail","hentry","category-xeber"],"_links":{"self":[{"href":"https:\/\/millitv.net\/index.php?rest_route=\/wp\/v2\/posts\/7312","targetHints":{"allow":["GET"]}}],"collection":[{"href":"https:\/\/millitv.net\/index.php?rest_route=\/wp\/v2\/posts"}],"about":[{"href":"https:\/\/millitv.net\/index.php?rest_route=\/wp\/v2\/types\/post"}],"author":[{"embeddable":true,"href":"https:\/\/millitv.net\/index.php?rest_route=\/wp\/v2\/users\/1"}],"replies":[{"embeddable":true,"href":"https:\/\/millitv.net\/index.php?rest_route=%2Fwp%2Fv2%2Fcomments&post=7312"}],"version-history":[{"count":0,"href":"https:\/\/millitv.net\/index.php?rest_route=\/wp\/v2\/posts\/7312\/revisions"}],"wp:featuredmedia":[{"embeddable":true,"href":"https:\/\/millitv.net\/index.php?rest_route=\/wp\/v2\/media\/7313"}],"wp:attachment":[{"href":"https:\/\/millitv.net\/index.php?rest_route=%2Fwp%2Fv2%2Fmedia&parent=7312"}],"wp:term":[{"taxonomy":"category","embeddable":true,"href":"https:\/\/millitv.net\/index.php?rest_route=%2Fwp%2Fv2%2Fcategories&post=7312"},{"taxonomy":"post_tag","embeddable":true,"href":"https:\/\/millitv.net\/index.php?rest_route=%2Fwp%2Fv2%2Ftags&post=7312"}],"curies":[{"name":"wp","href":"https:\/\/api.w.org\/{rel}","templated":true}]}}