{"id":7302,"date":"2023-11-01T14:55:07","date_gmt":"2023-11-01T14:55:07","guid":{"rendered":"https:\/\/millinews.az\/xeber\/hakan-fidan-berlin%C9%99-gedir\/"},"modified":"2023-11-01T14:55:07","modified_gmt":"2023-11-01T14:55:07","slug":"hakan-fidan-berlin%C9%99-gedir","status":"publish","type":"post","link":"https:\/\/millitv.net\/?p=7302","title":{"rendered":"Hakan Fidan Berlin\u0259 gedir"},"content":{"rendered":"<p><img decoding=\"async\" src=\"https:\/\/Millinews.az\/storage\/2023\/07\/04\/hakan_fidan.jpg\" alt=\"\" title=\"\"><\/p>\n<div id=\"mvp-content-main\">\n<p><strong>T\u00fcrkiy\u0259nin xarici i\u015fl\u0259r naziri Hakan Fidan sabah Almaniyan\u0131n paytaxt\u0131 Berlin\u0259 s\u0259f\u0259r ed\u0259c\u0259k.<\/strong><\/p>\n<p><strong><a target=\"_blank\" href=\"https:\/\/Millinews.az\" rel=\"noopener\">Millinews.az<\/a><\/strong> x\u0259b\u0259r verir ki, bu bar\u0259d\u0259 T\u00fcrkiy\u0259 Xarici \u0130\u015fl\u0259r (X\u0130N) m\u0259lumat yay\u0131b.<\/p>\n<p>Qeyd edilib ki, nazir Avropa \u0130ttifaq\u0131n\u0131n (A\u0130) Geni\u015fl\u0259nm\u0259si \u00fczr\u0259 Nazirl\u0259r Konfrans\u0131nda i\u015ftirak ed\u0259c\u0259k.<\/p>\n<p>Konfransda A\u0130-nin geni\u015fl\u0259nm\u0259 strategiyas\u0131n\u0131n \u0259sas dinamikas\u0131, h\u0259m A\u0130, h\u0259m d\u0259 namiz\u0259d \u00f6lk\u0259l\u0259r t\u0259r\u0259find\u0259n at\u0131lmas\u0131 vacib olan add\u0131mlar m\u00fczakir\u0259 olunacaq.<\/p>\n<\/p><\/div>\n<p><script>\n        (function (d, s, id) {\n            var js, fjs = d.getElementsByTagName(s)[0];\n            if (d.getElementById(id)) return;\n            js = d.createElement(s);\n            js.id = id;\n            js.src = \"\/\/connect.facebook.net\/az_AZ\/sdk.js#xfbml=1&version=v2.7&appId=\";\n            fjs.parentNode.insertBefore(js, fjs);\n        }(document, 'script', 'facebook-jssdk'));\n    <\/script><\/p>\n","protected":false},"excerpt":{"rendered":"<p>T\u00fcrkiy\u0259nin xarici i\u015fl\u0259r naziri Hakan Fidan sabah Almaniyan\u0131n paytaxt\u0131 Berlin\u0259 s\u0259f\u0259r ed\u0259c\u0259k. Millinews.az x\u0259b\u0259r verir ki, bu bar\u0259d\u0259 T\u00fcrkiy\u0259 Xarici \u0130\u015fl\u0259r (X\u0130N) m\u0259lumat yay\u0131b. Qeyd edilib ki, nazir Avropa \u0130ttifaq\u0131n\u0131n (A\u0130) Geni\u015fl\u0259nm\u0259si \u00fczr\u0259 Nazirl\u0259r Konfrans\u0131nda i\u015ftirak ed\u0259c\u0259k. Konfransda A\u0130-nin geni\u015fl\u0259nm\u0259 strategiyas\u0131n\u0131n \u0259sas dinamikas\u0131, h\u0259m A\u0130, h\u0259m d\u0259 namiz\u0259d \u00f6lk\u0259l\u0259r t\u0259r\u0259find\u0259n at\u0131lmas\u0131 vacib olan add\u0131mlar m\u00fczakir\u0259 &hellip;<\/p>\n","protected":false},"author":1,"featured_media":4276,"comment_status":"open","ping_status":"closed","sticky":false,"template":"","format":"standard","meta":{"footnotes":""},"categories":[9],"tags":[],"class_list":["post-7302","post","type-post","status-publish","format-standard","has-post-thumbnail","hentry","category-xeber"],"_links":{"self":[{"href":"https:\/\/millitv.net\/index.php?rest_route=\/wp\/v2\/posts\/7302","targetHints":{"allow":["GET"]}}],"collection":[{"href":"https:\/\/millitv.net\/index.php?rest_route=\/wp\/v2\/posts"}],"about":[{"href":"https:\/\/millitv.net\/index.php?rest_route=\/wp\/v2\/types\/post"}],"author":[{"embeddable":true,"href":"https:\/\/millitv.net\/index.php?rest_route=\/wp\/v2\/users\/1"}],"replies":[{"embeddable":true,"href":"https:\/\/millitv.net\/index.php?rest_route=%2Fwp%2Fv2%2Fcomments&post=7302"}],"version-history":[{"count":0,"href":"https:\/\/millitv.net\/index.php?rest_route=\/wp\/v2\/posts\/7302\/revisions"}],"wp:featuredmedia":[{"embeddable":true,"href":"https:\/\/millitv.net\/index.php?rest_route=\/wp\/v2\/media\/4276"}],"wp:attachment":[{"href":"https:\/\/millitv.net\/index.php?rest_route=%2Fwp%2Fv2%2Fmedia&parent=7302"}],"wp:term":[{"taxonomy":"category","embeddable":true,"href":"https:\/\/millitv.net\/index.php?rest_route=%2Fwp%2Fv2%2Fcategories&post=7302"},{"taxonomy":"post_tag","embeddable":true,"href":"https:\/\/millitv.net\/index.php?rest_route=%2Fwp%2Fv2%2Ftags&post=7302"}],"curies":[{"name":"wp","href":"https:\/\/api.w.org\/{rel}","templated":true}]}}