{"id":7270,"date":"2023-11-01T13:31:33","date_gmt":"2023-11-01T13:31:33","guid":{"rendered":"https:\/\/millinews.az\/xeber\/hakan-fidan-israil%C9%99-x%C9%99b%C9%99rdarliq-etdi-r%C9%99isi-turkiy%C9%99y%C9%99-g%C9%99lir\/"},"modified":"2023-11-01T13:31:33","modified_gmt":"2023-11-01T13:31:33","slug":"hakan-fidan-israil%C9%99-x%C9%99b%C9%99rdarliq-etdi-r%C9%99isi-turkiy%C9%99y%C9%99-g%C9%99lir","status":"publish","type":"post","link":"https:\/\/millitv.net\/?p=7270","title":{"rendered":"Hakan Fidan \u0130srail\u0259 x\u0259b\u0259rdarl\u0131q etdi: R\u0259isi T\u00fcrkiy\u0259y\u0259 g\u0259lir"},"content":{"rendered":"<p><img decoding=\"async\" src=\"https:\/\/Millinews.az\/storage\/2023\/11\/01\/a630cefc-8dc9-4120-8a6a-1e8d4030326d.jpg\" alt=\"\" title=\"\"><\/p>\n<div id=\"mvp-content-main\">\n<p><strong>\u0130ran\u0131n xarici i\u015fl\u0259r naziri H\u00fcseyn \u018fmir Abdullahiyan T\u00fcrkiy\u0259d\u0259 s\u0259f\u0259rd\u0259dir. Xarici i\u015fl\u0259r naziri Hakan Fidan iranl\u0131 h\u0259mkar\u0131 il\u0259 m\u0259tbuat konfrans\u0131nda jurnalistl\u0259rin suallar\u0131na cavab veribl\u0259r.<\/strong><\/p>\n<p><strong><a target=\"_blank\" href=\"https:\/\/Millinews.az\" rel=\"noopener\">Millinews.az<\/a><\/strong> \u201cSabah\u201da istinad\u0259n x\u0259b\u0259r verir ki, Hakan Fidan \u0130srailin Q\u0259zzada t\u00f6r\u0259tdiyi v\u0259h\u015filikl\u0259ri pisl\u0259yib:<\/p>\n<p>\u201c\u018fdal\u0259tli bir d\u00fcnya ist\u0259yiriks\u0259, prinsipial olmal\u0131y\u0131q. \u0130srail bunu anlamal\u0131d\u0131r. T\u0259hl\u00fck\u0259sizliyi zorak\u0131l\u0131qla \u0259ld\u0259 ed\u0259 bilm\u0259rik. At\u0259\u015fk\u0259s m\u00fcmk\u00fcn q\u0259d\u0259r tez olmal\u0131d\u0131r. B\u0259zi \u00f6lk\u0259l\u0259rin zorak\u0131l\u0131\u011f\u0131 t\u0259\u015fviq etm\u0259si q\u0259buledilm\u0259zdir. Region v\u0259 d\u00fcnyan\u0131 s\u00fclh\u00fc \u00e7a\u011f\u0131r\u0131r\u0131q\u201d.<\/p>\n<p>T\u00fcrkiy\u0259li nazir a\u00e7\u0131qlamalar\u0131nda \u0130ran prezidentinin T\u00fcrkiy\u0259y\u0259 g\u0259l\u0259c\u0259yini d\u0259 bildirib.<\/p>\n<p>\u0130ran\u0131n xarici i\u015fl\u0259r naziri Abdullahiyan qeyd edib ki, sionist rejim Q\u0259zzada qad\u0131nlar\u0131, u\u015faqlar\u0131 v\u0259 m\u00fclki insanlar\u0131 q\u0259tl\u0259 yetirm\u0259y\u0259 davam edir:<\/p>\n<p>\u201cM\u00fcharib\u0259 dayand\u0131r\u0131lmasa, regionda v\u0259ziyy\u0259tin n\u0259zar\u0259td\u0259n \u00e7\u0131xmas\u0131na g\u00f6r\u0259 m\u0259suliyy\u0259t AB\u015e, \u0130srail v\u0259 dig\u0259rl\u0259rinin \u00fcz\u0259rin\u0259 d\u00fc\u015f\u00fcr. \u0130srail m\u0259hsullar\u0131n\u0131 boykot etm\u0259liyik\u201d.<\/p>\n<p><em><strong>Aysel \u015eahmar<\/strong><\/em><\/p>\n<\/p><\/div>\n<p><script>\n        (function (d, s, id) {\n            var js, fjs = d.getElementsByTagName(s)[0];\n            if (d.getElementById(id)) return;\n            js = d.createElement(s);\n            js.id = id;\n            js.src = \"\/\/connect.facebook.net\/az_AZ\/sdk.js#xfbml=1&version=v2.7&appId=\";\n            fjs.parentNode.insertBefore(js, fjs);\n        }(document, 'script', 'facebook-jssdk'));\n    <\/script><\/p>\n","protected":false},"excerpt":{"rendered":"<p>\u0130ran\u0131n xarici i\u015fl\u0259r naziri H\u00fcseyn \u018fmir Abdullahiyan T\u00fcrkiy\u0259d\u0259 s\u0259f\u0259rd\u0259dir. Xarici i\u015fl\u0259r naziri Hakan Fidan iranl\u0131 h\u0259mkar\u0131 il\u0259 m\u0259tbuat konfrans\u0131nda jurnalistl\u0259rin suallar\u0131na cavab veribl\u0259r. Millinews.az \u201cSabah\u201da istinad\u0259n x\u0259b\u0259r verir ki, Hakan Fidan \u0130srailin Q\u0259zzada t\u00f6r\u0259tdiyi v\u0259h\u015filikl\u0259ri pisl\u0259yib: \u201c\u018fdal\u0259tli bir d\u00fcnya ist\u0259yiriks\u0259, prinsipial olmal\u0131y\u0131q. \u0130srail bunu anlamal\u0131d\u0131r. T\u0259hl\u00fck\u0259sizliyi zorak\u0131l\u0131qla \u0259ld\u0259 ed\u0259 bilm\u0259rik. At\u0259\u015fk\u0259s m\u00fcmk\u00fcn q\u0259d\u0259r tez olmal\u0131d\u0131r. &hellip;<\/p>\n","protected":false},"author":1,"featured_media":7271,"comment_status":"open","ping_status":"closed","sticky":false,"template":"","format":"standard","meta":{"footnotes":""},"categories":[9],"tags":[],"class_list":["post-7270","post","type-post","status-publish","format-standard","has-post-thumbnail","hentry","category-xeber"],"_links":{"self":[{"href":"https:\/\/millitv.net\/index.php?rest_route=\/wp\/v2\/posts\/7270","targetHints":{"allow":["GET"]}}],"collection":[{"href":"https:\/\/millitv.net\/index.php?rest_route=\/wp\/v2\/posts"}],"about":[{"href":"https:\/\/millitv.net\/index.php?rest_route=\/wp\/v2\/types\/post"}],"author":[{"embeddable":true,"href":"https:\/\/millitv.net\/index.php?rest_route=\/wp\/v2\/users\/1"}],"replies":[{"embeddable":true,"href":"https:\/\/millitv.net\/index.php?rest_route=%2Fwp%2Fv2%2Fcomments&post=7270"}],"version-history":[{"count":0,"href":"https:\/\/millitv.net\/index.php?rest_route=\/wp\/v2\/posts\/7270\/revisions"}],"wp:featuredmedia":[{"embeddable":true,"href":"https:\/\/millitv.net\/index.php?rest_route=\/wp\/v2\/media\/7271"}],"wp:attachment":[{"href":"https:\/\/millitv.net\/index.php?rest_route=%2Fwp%2Fv2%2Fmedia&parent=7270"}],"wp:term":[{"taxonomy":"category","embeddable":true,"href":"https:\/\/millitv.net\/index.php?rest_route=%2Fwp%2Fv2%2Fcategories&post=7270"},{"taxonomy":"post_tag","embeddable":true,"href":"https:\/\/millitv.net\/index.php?rest_route=%2Fwp%2Fv2%2Ftags&post=7270"}],"curies":[{"name":"wp","href":"https:\/\/api.w.org\/{rel}","templated":true}]}}