{"id":7241,"date":"2023-11-01T12:20:02","date_gmt":"2023-11-01T12:20:02","guid":{"rendered":"https:\/\/millinews.az\/xeber\/yeni-bir-muharib%C9%99-43-doyus-t%C9%99yyar%C9%99si-il%C9%99-daxil-oldular\/"},"modified":"2023-11-01T12:20:02","modified_gmt":"2023-11-01T12:20:02","slug":"yeni-bir-muharib%C9%99-43-doyus-t%C9%99yyar%C9%99si-il%C9%99-daxil-oldular","status":"publish","type":"post","link":"https:\/\/millitv.net\/?p=7241","title":{"rendered":"Yeni bir m\u00fcharib\u0259? &#8211; 43 d\u00f6y\u00fc\u015f t\u0259yyar\u0259si il\u0259 daxil oldular"},"content":{"rendered":"<p><img decoding=\"async\" src=\"https:\/\/Millinews.az\/storage\/2023\/11\/01\/752x395-yeni-bir-savas-daha-mi-43-savas-ucagi-ile-girdiler-1698819396713.jpg\" alt=\"\" title=\"\"><\/p>\n<div id=\"mvp-content-main\">\n<p><strong>Tayvan M\u00fcdafi\u0259 Nazirliyi d\u00fcn\u0259n gec\u0259d\u0259n bu g\u00fcn s\u0259h\u0259r\u0259 q\u0259d\u0259r Tayvan adas\u0131 \u0259traf\u0131nda \u00c7in\u0259 aid 43 h\u0259rbi t\u0259yyar\u0259 v\u0259 7 d\u00f6y\u00fc\u015f g\u0259misinin a\u015fkarland\u0131\u011f\u0131n\u0131 bildirib.<\/strong><\/p>\n<p><strong><a target=\"_blank\" href=\"https:\/\/Millinews.az\" rel=\"noopener\">Millinews.az<\/a><\/strong> x\u0259b\u0259r verir ki, nazirlik bu bar\u0259d\u0259 &#8220;X&#8221; sosial media hesab\u0131ndak\u0131 payla\u015f\u0131m\u0131nda qeyd edib. A\u00e7\u0131qlamada, 43 t\u0259yyar\u0259d\u0259n 37-sinin Tayvan bo\u011faz\u0131nda t\u0259r\u0259fl\u0259rin t\u0259sir zonalar\u0131n\u0131 m\u0259hdudla\u015fd\u0131rmas\u0131 n\u0259z\u0259rd\u0259 tutulan hava v\u0259 d\u0259niz x\u0259ttini ke\u00e7diyi, Tayvan\u0131n \u201cHava H\u00fccumundan M\u00fcdafi\u0259 \u0130dentifikasiya Zonas\u0131 (AD\u0130Z)\u201d kimi elan etdiyi \u0259razid\u0259 u\u00e7du\u011fu bildirilib.<\/p>\n<p>B\u0259yanatda 4 \u0259d\u0259d &#8220;J-10&#8221; tipli d\u00f6y\u00fc\u015f t\u0259yyar\u0259sinin Tayvan bo\u011faz\u0131nda nominal &#8220;orta x\u0259tt&#8221;i ke\u00e7diyi, 6 \u0259d\u0259d &#8220;SU-30&#8221;, 16 \u0259d\u0259d &#8220;J-16&#8221; tipli d\u00f6y\u00fc\u015f t\u0259yyar\u0259si, 4 \u0259d\u0259d &#8220;H-6K&#8221; tipli strateji bombardman\u00e7\u0131, 2 \u0259d\u0259d &#8220;KJ-500&#8221; tipli erk\u0259n x\u0259b\u0259rdarl\u0131q, 2 \u0259d\u0259d &#8220;Y-20&#8221; tipli yanacaq doldurma, \u201cY-8\u201d tipli d\u0259niz patrulu v\u0259 \u201cY-9\u201d tipli h\u0259rbi-n\u0259qliyyat t\u0259yyar\u0259si il\u0259 \u201cWZ-7\u201d tipli silahl\u0131 pilotsuz u\u00e7u\u015f aparat\u0131n\u0131n AD\u0130Z-in c\u0259nub-q\u0259rbind\u0259 u\u00e7u\u015f h\u0259yata ke\u00e7irdiyi qeyd olunub.<\/p>\n<p>M\u0259lumata g\u00f6r\u0259, adan\u0131n \u0259traf\u0131nda \u00c7in\u0259 aid 7 d\u00f6y\u00fc\u015f g\u0259misi g\u00f6r\u00fcn\u00fcb, t\u0259yyar\u0259 v\u0259 g\u0259mil\u0259r d\u00f6y\u00fc\u015f t\u0259yyar\u0259l\u0259ri, patrul g\u0259mil\u0259ri v\u0259 raket sisteml\u0259ri il\u0259 izl\u0259nilib.<\/p>\n<p>AB\u015e N\u00fcmay\u0259nd\u0259l\u0259r Palatas\u0131n\u0131n spikeri Nensi Pelosinin 2022-ci ilin avqustunda Tayvana s\u0259f\u0259rind\u0259n sonra \u00c7in ordusu ada \u0259traf\u0131nda h\u0259rbi patrul f\u0259aliyy\u0259tl\u0259rini v\u0259 AD\u0130Z il\u0259 &#8220;orta x\u0259tt&#8221; \u00fczr\u0259 u\u00e7u\u015flar\u0131 davaml\u0131 hala g\u0259tirmi\u015fdi.<\/p>\n<p>\u00c7oxlu sayda h\u0259rbi texnikan\u0131n h\u0259r\u0259k\u0259tliliyi sonuncu d\u0259f\u0259 oktyabr\u0131n 27-d\u0259, adan\u0131n \u0259traf\u0131nda 35 t\u0259yyar\u0259 v\u0259 15 g\u0259mi a\u015fkar edildikd\u0259 g\u00f6r\u00fcl\u00fcb. \u00c7in Tayvan adas\u0131n\u0131 \u00f6z \u0259razisinin bir hiss\u0259si, Tayvan bo\u011faz\u0131n\u0131 is\u0259 \u0259razi sular\u0131 hesab edir v\u0259 adan\u0131n materikl\u0259 birl\u0259\u015fdirilm\u0259si \u00fc\u00e7\u00fcn laz\u0131m g\u0259l\u0259rs\u0259, g\u00fcc t\u0259tbiqini istisna etm\u0259y\u0259c\u0259yini vur\u011fulay\u0131r.<\/p>\n<p>Tayvan 1949-cu ild\u0259n, \u00c7in Xalq Respublikas\u0131 qurulandan b\u0259ri faktiki m\u00fcst\u0259qilliy\u0259 malikdir. V\u0259t\u0259nda\u015f m\u00fcharib\u0259sind\u0259n sonra \u00c7in torpaqlar\u0131 v\u0259 Tayvan aras\u0131nda yaranan ayr\u0131l\u0131q h\u0259l\u0259 d\u0259 davam edir.<\/p>\n<p>N\u0259zrin Cavadzad\u0259<\/p>\n<\/p><\/div>\n<p><script>\n        (function (d, s, id) {\n            var js, fjs = d.getElementsByTagName(s)[0];\n            if (d.getElementById(id)) return;\n            js = d.createElement(s);\n            js.id = id;\n            js.src = \"\/\/connect.facebook.net\/az_AZ\/sdk.js#xfbml=1&version=v2.7&appId=\";\n            fjs.parentNode.insertBefore(js, fjs);\n        }(document, 'script', 'facebook-jssdk'));\n    <\/script><\/p>\n","protected":false},"excerpt":{"rendered":"<p>Tayvan M\u00fcdafi\u0259 Nazirliyi d\u00fcn\u0259n gec\u0259d\u0259n bu g\u00fcn s\u0259h\u0259r\u0259 q\u0259d\u0259r Tayvan adas\u0131 \u0259traf\u0131nda \u00c7in\u0259 aid 43 h\u0259rbi t\u0259yyar\u0259 v\u0259 7 d\u00f6y\u00fc\u015f g\u0259misinin a\u015fkarland\u0131\u011f\u0131n\u0131 bildirib. Millinews.az x\u0259b\u0259r verir ki, nazirlik bu bar\u0259d\u0259 &#8220;X&#8221; sosial media hesab\u0131ndak\u0131 payla\u015f\u0131m\u0131nda qeyd edib. A\u00e7\u0131qlamada, 43 t\u0259yyar\u0259d\u0259n 37-sinin Tayvan bo\u011faz\u0131nda t\u0259r\u0259fl\u0259rin t\u0259sir zonalar\u0131n\u0131 m\u0259hdudla\u015fd\u0131rmas\u0131 n\u0259z\u0259rd\u0259 tutulan hava v\u0259 d\u0259niz x\u0259ttini ke\u00e7diyi, Tayvan\u0131n &hellip;<\/p>\n","protected":false},"author":1,"featured_media":7242,"comment_status":"open","ping_status":"closed","sticky":false,"template":"","format":"standard","meta":{"footnotes":""},"categories":[9],"tags":[],"class_list":["post-7241","post","type-post","status-publish","format-standard","has-post-thumbnail","hentry","category-xeber"],"_links":{"self":[{"href":"https:\/\/millitv.net\/index.php?rest_route=\/wp\/v2\/posts\/7241","targetHints":{"allow":["GET"]}}],"collection":[{"href":"https:\/\/millitv.net\/index.php?rest_route=\/wp\/v2\/posts"}],"about":[{"href":"https:\/\/millitv.net\/index.php?rest_route=\/wp\/v2\/types\/post"}],"author":[{"embeddable":true,"href":"https:\/\/millitv.net\/index.php?rest_route=\/wp\/v2\/users\/1"}],"replies":[{"embeddable":true,"href":"https:\/\/millitv.net\/index.php?rest_route=%2Fwp%2Fv2%2Fcomments&post=7241"}],"version-history":[{"count":0,"href":"https:\/\/millitv.net\/index.php?rest_route=\/wp\/v2\/posts\/7241\/revisions"}],"wp:featuredmedia":[{"embeddable":true,"href":"https:\/\/millitv.net\/index.php?rest_route=\/wp\/v2\/media\/7242"}],"wp:attachment":[{"href":"https:\/\/millitv.net\/index.php?rest_route=%2Fwp%2Fv2%2Fmedia&parent=7241"}],"wp:term":[{"taxonomy":"category","embeddable":true,"href":"https:\/\/millitv.net\/index.php?rest_route=%2Fwp%2Fv2%2Fcategories&post=7241"},{"taxonomy":"post_tag","embeddable":true,"href":"https:\/\/millitv.net\/index.php?rest_route=%2Fwp%2Fv2%2Ftags&post=7241"}],"curies":[{"name":"wp","href":"https:\/\/api.w.org\/{rel}","templated":true}]}}