{"id":7239,"date":"2023-11-01T12:09:18","date_gmt":"2023-11-01T12:09:18","guid":{"rendered":"https:\/\/millinews.az\/xeber\/eliabad-b%C9%99hm%C9%99tli-kurd%C9%99mir-lahic-yolunun-insasi-basa-catdi\/"},"modified":"2023-11-01T12:09:18","modified_gmt":"2023-11-01T12:09:18","slug":"eliabad-b%C9%99hm%C9%99tli-kurd%C9%99mir-lahic-yolunun-insasi-basa-catdi","status":"publish","type":"post","link":"https:\/\/millitv.net\/?p=7239","title":{"rendered":"\u018fliabad-B\u0259hm\u0259tli-K\u00fcrd\u0259mir-Lah\u0131c yolunun in\u015fas\u0131 ba\u015fa \u00e7atd\u0131"},"content":{"rendered":"<div id=\"maincontent\">&#13;<br \/>\n        &#13;<\/p>\n<p><strong>Yevlax-Zaqatala-G\u00fcrc\u00fcstan il\u0259 d\u00f6vl\u0259t s\u0259rh\u0259di avtomobil yolunun 156 kilometrind\u0259n ayr\u0131lan \u018fliabad-B\u0259hm\u0259tli-K\u00fcrd\u0259mir-Lah\u0131c avtomobil yolunun in\u015fas\u0131 yekunla\u015f\u0131b.<\/strong><\/p>\n<p>Az\u0259rbaycan Avtomobil Yollar\u0131 D\u00f6vl\u0259t Agentliyinin \u0130ctimaiyy\u0259tl\u0259 \u0259laq\u0259l\u0259r \u015f\u00f6b\u0259sind\u0259n <a href=\"https:\/\/Millinews.az\" target=\"_blank\" class=\"kw-link\" rel=\"noopener\">Millinews.az<\/a>-a veril\u0259n m\u0259lumata g\u00f6r\u0259, 22.4 kilometr uzunlu\u011fu olan avtomobil yolu 2 h\u0259r\u0259k\u0259t zolaql\u0131 olmaqla 4-c\u00fc texniki d\u0259r\u0259c\u0259y\u0259 uy\u011fun olaraq yenid\u0259n qurulub. Yolun h\u0259r\u0259k\u0259t hiss\u0259sinin eni 6 metr olmaqla yol yata\u011f\u0131n\u0131n eni 10 metr t\u0259\u015fkil edir. &#13;\n<\/p>\n<p>Layih\u0259 \u00e7\u0259r\u00e7iv\u0259sind\u0259 yolboyu torpaq i\u015fl\u0259ri yerin\u0259 yetirilib, yol yata\u011f\u0131n\u0131n yarars\u0131z qruntunun \u00e7\u0131xar\u0131lmas\u0131, m\u00fcxt\u0259lif h\u0259cmd\u0259 yol yata\u011f\u0131n\u0131n geni\u015fl\u0259ndirilm\u0259si, yeni yol yata\u011f\u0131n\u0131n in\u015fas\u0131 i\u015fl\u0259ri icra olunub v\u0259 yola yeni asfalt-beton \u00f6rt\u00fcy\u00fcn\u00fcn d\u00f6\u015f\u0259nm\u0259si i\u015fl\u0259ri apar\u0131l\u0131b.<\/p>\n<p>Apar\u0131lan i\u015fl\u0259r \u00e7\u0259r\u00e7iv\u0259sind\u0259 yolboyu sular\u0131n \u00f6t\u00fcr\u00fclm\u0259sini t\u0259min etm\u0259k m\u0259qs\u0259dil\u0259 m\u00fcxt\u0259lif \u00f6l\u00e7\u00fcl\u00fc 130 su\u00f6t\u00fcr\u00fcc\u00fc borunun t\u0259miri, z\u0259ruri yerl\u0259rd\u0259 yenil\u0259nm\u0259si v\u0259 layih\u0259 \u00fczr\u0259 yolun \u0259hat\u0259 etdiyi ya\u015fay\u0131\u015f m\u0259nt\u0259q\u0259l\u0259rinin daxilind\u0259n ke\u00e7\u0259n v\u0259 \u00fcmumi uzunlu\u011fu 970 metr olan su arxlar\u0131n\u0131n b\u0259rpas\u0131 i\u015fl\u0259ri icra olunub.<\/p>\n<p>Layih\u0259nin sonuncu m\u0259rh\u0259l\u0259sind\u0259 yol ni\u015fanlar\u0131, avtobus dayanacaqlar\u0131, siqnal dir\u0259kl\u0259ri qura\u015fd\u0131r\u0131l\u0131b, yolcizgi v\u0259 yolg\u00f6st\u0259rici x\u0259tl\u0259rin \u00e7\u0259kilm\u0259si i\u015fl\u0259ri apar\u0131l\u0131b.<\/p>\n<p>\u018fliabad-B\u0259hm\u0259tli-K\u00fcrd\u0259mir-Lah\u0131c avtomobil yolunun m\u00fcasir s\u0259viyy\u0259d\u0259 yenid\u0259n qurulmas\u0131 il\u0259 Yevlax-Zaqatala-G\u00fcrc\u00fcstan il\u0259 d\u00f6vl\u0259t s\u0259rh\u0259di avtomobil yoluna rahat \u00e7\u0131x\u0131\u015f \u0259ld\u0259 olunacaq, y\u00fck v\u0259 s\u0259rni\u015fin da\u015f\u0131mas\u0131 xeyli yax\u015f\u0131la\u015facaq, yeti\u015fdiril\u0259n m\u0259hsullar\u0131n rahat \u015f\u0259kild\u0259 bazarlara da\u015f\u0131nmas\u0131na imkan yaranacaq. Bu is\u0259 yolboyu ya\u015fayan \u0259halinin sosial rifah\u0131n\u0131n y\u00fcks\u0259lm\u0259sin\u0259 birba\u015fa t\u0259sir ed\u0259n k\u0259nd t\u0259s\u0259rr\u00fcfat\u0131n\u0131n inki\u015faf\u0131na m\u00fcsb\u0259t t\u0259sir ed\u0259c\u0259k.<\/p>\n<p>Qeyd ed\u0259k ki, \u00e7\u0131nq\u0131l yolda x\u00fcsus\u0259n pay\u0131z-q\u0131\u015f aylar\u0131nda ist\u0259r avton\u0259qliyyat vasit\u0259l\u0259rinin, ist\u0259rs\u0259 d\u0259 v\u0259t\u0259nda\u015flar\u0131n h\u0259r\u0259k\u0259tind\u0259 bir s\u0131ra probleml\u0259r ya\u015fan\u0131rd\u0131.&#13;<br \/>\n        &#13;<br \/>\n&#13;<br \/>\n        &#13;<br \/>\n&#13;\n        <\/p>\n<p><noscript><\/p>\n<p>You must enable Javascript on your browser for the site to work optimally and display sections completely.<\/p>\n<p><\/noscript>\t\t&#13;<br \/>\n\t\t&#13;\n    <\/div>\n<p><script type=\"text\/javascript\">jQuery(document).ready(function () {\n(function(d, s, id) {\n    var js, fjs = d.getElementsByTagName(s)[0];\n    if (d.getElementById(id))\n        return;\n    js = d.createElement(s);\n    js.id = id;\n    js.src = \"\/\/connect.facebook.net\/az_AZ\/all.js#xfbml=1&appId=1002485763137712\";\n    fjs.parentNode.insertBefore(js, fjs);\n}(document, 'script', 'facebook-jssdk'));                \n});<\/script><\/p>\n","protected":false},"excerpt":{"rendered":"<p>&#13; &#13; Yevlax-Zaqatala-G\u00fcrc\u00fcstan il\u0259 d\u00f6vl\u0259t s\u0259rh\u0259di avtomobil yolunun 156 kilometrind\u0259n ayr\u0131lan \u018fliabad-B\u0259hm\u0259tli-K\u00fcrd\u0259mir-Lah\u0131c avtomobil yolunun in\u015fas\u0131 yekunla\u015f\u0131b. Az\u0259rbaycan Avtomobil Yollar\u0131 D\u00f6vl\u0259t Agentliyinin \u0130ctimaiyy\u0259tl\u0259 \u0259laq\u0259l\u0259r \u015f\u00f6b\u0259sind\u0259n Millinews.az-a veril\u0259n m\u0259lumata g\u00f6r\u0259, 22.4 kilometr uzunlu\u011fu olan avtomobil yolu 2 h\u0259r\u0259k\u0259t zolaql\u0131 olmaqla 4-c\u00fc texniki d\u0259r\u0259c\u0259y\u0259 uy\u011fun olaraq yenid\u0259n qurulub. Yolun h\u0259r\u0259k\u0259t hiss\u0259sinin eni 6 metr olmaqla yol yata\u011f\u0131n\u0131n eni &hellip;<\/p>\n","protected":false},"author":1,"featured_media":7240,"comment_status":"open","ping_status":"closed","sticky":false,"template":"","format":"standard","meta":{"footnotes":""},"categories":[9],"tags":[],"class_list":["post-7239","post","type-post","status-publish","format-standard","has-post-thumbnail","hentry","category-xeber"],"_links":{"self":[{"href":"https:\/\/millitv.net\/index.php?rest_route=\/wp\/v2\/posts\/7239","targetHints":{"allow":["GET"]}}],"collection":[{"href":"https:\/\/millitv.net\/index.php?rest_route=\/wp\/v2\/posts"}],"about":[{"href":"https:\/\/millitv.net\/index.php?rest_route=\/wp\/v2\/types\/post"}],"author":[{"embeddable":true,"href":"https:\/\/millitv.net\/index.php?rest_route=\/wp\/v2\/users\/1"}],"replies":[{"embeddable":true,"href":"https:\/\/millitv.net\/index.php?rest_route=%2Fwp%2Fv2%2Fcomments&post=7239"}],"version-history":[{"count":0,"href":"https:\/\/millitv.net\/index.php?rest_route=\/wp\/v2\/posts\/7239\/revisions"}],"wp:featuredmedia":[{"embeddable":true,"href":"https:\/\/millitv.net\/index.php?rest_route=\/wp\/v2\/media\/7240"}],"wp:attachment":[{"href":"https:\/\/millitv.net\/index.php?rest_route=%2Fwp%2Fv2%2Fmedia&parent=7239"}],"wp:term":[{"taxonomy":"category","embeddable":true,"href":"https:\/\/millitv.net\/index.php?rest_route=%2Fwp%2Fv2%2Fcategories&post=7239"},{"taxonomy":"post_tag","embeddable":true,"href":"https:\/\/millitv.net\/index.php?rest_route=%2Fwp%2Fv2%2Ftags&post=7239"}],"curies":[{"name":"wp","href":"https:\/\/api.w.org\/{rel}","templated":true}]}}