{"id":721,"date":"2023-09-20T10:23:26","date_gmt":"2023-09-20T10:23:26","guid":{"rendered":"https:\/\/millinews.az\/?p=721"},"modified":"2023-09-20T10:23:28","modified_gmt":"2023-09-20T10:23:28","slug":"ronaldo-onu-gor%c9%99-bilm%c9%99diyi-ucun-aglayan-azyasli-il%c9%99-gorusdu-video","status":"publish","type":"post","link":"https:\/\/millitv.net\/?p=721","title":{"rendered":"Ronaldo onu g\u00f6r\u0259 bilm\u0259diyi \u00fc\u00e7\u00fcn a\u011flayan azya\u015fl\u0131 il\u0259 g\u00f6r\u00fc\u015fd\u00fc\u00a0&#8211; Video"},"content":{"rendered":"\n<p><strong>Asiya \u00c7empionlar Liqas\u0131n\u0131n qrup m\u0259rh\u0259l\u0259sinin oyununda \u201cPersopolis\u201dl\u0259 qar\u015f\u0131la\u015fmaq \u00fc\u00e7\u00fcn \u0130rana yollanan S\u0259udiyy\u0259 \u018fr\u0259bistan\u0131n\u0131n \u201c\u018fl-N\u0259sr\u201d klubunun h\u00fccum\u00e7usu Kri\u015ftianu Ronaldo diqq\u0259t m\u0259rk\u0259zin\u0259 d\u00fc\u015f\u00fcb.<\/strong><\/p>\n\n\n\n<p>Millinews x\u0259b\u0259r verir ki, portuqaliyal\u0131 ulduz \u00f6t\u0259n g\u00fcn m\u0259skunla\u015fd\u0131qlar\u0131 otelin qar\u015f\u0131s\u0131nda onu g\u00f6r\u0259 bilm\u0259diyi \u00fc\u00e7\u00fcn a\u011flayan azya\u015fl\u0131 il\u0259 g\u00f6r\u00fc\u015f\u00fcb.<\/p>\n\n\n\n<p>Kri\u015ftianu azya\u015fl\u0131ya forma h\u0259diyy\u0259 edib, h\u0259m\u00e7inin onun \u00fcz\u0259rind\u0259ki forman\u0131 imzalay\u0131b.<\/p>\n\n\n\n<p>\u0130ran\u0131n K\u0259r\u0259c \u015f\u0259h\u0259rind\u0259n olan azya\u015fl\u0131 is\u0259 Ronaldonun \u0259n\u0259n\u0259vi \u201cSiu\u201d qol sevincini t\u0259krarlamaqla g\u00fcl\u00fc\u015f yarad\u0131b.<\/p>\n\n\n\n<figure class=\"wp-block-embed\"><div class=\"wp-block-embed__wrapper\">\nhttps:\/\/bax.tv\/idman-xeberleri\/ronaldo-onu-gore-bilmediyi-ucun-aglayan-azyasli-ile-gorusdu-184558?utm_source=playerden&#038;utm_medium=paylasim&#038;utm_campaign=184558\n<\/div><\/figure>\n\n\n\n<p>(Qafqazinfo)<\/p>\n","protected":false},"excerpt":{"rendered":"<p>Asiya \u00c7empionlar Liqas\u0131n\u0131n qrup m\u0259rh\u0259l\u0259sinin oyununda \u201cPersopolis\u201dl\u0259 qar\u015f\u0131la\u015fmaq \u00fc\u00e7\u00fcn \u0130rana yollanan S\u0259udiyy\u0259 \u018fr\u0259bistan\u0131n\u0131n \u201c\u018fl-N\u0259sr\u201d klubunun h\u00fccum\u00e7usu Kri\u015ftianu Ronaldo diqq\u0259t m\u0259rk\u0259zin\u0259 d\u00fc\u015f\u00fcb. Millinews x\u0259b\u0259r verir ki, portuqaliyal\u0131 ulduz \u00f6t\u0259n g\u00fcn m\u0259skunla\u015fd\u0131qlar\u0131 otelin qar\u015f\u0131s\u0131nda onu g\u00f6r\u0259 bilm\u0259diyi \u00fc\u00e7\u00fcn a\u011flayan azya\u015fl\u0131 il\u0259 g\u00f6r\u00fc\u015f\u00fcb. Kri\u015ftianu azya\u015fl\u0131ya forma h\u0259diyy\u0259 edib, h\u0259m\u00e7inin onun \u00fcz\u0259rind\u0259ki forman\u0131 imzalay\u0131b. \u0130ran\u0131n K\u0259r\u0259c \u015f\u0259h\u0259rind\u0259n olan azya\u015fl\u0131 &hellip;<\/p>\n","protected":false},"author":1,"featured_media":722,"comment_status":"open","ping_status":"closed","sticky":false,"template":"","format":"standard","meta":{"footnotes":""},"categories":[1],"tags":[],"class_list":["post-721","post","type-post","status-publish","format-standard","has-post-thumbnail","hentry","category-idman"],"_links":{"self":[{"href":"https:\/\/millitv.net\/index.php?rest_route=\/wp\/v2\/posts\/721","targetHints":{"allow":["GET"]}}],"collection":[{"href":"https:\/\/millitv.net\/index.php?rest_route=\/wp\/v2\/posts"}],"about":[{"href":"https:\/\/millitv.net\/index.php?rest_route=\/wp\/v2\/types\/post"}],"author":[{"embeddable":true,"href":"https:\/\/millitv.net\/index.php?rest_route=\/wp\/v2\/users\/1"}],"replies":[{"embeddable":true,"href":"https:\/\/millitv.net\/index.php?rest_route=%2Fwp%2Fv2%2Fcomments&post=721"}],"version-history":[{"count":0,"href":"https:\/\/millitv.net\/index.php?rest_route=\/wp\/v2\/posts\/721\/revisions"}],"wp:featuredmedia":[{"embeddable":true,"href":"https:\/\/millitv.net\/index.php?rest_route=\/wp\/v2\/media\/722"}],"wp:attachment":[{"href":"https:\/\/millitv.net\/index.php?rest_route=%2Fwp%2Fv2%2Fmedia&parent=721"}],"wp:term":[{"taxonomy":"category","embeddable":true,"href":"https:\/\/millitv.net\/index.php?rest_route=%2Fwp%2Fv2%2Fcategories&post=721"},{"taxonomy":"post_tag","embeddable":true,"href":"https:\/\/millitv.net\/index.php?rest_route=%2Fwp%2Fv2%2Ftags&post=721"}],"curies":[{"name":"wp","href":"https:\/\/api.w.org\/{rel}","templated":true}]}}