{"id":7206,"date":"2023-11-01T10:50:06","date_gmt":"2023-11-01T10:50:06","guid":{"rendered":"https:\/\/millinews.az\/xeber\/infarkt-kecir%C9%99n-musadan-x%C9%99b%C9%99r-var\/"},"modified":"2023-11-01T10:50:06","modified_gmt":"2023-11-01T10:50:06","slug":"infarkt-kecir%C9%99n-musadan-x%C9%99b%C9%99r-var","status":"publish","type":"post","link":"https:\/\/millitv.net\/?p=7206","title":{"rendered":"\u0130nfarkt ke\u00e7ir\u0259n Musadan x\u0259b\u0259r var"},"content":{"rendered":"<div id=\"maincontent\">&#13;<br \/>\n        &#13;<\/p>\n<p><strong>X\u0259b\u0259r verdiyimiz kimi, m\u00fc\u011f\u0259nni T\u0259ran\u0259 Qumral Musa Musayevin infarkt ke\u00e7irtdiyini a\u00e7\u0131qlay\u0131b. <\/strong><\/p>\n<p><a href=\"https:\/\/Millinews.az\" target=\"_blank\" class=\"kw-link\" rel=\"noopener\">Millinews.az<\/a> Ax\u015fam.az-a istinad\u0259 x\u0259b\u0259r verir ki, M.Musayev s\u0259hh\u0259ti il\u0259 ba\u011fl\u0131 a\u00e7\u0131qlama verib. &#8220;Tarixin bir g\u00fcn\u00fc&#8221; verili\u015fin\u0259 telefonla ba\u011flanan Musa s\u0259hh\u0259tinin yax\u015f\u0131la\u015fd\u0131\u011f\u0131n\u0131 bildirib: &#13;\n<\/p>\n<p>&#8220;\u0130ndi yava\u015f-yava\u015f yax\u015f\u0131la\u015f\u0131ram. H\u0259r k\u0259s\u0259 t\u0259\u015f\u0259kk\u00fcr bildirir\u0259m. H\u0259kiml\u0259rin say\u0259sind\u0259 d\u00fcz\u0259lm\u0259y\u0259 ba\u015flay\u0131ram. Allah b\u00fct\u00fcn x\u0259st\u0259l\u0259r\u0259 \u015f\u0259fa versin. \u0130n\u015fallah, yax\u0131n vaxtlarda s\u0259hn\u0259y\u0259 qay\u0131daram&#8221;.<\/p>\n<p>Qeyd ed\u0259k ki, T\u0259ran\u0259 a\u00e7\u0131qlamas\u0131nda Musan\u0131n ikinci d\u0259f\u0259 infarkt ke\u00e7irtdiyini, \u00fcr\u0259yin\u0259 stend qoyuldu\u011funu s\u00f6yl\u0259yib.&#13;<br \/>\n        &#13;<br \/>\n&#13;<br \/>\n        &#13;<br \/>\n&#13;\n        <\/p>\n<p><noscript><\/p>\n<p>You must enable Javascript on your browser for the site to work optimally and display sections completely.<\/p>\n<p><\/noscript>\t\t&#13;<br \/>\n\t\t&#13;\n    <\/div>\n<p><script type=\"text\/javascript\">jQuery(document).ready(function () {\n(function(d, s, id) {\n    var js, fjs = d.getElementsByTagName(s)[0];\n    if (d.getElementById(id))\n        return;\n    js = d.createElement(s);\n    js.id = id;\n    js.src = \"\/\/connect.facebook.net\/az_AZ\/all.js#xfbml=1&appId=1002485763137712\";\n    fjs.parentNode.insertBefore(js, fjs);\n}(document, 'script', 'facebook-jssdk'));                \n});<\/script><\/p>\n","protected":false},"excerpt":{"rendered":"<p>&#13; &#13; X\u0259b\u0259r verdiyimiz kimi, m\u00fc\u011f\u0259nni T\u0259ran\u0259 Qumral Musa Musayevin infarkt ke\u00e7irtdiyini a\u00e7\u0131qlay\u0131b. Millinews.az Ax\u015fam.az-a istinad\u0259 x\u0259b\u0259r verir ki, M.Musayev s\u0259hh\u0259ti il\u0259 ba\u011fl\u0131 a\u00e7\u0131qlama verib. &#8220;Tarixin bir g\u00fcn\u00fc&#8221; verili\u015fin\u0259 telefonla ba\u011flanan Musa s\u0259hh\u0259tinin yax\u015f\u0131la\u015fd\u0131\u011f\u0131n\u0131 bildirib: &#13; &#8220;\u0130ndi yava\u015f-yava\u015f yax\u015f\u0131la\u015f\u0131ram. H\u0259r k\u0259s\u0259 t\u0259\u015f\u0259kk\u00fcr bildirir\u0259m. H\u0259kiml\u0259rin say\u0259sind\u0259 d\u00fcz\u0259lm\u0259y\u0259 ba\u015flay\u0131ram. Allah b\u00fct\u00fcn x\u0259st\u0259l\u0259r\u0259 \u015f\u0259fa versin. \u0130n\u015fallah, yax\u0131n vaxtlarda &hellip;<\/p>\n","protected":false},"author":1,"featured_media":7207,"comment_status":"open","ping_status":"closed","sticky":false,"template":"","format":"standard","meta":{"footnotes":""},"categories":[9],"tags":[],"class_list":["post-7206","post","type-post","status-publish","format-standard","has-post-thumbnail","hentry","category-xeber"],"_links":{"self":[{"href":"https:\/\/millitv.net\/index.php?rest_route=\/wp\/v2\/posts\/7206","targetHints":{"allow":["GET"]}}],"collection":[{"href":"https:\/\/millitv.net\/index.php?rest_route=\/wp\/v2\/posts"}],"about":[{"href":"https:\/\/millitv.net\/index.php?rest_route=\/wp\/v2\/types\/post"}],"author":[{"embeddable":true,"href":"https:\/\/millitv.net\/index.php?rest_route=\/wp\/v2\/users\/1"}],"replies":[{"embeddable":true,"href":"https:\/\/millitv.net\/index.php?rest_route=%2Fwp%2Fv2%2Fcomments&post=7206"}],"version-history":[{"count":0,"href":"https:\/\/millitv.net\/index.php?rest_route=\/wp\/v2\/posts\/7206\/revisions"}],"wp:featuredmedia":[{"embeddable":true,"href":"https:\/\/millitv.net\/index.php?rest_route=\/wp\/v2\/media\/7207"}],"wp:attachment":[{"href":"https:\/\/millitv.net\/index.php?rest_route=%2Fwp%2Fv2%2Fmedia&parent=7206"}],"wp:term":[{"taxonomy":"category","embeddable":true,"href":"https:\/\/millitv.net\/index.php?rest_route=%2Fwp%2Fv2%2Fcategories&post=7206"},{"taxonomy":"post_tag","embeddable":true,"href":"https:\/\/millitv.net\/index.php?rest_route=%2Fwp%2Fv2%2Ftags&post=7206"}],"curies":[{"name":"wp","href":"https:\/\/api.w.org\/{rel}","templated":true}]}}