{"id":7194,"date":"2023-11-01T10:24:55","date_gmt":"2023-11-01T10:24:55","guid":{"rendered":"https:\/\/millinews.az\/xeber\/sahramanyan-oteld%C9%99n-qacdi-az%C9%99rbaycan-k%C9%99sfiyyati-onu-susaya-aparib\/"},"modified":"2023-11-01T10:24:55","modified_gmt":"2023-11-01T10:24:55","slug":"sahramanyan-oteld%C9%99n-qacdi-az%C9%99rbaycan-k%C9%99sfiyyati-onu-susaya-aparib","status":"publish","type":"post","link":"https:\/\/millitv.net\/?p=7194","title":{"rendered":"\u015eahramanyan oteld\u0259n qa\u00e7d\u0131: Az\u0259rbaycan k\u0259\u015ffiyyat\u0131 onu \u015eu\u015faya apar\u0131b?"},"content":{"rendered":"<p><img decoding=\"async\" src=\"https:\/\/Millinews.az\/storage\/2023\/11\/01\/sahramanyan.jpg\" alt=\"\" title=\"\"><\/p>\n<div id=\"mvp-content-main\">\n<p><strong>Qaraba\u011fda l\u0259\u011fv edil\u0259n v\u0259 Erm\u0259nistana qa\u00e7an separat\u00e7\u0131lar\u0131n sonuncu \u201cba\u015f\u00e7\u0131s\u0131\u201d Samvel \u015eahramanyan erm\u0259ni jurnalistl\u0259rin suallar\u0131n\u0131 cavabland\u0131rmaqdan imtina edib.<\/strong><\/p>\n<p><a target=\"_blank\" href=\"https:\/\/Millinews.az\" rel=\"noopener\">Millinews.az<\/a> x\u0259b\u0259r verir ki, \u0130r\u0259vanda \u201cMarriott\u201d otelin\u0259 g\u0259l\u0259n \u015eahramanyan jurnalistl\u0259rin sual\u0131 il\u0259 qar\u015f\u0131la\u015f\u0131b.<\/p>\n<p>Erm\u0259ni jurnalist Az\u0259rbaycan x\u00fcsusi xidm\u0259t orqanlar\u0131 t\u0259r\u0259find\u0259n \u015eu\u015faya apar\u0131ld\u0131\u011f\u0131 v\u0259 t\u0259slim olma m\u0259s\u0259l\u0259sinin orada m\u00fczaki\u0259 edildiyi haqda iddialar\u0131n do\u011fru olub-olmamad\u0131\u011f\u0131n\u0131 soru\u015fub. \u015eahramanyan is\u0259 \u201cSonda b\u00fct\u00fcn suallara cavab ver\u0259c\u0259m\u201d deyib.<\/p>\n<p>Qeyd ed\u0259k ki, separat\u00e7\u0131lar\u0131n ke\u00e7mi\u015f qondarma \u201cnazirl\u0259rind\u0259n\u201d olan Hayk Xanumyan \u0259sas dan\u0131\u015f\u0131qlar\u0131n Yevlaxda yox, Az\u0259rbaycan k\u0259\u015ffiyyat\u0131 il\u0259 \u015eahramanyan t\u0259r\u0259find\u0259n \u015eu\u015fada apar\u0131ld\u0131\u011f\u0131n\u0131 iddia edib.<\/p>\n<p><strong>Asif<\/strong><\/p>\n<p><iframe loading=\"lazy\" title=\"\u0547\u0561\u0570\u0580\u0561\u0574\u0561\u0576\u0575\u0561\u0576\u0568 \u0562\u0561\u0576\u0561\u056f\u0581\u0565\u055e\u056c \u0567 \u0531\u0564\u0580\u0562\u0565\u057b\u0561\u0576\u056b \u0570\u0561\u057f\u0578\u0582\u056f \u056e\u0561\u057c\u0561\u0575\u0578\u0582\u0569\u0575\u0578\u0582\u0576\u0576\u0565\u0580\u056b \u0570\u0565\u057f. \u0576\u0561\u056d\u0561\u0563\u0561\u0570\u0568 \u0570\u0561\u0580\u0581\u0576 \u0561\u0576\u057a\u0561\u057f\u0561\u057d\u056d\u0561\u0576 \u0569\u0578\u0572\u0565\u0581\" width=\"500\" height=\"281\" src=\"https:\/\/www.youtube.com\/embed\/IluXDpPv0XQ?feature=oembed\" frameborder=\"0\" allow=\"accelerometer; autoplay; clipboard-write; encrypted-media; gyroscope; picture-in-picture; web-share\" referrerpolicy=\"strict-origin-when-cross-origin\" allowfullscreen><\/iframe><\/p>\n<\/p><\/div>\n<p><script>\n        (function (d, s, id) {\n            var js, fjs = d.getElementsByTagName(s)[0];\n            if (d.getElementById(id)) return;\n            js = d.createElement(s);\n            js.id = id;\n            js.src = \"\/\/connect.facebook.net\/az_AZ\/sdk.js#xfbml=1&version=v2.7&appId=\";\n            fjs.parentNode.insertBefore(js, fjs);\n        }(document, 'script', 'facebook-jssdk'));\n    <\/script><\/p>\n","protected":false},"excerpt":{"rendered":"<p>Qaraba\u011fda l\u0259\u011fv edil\u0259n v\u0259 Erm\u0259nistana qa\u00e7an separat\u00e7\u0131lar\u0131n sonuncu \u201cba\u015f\u00e7\u0131s\u0131\u201d Samvel \u015eahramanyan erm\u0259ni jurnalistl\u0259rin suallar\u0131n\u0131 cavabland\u0131rmaqdan imtina edib. Millinews.az x\u0259b\u0259r verir ki, \u0130r\u0259vanda \u201cMarriott\u201d otelin\u0259 g\u0259l\u0259n \u015eahramanyan jurnalistl\u0259rin sual\u0131 il\u0259 qar\u015f\u0131la\u015f\u0131b. Erm\u0259ni jurnalist Az\u0259rbaycan x\u00fcsusi xidm\u0259t orqanlar\u0131 t\u0259r\u0259find\u0259n \u015eu\u015faya apar\u0131ld\u0131\u011f\u0131 v\u0259 t\u0259slim olma m\u0259s\u0259l\u0259sinin orada m\u00fczaki\u0259 edildiyi haqda iddialar\u0131n do\u011fru olub-olmamad\u0131\u011f\u0131n\u0131 soru\u015fub. \u015eahramanyan is\u0259 \u201cSonda b\u00fct\u00fcn &hellip;<\/p>\n","protected":false},"author":1,"featured_media":7195,"comment_status":"open","ping_status":"closed","sticky":false,"template":"","format":"standard","meta":{"footnotes":""},"categories":[9],"tags":[],"class_list":["post-7194","post","type-post","status-publish","format-standard","has-post-thumbnail","hentry","category-xeber"],"_links":{"self":[{"href":"https:\/\/millitv.net\/index.php?rest_route=\/wp\/v2\/posts\/7194","targetHints":{"allow":["GET"]}}],"collection":[{"href":"https:\/\/millitv.net\/index.php?rest_route=\/wp\/v2\/posts"}],"about":[{"href":"https:\/\/millitv.net\/index.php?rest_route=\/wp\/v2\/types\/post"}],"author":[{"embeddable":true,"href":"https:\/\/millitv.net\/index.php?rest_route=\/wp\/v2\/users\/1"}],"replies":[{"embeddable":true,"href":"https:\/\/millitv.net\/index.php?rest_route=%2Fwp%2Fv2%2Fcomments&post=7194"}],"version-history":[{"count":0,"href":"https:\/\/millitv.net\/index.php?rest_route=\/wp\/v2\/posts\/7194\/revisions"}],"wp:featuredmedia":[{"embeddable":true,"href":"https:\/\/millitv.net\/index.php?rest_route=\/wp\/v2\/media\/7195"}],"wp:attachment":[{"href":"https:\/\/millitv.net\/index.php?rest_route=%2Fwp%2Fv2%2Fmedia&parent=7194"}],"wp:term":[{"taxonomy":"category","embeddable":true,"href":"https:\/\/millitv.net\/index.php?rest_route=%2Fwp%2Fv2%2Fcategories&post=7194"},{"taxonomy":"post_tag","embeddable":true,"href":"https:\/\/millitv.net\/index.php?rest_route=%2Fwp%2Fv2%2Ftags&post=7194"}],"curies":[{"name":"wp","href":"https:\/\/api.w.org\/{rel}","templated":true}]}}