{"id":7177,"date":"2023-11-01T09:31:04","date_gmt":"2023-11-01T09:31:04","guid":{"rendered":"https:\/\/millinews.az\/xeber\/b%C9%99zi-olk%C9%99l%C9%99r-sulhun-yaranmasini-ist%C9%99mirl%C9%99r\/"},"modified":"2023-11-01T09:31:04","modified_gmt":"2023-11-01T09:31:04","slug":"b%C9%99zi-olk%C9%99l%C9%99r-sulhun-yaranmasini-ist%C9%99mirl%C9%99r","status":"publish","type":"post","link":"https:\/\/millitv.net\/?p=7177","title":{"rendered":"&#8220;B\u0259zi \u00f6lk\u0259l\u0259r s\u00fclh\u00fcn yaranmas\u0131n\u0131 ist\u0259mirl\u0259r&#8221;"},"content":{"rendered":"<p><img decoding=\"async\" src=\"https:\/\/Millinews.az\/storage\/2023\/11\/01\/sahibe.jpg\" alt=\"\" title=\"\"><\/p>\n<div id=\"mvp-content-main\">\n<p><strong>&#8220;B\u0259zi \u00f6lk\u0259l\u0259r C\u0259nubi Qafqazda s\u00fclh\u00fcn yaranmas\u0131n\u0131 ist\u0259mirl\u0259r&#8221;.<\/strong><\/p>\n<p><strong><a target=\"_blank\" href=\"https:\/\/Millinews.az\" rel=\"noopener\">Millinews.az<\/a> <\/strong>x\u0259b\u0259r verir ki, bunu Milli M\u0259clisin s\u0259dri Sahib\u0259 Qafarova noyabr\u0131n 1-d\u0259 Koreya Milli Assambleyas\u0131n\u0131n s\u0259dri Jin-pyo Kim il\u0259 g\u00f6r\u00fc\u015f\u00fc zaman\u0131 deyib.<\/p>\n<p>Jin-pyo Kim Az\u0259rbaycan parlament r\u0259hb\u0259rinin bu s\u0259f\u0259rinin son 6 ild\u0259 Milli M\u0259clis s\u0259dri s\u0259viyy\u0259sind\u0259 Koreyaya ilk s\u0259f\u0259r oldu\u011funu bildirib. O, Milli Assambleyan\u0131n ke\u00e7mi\u015f s\u0259drinin 2021-ci ild\u0259 Az\u0259rbaycanda s\u0259f\u0259rd\u0259 oldu\u011funu xat\u0131rladaraq, Milli M\u0259clis s\u0259drinin bu s\u0259f\u0259rinin iki \u00f6lk\u0259 aras\u0131nda m\u00fcnasib\u0259tl\u0259rin daha da inki\u015faf\u0131na t\u00f6hf\u0259 ver\u0259c\u0259yin\u0259 inam\u0131n\u0131 ifad\u0259 edib.<\/p>\n<p>Koreyan\u0131n Az\u0259rbaycan\u0131n m\u00fcst\u0259qilliyinin ilk g\u00fcnl\u0259rind\u0259n s\u0131x \u0259laq\u0259l\u0259r qurdu\u011fu \u00f6lk\u0259l\u0259rd\u0259n biri oldu\u011fu, \u00f6t\u0259n il \u00f6lk\u0259l\u0259rimiz aras\u0131nda diplomatik m\u00fcnasib\u0259tl\u0259rin qurulmas\u0131n\u0131n 30 illiyinin qeyd edildiyi vur\u011fulan\u0131b. \u0130kit\u0259r\u0259fli m\u00fcnasib\u0259tl\u0259rin inki\u015faf\u0131nda siyasi t\u0259maslar\u0131n &#8211; y\u00fcks\u0259k s\u0259viyy\u0259li s\u0259f\u0259rl\u0259rin, g\u00f6r\u00fc\u015fl\u0259rin m\u00fcst\u0259sna rolu qeyd edilib.<\/p>\n<p>Bildirilib ki, \u00f6lk\u0259l\u0259rimiz aras\u0131nda m\u00fcnasib\u0259tl\u0259rd\u0259 iqtisadi \u0259m\u0259kda\u015fl\u0131q m\u00fch\u00fcm yer tutur. Az\u0259rbaycan C\u0259nubi Qafqaz regionunda Koreyan\u0131n \u0259sas ticar\u0259t t\u0259r\u0259fda\u015f\u0131d\u0131r. \u0130ki \u00f6lk\u0259 aras\u0131nda ticar\u0259t d\u00f6vriyy\u0259si durmadan art\u0131r, lakin iqtisadi \u0259m\u0259kda\u015fl\u0131\u011f\u0131 daha da g\u00fccl\u0259ndirm\u0259k v\u0259 \u015fax\u0259l\u0259ndirm\u0259k \u00fc\u00e7\u00fcn daha b\u00f6y\u00fck potensial m\u00f6vcuddur.<\/p>\n<p>G\u00f6r\u00fc\u015fd\u0259 Jin-pyo Kim Az\u0259rbaycanla Koreya aras\u0131nda b\u0259nz\u0259rlikl\u0259rin, \u00fcmumi c\u0259h\u0259tl\u0259rin oldu\u011funu qeyd ed\u0259r\u0259k, h\u0259r iki \u00f6lk\u0259nin co\u011frafi m\u00f6vqel\u0259rinin \u0259h\u0259miyy\u0259tini vur\u011fulay\u0131b. O, deyib ki, h\u0259m Az\u0259rbaycan, h\u0259m d\u0259 Koreya d\u0259nizl\u0259ri, qit\u0259l\u0259ri birl\u0259\u015fdir\u0259n \u00f6lk\u0259l\u0259rdir. Bu da h\u0259r iki \u00f6lk\u0259 \u00fc\u00e7\u00fcn eynilik t\u0259\u015fkil etm\u0259kl\u0259, \u0259laq\u0259l\u0259rimizin daha da inki\u015faf\u0131na, d\u00f6vl\u0259tl\u0259rimizin bir-birin\u0259 daha da yax\u0131nla\u015fmas\u0131na t\u00f6hf\u0259 verir.<\/p>\n<p>G\u00f6r\u00fc\u015fd\u0259 Az\u0259rbaycan\u0131n qeyri-neft sektorunun daha da inki\u015faf etdirilm\u0259si planlar\u0131, &#8220;A\u011f\u0131ll\u0131 \u015f\u0259h\u0259r&#8221; v\u0259 &#8220;A\u011f\u0131ll\u0131 k\u0259nd&#8221; konsepsiyalar\u0131, Az\u0259rbaycan\u0131n su t\u0259chizat\u0131 sisteml\u0259rinin inki\u015faf\u0131, \u00f6lk\u0259mizin b\u0259rpa olunan enerji sah\u0259sind\u0259 h\u0259yata ke\u00e7irdiyi proqramlar v\u0259 bu sah\u0259l\u0259rd\u0259 Koreya \u015firk\u0259tl\u0259rinin i\u015ftirak\u0131 m\u0259s\u0259l\u0259l\u0259ri \u0259traf\u0131nda fikir m\u00fcbadil\u0259si apar\u0131l\u0131b.<\/p>\n<p>Milli M\u0259clisin s\u0259dri Sahib\u0259 Qafarova qeyd edib ki, \u00f6lk\u0259l\u0259rimiz aras\u0131nda m\u00fcxt\u0259lif formatlarda qar\u015f\u0131l\u0131ql\u0131 faydal\u0131 \u0259m\u0259kda\u015fl\u0131\u011f\u0131 inki\u015faf etdirm\u0259k \u00fc\u00e7\u00fcn yax\u015f\u0131 imkanlar var. Onun s\u00f6zl\u0259rin\u0259 g\u00f6r\u0259, \u00f6lk\u0259l\u0259rimiz \u0259n\u0259n\u0259vi format v\u0259 t\u0259\u015fkilatlarla yana\u015f\u0131, yeni \u0259m\u0259kda\u015fl\u0131q formatlar\u0131nda da birg\u0259 f\u0259aliyy\u0259t g\u00f6st\u0259r\u0259 bil\u0259r. Bunlardan biri Az\u0259rbaycan\u0131, M\u0259rk\u0259zi Asiya \u00f6lk\u0259l\u0259rini v\u0259 Koreya Respublikas\u0131n\u0131 \u0259hat\u0259 ed\u0259n, m\u00fcxt\u0259lif sah\u0259l\u0259rd\u0259 m\u00fch\u00fcm imkanlar v\u0259 \u00fcst\u00fcnl\u00fckl\u0259r ver\u0259 bil\u0259n \u0259m\u0259kda\u015fl\u0131q mexanizmi ola bil\u0259r. Spiker Sahib\u0259 Qafarova m\u0259d\u0259ni ox\u015farl\u0131qlara v\u0259 dil yax\u0131nl\u0131\u011f\u0131na g\u00f6r\u0259 Koreya Respublikas\u0131n\u0131n T\u00fcrk D\u00f6vl\u0259tl\u0259ri T\u0259\u015fkilat\u0131 il\u0259 t\u0259r\u0259fda\u015f \u00f6lk\u0259 kimi \u0259m\u0259kda\u015fl\u0131\u011f\u0131n\u0131n m\u00fch\u00fcm n\u0259tic\u0259l\u0259rin \u0259ld\u0259 olunmas\u0131na g\u0259tirib \u00e7\u0131xara bil\u0259c\u0259yin\u0259 inam\u0131n\u0131 ifad\u0259 edib.<\/p>\n<p>G\u00f6r\u00fc\u015fd\u0259 humanitar sah\u0259d\u0259 \u0259m\u0259kda\u015fl\u0131\u011f\u0131n \u0259h\u0259miyy\u0259ti vur\u011fulanaraq, t\u0259hsil, elm, m\u0259d\u0259niyy\u0259t sah\u0259l\u0259rind\u0259 \u0259m\u0259kda\u015fl\u0131q m\u0259s\u0259l\u0259l\u0259ri m\u00fczakir\u0259 edilib. Haz\u0131rda Koreyada 200-\u0259 yax\u0131n az\u0259rbaycanl\u0131 t\u0259l\u0259b\u0259nin t\u0259hsil ald\u0131\u011f\u0131, Az\u0259rbaycan v\u0259 Koreya universitetl\u0259ri aras\u0131nda m\u00fcxt\u0259lif beyn\u0259lxalq t\u0259l\u0259b\u0259 m\u00fcbadil\u0259si v\u0259 ikili diplom proqramlar\u0131n\u0131n m\u00f6vcud oldu\u011fu diqq\u0259t\u0259 \u00e7atd\u0131r\u0131l\u0131b. H\u0259m\u00e7inin Koreya Beyn\u0259lxalq \u018fm\u0259kda\u015fl\u0131q Agentliyi (KOICA) v\u0259 Koreya Ticar\u0259t \u0130nvestisiya Agentliyinin (KOTRA) ofisl\u0259rinin f\u0259aliyy\u0259ti t\u0259qdir edilib v\u0259 bu f\u0259aliyy\u0259tl\u0259rin daha da geni\u015fl\u0259ndirilm\u0259si yollar\u0131 m\u00fczakir\u0259 olunub.<\/p>\n<p>G\u00f6r\u00fc\u015fd\u0259 n\u0259qliyyat sah\u0259sind\u0259 \u0259m\u0259kda\u015fl\u0131q imkanlar\u0131 da n\u0259z\u0259rd\u0259n ke\u00e7iril\u0259r\u0259k, qeyd edilib ki, Transx\u0259z\u0259r \u015e\u0259rq-Q\u0259rb Orta D\u0259hlizi \u015e\u0259rql\u0259 Q\u0259rbi birl\u0259\u015fdir\u0259n etibarl\u0131 v\u0259 t\u0259hl\u00fck\u0259siz mar\u015frutdur. Az\u0259rbaycan\u0131n m\u00fcasir n\u0259qliyyat infrastrukturu v\u0259 tranzit \u00f6lk\u0259 kimi m\u00fch\u00fcm rolu artmaqdad\u0131r. Z\u0259ng\u0259zur d\u0259hlizinin a\u00e7\u0131lmas\u0131 il\u0259 bu ax\u0131n daha da geni\u015fl\u0259n\u0259c\u0259k. Sahib\u0259 Qafarova Koreya \u015firk\u0259tl\u0259rinin bu imkanlardan istifad\u0259 ed\u0259 bil\u0259c\u0259kl\u0259rini qeyd edib.<\/p>\n<p>G\u00f6r\u00fc\u015fd\u0259 parlamentl\u0259r aras\u0131nda \u0259m\u0259kda\u015fl\u0131q, son 2 ild\u0259 bu istiqam\u0259td\u0259 intensivliyin artmas\u0131 m\u00fcsb\u0259t hal kimi qiym\u0259tl\u0259ndirilib v\u0259 bu sah\u0259d\u0259 m\u00fcnasib\u0259tl\u0259rin daha da geni\u015fl\u0259ndirilm\u0259sin\u0259 dair m\u00fczakir\u0259l\u0259r apar\u0131l\u0131b.<\/p>\n<p>Sahib\u0259 Qafarova regionda m\u00f6vcud olan v\u0259ziyy\u0259t, Az\u0259rbaycan\u0131n 2020-ci ild\u0259 V\u0259t\u0259n m\u00fcharib\u0259sind\u0259 \u00f6z torpaqlar\u0131n\u0131 Erm\u0259nistan\u0131n i\u015f\u011fal\u0131ndan azad etm\u0259si, i\u015f\u011faldan azad olunmu\u015f \u0259razil\u0259rd\u0259 yenid\u0259nqurma v\u0259 b\u0259rpa i\u015fl\u0259ri, cari ilin 19-20 sentyabr tarixl\u0259rind\u0259 Az\u0259rbaycan\u0131n h\u0259yata ke\u00e7irdiyi antiterror t\u0259dbirl\u0259ri bar\u0259d\u0259 geni\u015f m\u0259lumat verib. Az\u0259rbaycan\u0131n regionda s\u00fclh v\u0259 t\u0259hl\u00fck\u0259sizliyin t\u0259min olunmas\u0131nda maraql\u0131 oldu\u011funu dey\u0259n Milli M\u0259clisin s\u0259dri bildirib ki, s\u00fclh m\u00fcqavil\u0259sinin imzalanmas\u0131 regionda daimi s\u00fclh\u00fc t\u0259min ed\u0259c\u0259k. O, t\u0259\u0259ss\u00fcfl\u0259 vur\u011fulay\u0131b ki, b\u0259zi \u00f6lk\u0259l\u0259r C\u0259nubi Qafqazda s\u00fclh\u00fcn yaranmas\u0131n\u0131 ist\u0259mirl\u0259r.<\/p>\n<p>Milli Assambleyan\u0131n s\u0259dri Jin-pyo Kim beyn\u0259lxalq h\u00fcquqa \u0259saslanma\u011f\u0131n vacibliyini vur\u011fulayaraq deyib ki, Az\u0259rbaycan regiona s\u00fclh g\u0259tirm\u0259k \u00fc\u00e7\u00fcn b\u00f6y\u00fck s\u0259yl\u0259 i\u015fl\u0259yir. O, \u00fcmid etdikl\u0259rini bildirib ki, bu s\u0259yl\u0259r n\u0259tic\u0259 ver\u0259c\u0259k v\u0259 Az\u0259rbaycan s\u00fclh\u00fcn \u0259ld\u0259 edilm\u0259sin\u0259 nail olacaq.<\/p>\n<p>G\u00f6r\u00fc\u015fd\u0259 qar\u015f\u0131l\u0131ql\u0131 maraq do\u011furan dig\u0259r m\u0259s\u0259l\u0259l\u0259r\u0259 v\u0259 \u0259m\u0259kda\u015fl\u0131\u011f\u0131n m\u00fcxt\u0259lif istiqam\u0259tl\u0259r \u00fczr\u0259 daha da inki\u015faf etdirilm\u0259si yollar\u0131na dair m\u00fczakir\u0259l\u0259r apar\u0131l\u0131b.<\/p>\n<p>Sonra Az\u0259rbaycan parlament n\u00fcmay\u0259nd\u0259 hey\u0259ti Milli Assambleyan\u0131n inzibati binas\u0131 il\u0259 tan\u0131\u015f olub.<\/p>\n<\/p><\/div>\n<p><script>\n        (function (d, s, id) {\n            var js, fjs = d.getElementsByTagName(s)[0];\n            if (d.getElementById(id)) return;\n            js = d.createElement(s);\n            js.id = id;\n            js.src = \"\/\/connect.facebook.net\/az_AZ\/sdk.js#xfbml=1&version=v2.7&appId=\";\n            fjs.parentNode.insertBefore(js, fjs);\n        }(document, 'script', 'facebook-jssdk'));\n    <\/script><\/p>\n","protected":false},"excerpt":{"rendered":"<p>&#8220;B\u0259zi \u00f6lk\u0259l\u0259r C\u0259nubi Qafqazda s\u00fclh\u00fcn yaranmas\u0131n\u0131 ist\u0259mirl\u0259r&#8221;. Millinews.az x\u0259b\u0259r verir ki, bunu Milli M\u0259clisin s\u0259dri Sahib\u0259 Qafarova noyabr\u0131n 1-d\u0259 Koreya Milli Assambleyas\u0131n\u0131n s\u0259dri Jin-pyo Kim il\u0259 g\u00f6r\u00fc\u015f\u00fc zaman\u0131 deyib. Jin-pyo Kim Az\u0259rbaycan parlament r\u0259hb\u0259rinin bu s\u0259f\u0259rinin son 6 ild\u0259 Milli M\u0259clis s\u0259dri s\u0259viyy\u0259sind\u0259 Koreyaya ilk s\u0259f\u0259r oldu\u011funu bildirib. O, Milli Assambleyan\u0131n ke\u00e7mi\u015f s\u0259drinin 2021-ci ild\u0259 &hellip;<\/p>\n","protected":false},"author":1,"featured_media":7178,"comment_status":"open","ping_status":"closed","sticky":false,"template":"","format":"standard","meta":{"footnotes":""},"categories":[9],"tags":[],"class_list":["post-7177","post","type-post","status-publish","format-standard","has-post-thumbnail","hentry","category-xeber"],"_links":{"self":[{"href":"https:\/\/millitv.net\/index.php?rest_route=\/wp\/v2\/posts\/7177","targetHints":{"allow":["GET"]}}],"collection":[{"href":"https:\/\/millitv.net\/index.php?rest_route=\/wp\/v2\/posts"}],"about":[{"href":"https:\/\/millitv.net\/index.php?rest_route=\/wp\/v2\/types\/post"}],"author":[{"embeddable":true,"href":"https:\/\/millitv.net\/index.php?rest_route=\/wp\/v2\/users\/1"}],"replies":[{"embeddable":true,"href":"https:\/\/millitv.net\/index.php?rest_route=%2Fwp%2Fv2%2Fcomments&post=7177"}],"version-history":[{"count":0,"href":"https:\/\/millitv.net\/index.php?rest_route=\/wp\/v2\/posts\/7177\/revisions"}],"wp:featuredmedia":[{"embeddable":true,"href":"https:\/\/millitv.net\/index.php?rest_route=\/wp\/v2\/media\/7178"}],"wp:attachment":[{"href":"https:\/\/millitv.net\/index.php?rest_route=%2Fwp%2Fv2%2Fmedia&parent=7177"}],"wp:term":[{"taxonomy":"category","embeddable":true,"href":"https:\/\/millitv.net\/index.php?rest_route=%2Fwp%2Fv2%2Fcategories&post=7177"},{"taxonomy":"post_tag","embeddable":true,"href":"https:\/\/millitv.net\/index.php?rest_route=%2Fwp%2Fv2%2Ftags&post=7177"}],"curies":[{"name":"wp","href":"https:\/\/api.w.org\/{rel}","templated":true}]}}