{"id":7165,"date":"2023-11-01T09:02:09","date_gmt":"2023-11-01T09:02:09","guid":{"rendered":"https:\/\/millinews.az\/xeber\/israil-hemas-savasi-az%C9%99rbaycan-turkiy%C9%99-munasib%C9%99tl%C9%99rin%C9%99-t%C9%99sir-gost%C9%99r%C9%99-bil%C9%99r\/"},"modified":"2023-11-01T09:02:09","modified_gmt":"2023-11-01T09:02:09","slug":"israil-hemas-savasi-az%C9%99rbaycan-turkiy%C9%99-munasib%C9%99tl%C9%99rin%C9%99-t%C9%99sir-gost%C9%99r%C9%99-bil%C9%99r","status":"publish","type":"post","link":"https:\/\/millitv.net\/?p=7165","title":{"rendered":"\u0130srail-H\u018fMAS sava\u015f\u0131 Az\u0259rbaycan-T\u00fcrkiy\u0259 m\u00fcnasib\u0259tl\u0259rin\u0259 t\u0259sir g\u00f6st\u0259r\u0259 bil\u0259r?"},"content":{"rendered":"<div id=\"maincontent\">&#13;<br \/>\n        &#13;<\/p>\n<p><strong\/><strong>\u201cAz\u0259rbaycan\u0131n F\u0259l\u0259stin-H\u018fMAS qar\u015f\u0131durmas\u0131na m\u00fcnasib\u0259ti obyektivdir. Bir \u00e7ox amill\u0259ri n\u0259z\u0259r\u0259 alaraq d\u00fczg\u00fcn m\u00f6vqe tutan Az\u0259rbaycan\u0131n bu siyas\u0259tinin \u0259traf\u0131nda, kiml\u0259rs\u0259 Az\u0259rbaycana qar\u015f\u0131 x\u0259l\u0259l g\u0259tir\u0259c\u0259k t\u0259\u015f\u0259bb\u00fcs g\u00f6st\u0259rm\u0259m\u0259lidir\u201d.<\/strong>&#13;\n<\/p>\n<p>Bu fikirl\u0259ri <a href=\"https:\/\/Millinews.az\" target=\"_blank\" class=\"kw-link\" rel=\"noopener\">Millinews.az<\/a>-a Azad V\u0259t\u0259n Partiyas\u0131n\u0131n s\u0259dri, siyas\u0259t\u00e7i Akif Na\u011f\u0131 deyib. Yax\u0131n \u015e\u0259rqd\u0259 ya\u015fanan g\u0259rginliyin Az\u0259rbaycan-T\u00fcrkiy\u0259 m\u00fcnasib\u0259tl\u0259rin\u0259 t\u0259sirl\u0259ri bar\u0259d\u0259 dan\u0131\u015fan siyas\u0259t\u00e7i vur\u011fulad\u0131 ki, bu m\u0259s\u0259l\u0259d\u0259 Az\u0259rbaycan d\u00f6vl\u0259ti maraqlar\u0131na uy\u011fun olaraq m\u00f6vqe tutur: &#13;\n<\/p>\n<p><img loading=\"lazy\" decoding=\"async\" src=\"https:\/\/files.modern.az\/articles\/2021\/11\/03\/486296.jpg\" alt=\"Akif Na\u011f\u0131 v\u0259 xan\u0131m\u0131 \u201cYeni klinika\u201dya yerl\u0259\u015fdirildi\" width=\"420\" height=\"279\" style=\"width: 420px; height: 279px;\" title=\"\"><\/p>\n<p>\u201cT\u00fcrkiy\u0259nin m\u00f6vqeyind\u0259 m\u00fc\u0259yy\u0259n m\u0259s\u0259l\u0259l\u0259r var ki, son ill\u0259rd\u0259 \u00f6z\u00fcn\u00fc g\u00f6st\u0259rirdi. Do\u011frudur,  T\u00fcrkiy\u0259 v\u0259 Az\u0259rbaycan \u0259ks\u0259r m\u0259s\u0259l\u0259l\u0259rd\u0259 bir prizmadan \u00e7\u0131x\u0131\u015f edirl\u0259r, amma bir \u00e7ox m\u0259s\u0259l\u0259l\u0259rd\u0259 bir-birini ba\u015fa d\u00fc\u015f\u00fcr v\u0259 f\u0259rqli m\u00f6vqe tuturlar. M\u0259s\u0259l\u0259n, Kosovo v\u0259 \u015eimali Kipr m\u0259s\u0259l\u0259sind\u0259 T\u00fcrkiy\u0259 ayd\u0131n \u015f\u0259kild\u0259 Az\u0259rbaycan\u0131n m\u00f6vqeyi ba\u015fa d\u00fc\u015f\u00fcrd\u00fc. \u00dcmumiyy\u0259tl\u0259,  h\u0259r \u015fey m\u00fc\u0259yy\u0259n bir d\u00f6vr, \u015f\u0259rait daxilind\u0259 ba\u015f ver\u0259n m\u00fc\u0259yy\u0259n amill\u0259rl\u0259 ba\u011fl\u0131d\u0131r. Ona g\u00f6r\u0259 iki d\u00f6vl\u0259t aras\u0131nda he\u00e7 k\u0259s m\u00fcnasib\u0259tl\u0259ri g\u0259rginl\u0259\u015fdir\u0259, sui-istifad\u0259 ed\u0259 bilm\u0259z\u201d.&#13;\n<\/p>\n<p><strong>Haz\u0131rda iki \u00f6lk\u0259 aras\u0131nda g\u0259rginliy\u0259 \u0259sas ver\u0259c\u0259k he\u00e7 bir \u0259lam\u0259tin olmad\u0131\u011f\u0131n\u0131 dey\u0259n ekspert xat\u0131rlatd\u0131 ki, son g\u00fcnl\u0259rd\u0259 T\u00fcrkiy\u0259nin xarici i\u015fl\u0259r naziri Hakan Fidan\u0131n f\u0259al \u015f\u0259kild\u0259 C\u0259nubi Qafqazdak\u0131 v\u0259ziy\u0259tl\u0259 ba\u011fl\u0131 dan\u0131\u015f\u0131qlar aparmas\u0131 bu m\u00fcnasib\u0259tl\u0259rin inki\u015faf\u0131ndan x\u0259b\u0259r verir:&#13;<br \/>\n<\/strong><\/p>\n<p>\u201cG\u00f6r\u00fc\u015fl\u0259r daxilind\u0259 ayr\u0131-ayr\u0131 d\u00f6vl\u0259tl\u0259rin ba\u015f\u00e7\u0131lar\u0131, xarici i\u015fl\u0259r nazirl\u0259ri il\u0259 m\u00fc\u0259yy\u0259n m\u00fczakir\u0259l\u0259r oldu. Eyni zamanda, T\u00fcrkiy\u0259d\u0259 olan Avropa \u0130ttifaq\u0131 \u00f6lk\u0259l\u0259rinin s\u0259firl\u0259ri il\u0259 ba\u011fl\u0131 toplant\u0131 ke\u00e7irildi. T\u00fcrkiy\u0259 b\u00fct\u00fcn m\u0259s\u0259l\u0259l\u0259rd\u0259 Az\u0259rbaycan\u0131n m\u00f6vqeyind\u0259 olubdur v\u0259 bu g\u00fcn d\u0259 h\u0259min x\u0259tt davam edir. Do\u011frudur,  kiml\u0259rs\u0259 T\u00fcrkiy\u0259-Az\u0259rbaycan m\u00fcnasib\u0259tl\u0259rin\u0259 x\u0259l\u0259l g\u0259lm\u0259sini ist\u0259yir, amma bu m\u00fcnasib\u0259tl\u0259r \u00e7ox s\u0131naqlardan ke\u00e7ib. Haz\u0131rda iki d\u00f6vl\u0259t aras\u0131nda el\u0259 bir yax\u0131nl\u0131q var ki, onlar bir-birl\u0259rini ba\u015fa d\u00fc\u015f\u0259r\u0259k h\u0259r\u0259k\u0259t edirl\u0259r. Kiml\u0259rins\u0259 qarda\u015fl\u0131q m\u00fcnasib\u0259tl\u0259rin\u0259  m\u00fcdaxil\u0259 etm\u0259si, \u0259sass\u0131z bir iddialar ortaya qoymas\u0131na ehtiyac yoxdur\u201d.<\/p>\n<p>G\u00fclb\u0259niz H\u00fcseynli \/ <a href=\"https:\/\/Millinews.az\" target=\"_blank\" class=\"kw-link\" rel=\"noopener\">Millinews.az<\/a>&#13;<br \/>\n        &#13;<br \/>\n&#13;<br \/>\n        &#13;<br \/>\n&#13;\n        <\/p>\n<p><noscript><\/p>\n<p>You must enable Javascript on your browser for the site to work optimally and display sections completely.<\/p>\n<p><\/noscript>\t\t&#13;<br \/>\n\t\t&#13;\n    <\/div>\n<p><script type=\"text\/javascript\">jQuery(document).ready(function () {\n(function(d, s, id) {\n    var js, fjs = d.getElementsByTagName(s)[0];\n    if (d.getElementById(id))\n        return;\n    js = d.createElement(s);\n    js.id = id;\n    js.src = \"\/\/connect.facebook.net\/az_AZ\/all.js#xfbml=1&appId=1002485763137712\";\n    fjs.parentNode.insertBefore(js, fjs);\n}(document, 'script', 'facebook-jssdk'));                \n});<\/script><\/p>\n","protected":false},"excerpt":{"rendered":"<p>&#13; &#13; \u201cAz\u0259rbaycan\u0131n F\u0259l\u0259stin-H\u018fMAS qar\u015f\u0131durmas\u0131na m\u00fcnasib\u0259ti obyektivdir. Bir \u00e7ox amill\u0259ri n\u0259z\u0259r\u0259 alaraq d\u00fczg\u00fcn m\u00f6vqe tutan Az\u0259rbaycan\u0131n bu siyas\u0259tinin \u0259traf\u0131nda, kiml\u0259rs\u0259 Az\u0259rbaycana qar\u015f\u0131 x\u0259l\u0259l g\u0259tir\u0259c\u0259k t\u0259\u015f\u0259bb\u00fcs g\u00f6st\u0259rm\u0259m\u0259lidir\u201d.&#13; Bu fikirl\u0259ri Millinews.az-a Azad V\u0259t\u0259n Partiyas\u0131n\u0131n s\u0259dri, siyas\u0259t\u00e7i Akif Na\u011f\u0131 deyib. Yax\u0131n \u015e\u0259rqd\u0259 ya\u015fanan g\u0259rginliyin Az\u0259rbaycan-T\u00fcrkiy\u0259 m\u00fcnasib\u0259tl\u0259rin\u0259 t\u0259sirl\u0259ri bar\u0259d\u0259 dan\u0131\u015fan siyas\u0259t\u00e7i vur\u011fulad\u0131 ki, bu m\u0259s\u0259l\u0259d\u0259 Az\u0259rbaycan d\u00f6vl\u0259ti maraqlar\u0131na uy\u011fun &hellip;<\/p>\n","protected":false},"author":1,"featured_media":7166,"comment_status":"open","ping_status":"closed","sticky":false,"template":"","format":"standard","meta":{"footnotes":""},"categories":[9],"tags":[],"class_list":["post-7165","post","type-post","status-publish","format-standard","has-post-thumbnail","hentry","category-xeber"],"_links":{"self":[{"href":"https:\/\/millitv.net\/index.php?rest_route=\/wp\/v2\/posts\/7165","targetHints":{"allow":["GET"]}}],"collection":[{"href":"https:\/\/millitv.net\/index.php?rest_route=\/wp\/v2\/posts"}],"about":[{"href":"https:\/\/millitv.net\/index.php?rest_route=\/wp\/v2\/types\/post"}],"author":[{"embeddable":true,"href":"https:\/\/millitv.net\/index.php?rest_route=\/wp\/v2\/users\/1"}],"replies":[{"embeddable":true,"href":"https:\/\/millitv.net\/index.php?rest_route=%2Fwp%2Fv2%2Fcomments&post=7165"}],"version-history":[{"count":0,"href":"https:\/\/millitv.net\/index.php?rest_route=\/wp\/v2\/posts\/7165\/revisions"}],"wp:featuredmedia":[{"embeddable":true,"href":"https:\/\/millitv.net\/index.php?rest_route=\/wp\/v2\/media\/7166"}],"wp:attachment":[{"href":"https:\/\/millitv.net\/index.php?rest_route=%2Fwp%2Fv2%2Fmedia&parent=7165"}],"wp:term":[{"taxonomy":"category","embeddable":true,"href":"https:\/\/millitv.net\/index.php?rest_route=%2Fwp%2Fv2%2Fcategories&post=7165"},{"taxonomy":"post_tag","embeddable":true,"href":"https:\/\/millitv.net\/index.php?rest_route=%2Fwp%2Fv2%2Ftags&post=7165"}],"curies":[{"name":"wp","href":"https:\/\/api.w.org\/{rel}","templated":true}]}}