{"id":7153,"date":"2023-11-01T08:32:19","date_gmt":"2023-11-01T08:32:19","guid":{"rendered":"https:\/\/millinews.az\/xeber\/novb%C9%99ti-ild%C9%99n-usaq-pulu-berpa-edilir\/"},"modified":"2023-11-01T08:32:19","modified_gmt":"2023-11-01T08:32:19","slug":"novb%C9%99ti-ild%C9%99n-usaq-pulu-berpa-edilir","status":"publish","type":"post","link":"https:\/\/millitv.net\/?p=7153","title":{"rendered":"N\u00f6vb\u0259ti ild\u0259n \u201cu\u015faq pulu\u201d B\u018fRPA ED\u0130L\u0130R?"},"content":{"rendered":"<div id=\"maincontent\">&#13;<br \/>\n        &#13;<\/p>\n<p><strong>Qar\u015f\u0131dak\u0131 g\u00fcnl\u0259rd\u0259 Milli M\u0259clisd\u0259 \u201c2024-c\u00fc ilin d\u00f6vl\u0259t b\u00fcdc\u0259si haqq\u0131nda\u201d qanun layih\u0259sinin m\u00fczakir\u0259 olunaca\u011f\u0131 g\u00f6zl\u0259nilir. Bir ne\u00e7\u0259 ildir b\u00fcdc\u0259 m\u00fczakir\u0259si zaman\u0131 deputatlar 2006-c\u0131 ild\u0259n sonra do\u011fulan b\u00fct\u00fcn u\u015faqlara veril\u0259n \u201cu\u015faq pulu\u201d adl\u0131 sosial m\u00fcavin\u0259tin b\u0259rpas\u0131n\u0131 t\u0259klif edirl\u0259r. <\/strong><\/p>\n<p><a href=\"https:\/\/Millinews.az\" target=\"_blank\" class=\"kw-link\" rel=\"noopener\">Millinews.az<\/a> Bizim.Media -ya istinad\u0259n x\u0259b\u0259r verir ki, 2021-ci ilin d\u00f6vl\u0259t b\u00fcdc\u0259si m\u00fczakir\u0259 olunanda da bir ne\u00e7\u0259 deputat eyni t\u0259klifl\u0259 \u00e7\u0131x\u0131\u015f edib, lakin t\u0259klifl\u0259r\u0259 m\u00fcsb\u0259t cavab verilm\u0259yib.<\/p>\n<p>B\u0259s, n\u00f6vb\u0259ti ilin d\u00f6vl\u0259t b\u00fcdc\u0259sinin m\u00fczakir\u0259si zaman\u0131 \u201cu\u015faq pulu\u201dnun b\u0259rpas\u0131 m\u0259s\u0259l\u0259si yenid\u0259n g\u00fcnd\u0259m\u0259 g\u0259l\u0259 bil\u0259rmi?<\/p>\n<p>Milli M\u0259clisin \u00fczv\u00fc Fazil Mustafa m\u00f6vzu il\u0259 ba\u011fl\u0131 a\u00e7\u0131qlamas\u0131nda u\u015faqlara veril\u0259n m\u00fcxt\u0259lif m\u00fcavin\u0259tl\u0259rin art\u0131r\u0131lmas\u0131n\u0131n m\u00fczakir\u0259 olunaca\u011f\u0131n\u0131 bildirib: &#13;\n<\/p>\n<p>&#8220;Bununla ba\u011fl\u0131 ayr\u0131ca bir t\u0259klifin verilm\u0259si d\u0259f\u0259l\u0259rl\u0259 izah olunub. U\u015faqlarla ba\u011fl\u0131 xeyli m\u00fcavin\u0259t formalar\u0131 var. H\u0259min m\u00fcavin\u0259t formalar\u0131n\u0131n art\u0131r\u0131lmas\u0131 m\u0259s\u0259l\u0259si g\u00fcnd\u0259m\u0259 g\u0259tiril\u0259c\u0259k. Bilavasit\u0259 m\u00fcavin\u0259tl\u0259r o zaman art\u0131r ki, minimum ya\u015fay\u0131\u015f m\u0259bl\u0259\u011fi arts\u0131n. Bu artanda ona m\u00fcvafiq olaraq m\u00fcavin\u0259tl\u0259rin art\u0131m\u0131 n\u0259z\u0259rd\u0259 tutula bil\u0259c\u0259k.<\/p>\n<p>\u00c7\u00fcnki m\u00fcavin\u0259tl\u0259r minimum ya\u015fay\u0131\u015f m\u0259bl\u0259\u011finin h\u0259ddind\u0259n a\u015fa\u011f\u0131 olmamal\u0131d\u0131r. Bu bax\u0131mdan, bu kimi t\u0259klifl\u0259r orada n\u0259z\u0259rd\u0259 tutulacaq. <\/p>\n<p>Konkret \u201cu\u015faq pulu\u201d deyil\u0259n bir termin yox, ayr\u0131-ayr\u0131 m\u00fcavin\u0259t formalar\u0131 m\u00f6vcuddur. U\u015faqlar \u00fc\u00e7\u00fcn m\u00fcxt\u0259lif m\u00fcavin\u0259t formalar\u0131n\u0131n, \u0259lilliy\u0259, t\u0259hsil\u0259 g\u00f6r\u0259 veril\u0259n t\u0259qa\u00fcd v\u0259 s. m\u00fcavin\u0259tl\u0259rin art\u0131r\u0131lmas\u0131 m\u0259s\u0259l\u0259si b\u00fcdc\u0259 m\u00fczakir\u0259l\u0259rind\u0259 g\u00fcnd\u0259m\u0259 g\u0259tiril\u0259c\u0259k&#8221;, &#8211; dey\u0259 deputat \u0259lav\u0259 edib.&#13;<br \/>\n        &#13;<br \/>\n&#13;<br \/>\n        &#13;<br \/>\n&#13;\n        <\/p>\n<p><noscript><\/p>\n<p>You must enable Javascript on your browser for the site to work optimally and display sections completely.<\/p>\n<p><\/noscript>\t\t&#13;<br \/>\n\t\t&#13;\n    <\/div>\n<p><script type=\"text\/javascript\">jQuery(document).ready(function () {\n(function(d, s, id) {\n    var js, fjs = d.getElementsByTagName(s)[0];\n    if (d.getElementById(id))\n        return;\n    js = d.createElement(s);\n    js.id = id;\n    js.src = \"\/\/connect.facebook.net\/az_AZ\/all.js#xfbml=1&appId=1002485763137712\";\n    fjs.parentNode.insertBefore(js, fjs);\n}(document, 'script', 'facebook-jssdk'));                \n});<\/script><\/p>\n","protected":false},"excerpt":{"rendered":"<p>&#13; &#13; Qar\u015f\u0131dak\u0131 g\u00fcnl\u0259rd\u0259 Milli M\u0259clisd\u0259 \u201c2024-c\u00fc ilin d\u00f6vl\u0259t b\u00fcdc\u0259si haqq\u0131nda\u201d qanun layih\u0259sinin m\u00fczakir\u0259 olunaca\u011f\u0131 g\u00f6zl\u0259nilir. Bir ne\u00e7\u0259 ildir b\u00fcdc\u0259 m\u00fczakir\u0259si zaman\u0131 deputatlar 2006-c\u0131 ild\u0259n sonra do\u011fulan b\u00fct\u00fcn u\u015faqlara veril\u0259n \u201cu\u015faq pulu\u201d adl\u0131 sosial m\u00fcavin\u0259tin b\u0259rpas\u0131n\u0131 t\u0259klif edirl\u0259r. Millinews.az Bizim.Media -ya istinad\u0259n x\u0259b\u0259r verir ki, 2021-ci ilin d\u00f6vl\u0259t b\u00fcdc\u0259si m\u00fczakir\u0259 olunanda da bir ne\u00e7\u0259 deputat &hellip;<\/p>\n","protected":false},"author":1,"featured_media":7154,"comment_status":"open","ping_status":"closed","sticky":false,"template":"","format":"standard","meta":{"footnotes":""},"categories":[9],"tags":[],"class_list":["post-7153","post","type-post","status-publish","format-standard","has-post-thumbnail","hentry","category-xeber"],"_links":{"self":[{"href":"https:\/\/millitv.net\/index.php?rest_route=\/wp\/v2\/posts\/7153","targetHints":{"allow":["GET"]}}],"collection":[{"href":"https:\/\/millitv.net\/index.php?rest_route=\/wp\/v2\/posts"}],"about":[{"href":"https:\/\/millitv.net\/index.php?rest_route=\/wp\/v2\/types\/post"}],"author":[{"embeddable":true,"href":"https:\/\/millitv.net\/index.php?rest_route=\/wp\/v2\/users\/1"}],"replies":[{"embeddable":true,"href":"https:\/\/millitv.net\/index.php?rest_route=%2Fwp%2Fv2%2Fcomments&post=7153"}],"version-history":[{"count":0,"href":"https:\/\/millitv.net\/index.php?rest_route=\/wp\/v2\/posts\/7153\/revisions"}],"wp:featuredmedia":[{"embeddable":true,"href":"https:\/\/millitv.net\/index.php?rest_route=\/wp\/v2\/media\/7154"}],"wp:attachment":[{"href":"https:\/\/millitv.net\/index.php?rest_route=%2Fwp%2Fv2%2Fmedia&parent=7153"}],"wp:term":[{"taxonomy":"category","embeddable":true,"href":"https:\/\/millitv.net\/index.php?rest_route=%2Fwp%2Fv2%2Fcategories&post=7153"},{"taxonomy":"post_tag","embeddable":true,"href":"https:\/\/millitv.net\/index.php?rest_route=%2Fwp%2Fv2%2Ftags&post=7153"}],"curies":[{"name":"wp","href":"https:\/\/api.w.org\/{rel}","templated":true}]}}