{"id":7139,"date":"2023-11-01T07:56:17","date_gmt":"2023-11-01T07:56:17","guid":{"rendered":"https:\/\/millinews.az\/xeber\/metroda-gedishaqqi-il%C9%99-bagli-yenilik\/"},"modified":"2023-11-01T07:56:17","modified_gmt":"2023-11-01T07:56:17","slug":"metroda-gedishaqqi-il%C9%99-bagli-yenilik","status":"publish","type":"post","link":"https:\/\/millitv.net\/?p=7139","title":{"rendered":"Metroda gedi\u015fhaqq\u0131 il\u0259 ba\u011fl\u0131 YEN\u0130L\u0130K"},"content":{"rendered":"<div id=\"maincontent\">&#13;<br \/>\n        &#13;<\/p>\n<p><strong>Metroda gedi\u015fhaqq\u0131 tarifl\u0259rini t\u0259sdiql\u0259m\u0259k s\u0259lahiyy\u0259ti R\u0259q\u0259msal \u0130nki\u015faf v\u0259 N\u0259qliyyat Nazirliyin\u0259 verilib.<\/strong><\/p>\n<p><a href=\"https:\/\/Millinews.az\" target=\"_blank\" class=\"kw-link\" rel=\"noopener\">Millinews.az<\/a> x\u0259b\u0259r verir ki, bunu &#8220;Bak\u0131 Metropoliteni&#8221;QSC-nin s\u0259dr m\u00fcvani Hiday\u0259t M\u0259mm\u0259dov bildirib. &#13;\n<\/p>\n<p>O qeyd edib ki, bu il sentyabr\u0131n 2-d\u0259 Prezident \u0130lham \u018fliyev &#8220;R\u0259q\u0259msal inki\u015faf v\u0259 n\u0259qliyyat sah\u0259sind\u0259 tarifl\u0259rin v\u0259 xidm\u0259t haqlar\u0131n\u0131n t\u0259nziml\u0259nm\u0259sinin t\u0259kmill\u0259\u015fdirilm\u0259si il\u0259 \u0259laq\u0259dar Az\u0259rbaycan Respublikas\u0131 Prezidentinin b\u0259zi f\u0259rmanlar\u0131nda d\u0259yi\u015fiklik edilm\u0259si haqq\u0131nda&#8221; F\u0259rman\u0131 imzalay\u0131b. Bu s\u0259n\u0259dl\u0259 &#8220;Az\u0259rbaycan Respublikas\u0131n\u0131n R\u0259q\u0259msal \u0130nki\u015faf v\u0259 N\u0259qliyyat Nazirliyi haqq\u0131nda \u018fsasnam\u0259&#8221;d\u0259 d\u0259yi\u015fiklikl\u0259r edilib. Edil\u0259n bir d\u0259yi\u015fikliy\u0259 \u0259sas\u0259n, Az\u0259rbaycan Respublikas\u0131 Prezidentinin m\u00fc\u0259yy\u0259n etdiyi hallar istisna olmaqla, m\u00fcvafiq sah\u0259y\u0259 aid m\u0259s\u0259l\u0259l\u0259r\u0259 dair tarif siyas\u0259tini h\u0259yata ke\u00e7irir.<\/p>\n<p>S\u0259dr m\u00fcavininin s\u00f6zl\u0259rin\u0259 g\u00f6r\u0259, d\u0259yi\u015fikliy\u0259 uy\u011fun olaraq, m\u00fcvafiq sah\u0259d\u0259 qanunla m\u00fc\u0259yy\u0259n edilmi\u015f hallarda tarifl\u0259ri v\u0259 xidm\u0259t haqlar\u0131n\u0131, habel\u0259 Nazirl\u0259r Kabinetinin t\u0259sdiq etdiyi qiym\u0259tl\u0259ri (tarifl\u0259ri) d\u00f6vl\u0259t t\u0259r\u0259find\u0259n t\u0259nziml\u0259n\u0259n mallar\u0131n (i\u015fl\u0259rin, xidm\u0259tl\u0259rin) siyah\u0131s\u0131nda n\u0259z\u0259rd\u0259 tutulan tarifl\u0259ri \u0130qtisadiyyat v\u0259 Maliyy\u0259 nazirlikl\u0259rinin r\u0259yi n\u0259z\u0259r\u0259 al\u0131nmaqla, t\u0259sdiq etm\u0259k s\u0259lahiyy\u0259ti R\u0259q\u0259msal \u0130nki\u015faf v\u0259 N\u0259qliyyat Nazirliyin\u0259 verilib.<\/p>\n<p>H. M\u0259mm\u0259dov \u0259lav\u0259 edib ki, f\u0259rman\u0131n 9-cu b\u0259ndin\u0259 \u0259sas\u0259n, R\u0259q\u0259msal \u0130nki\u015faf v\u0259 N\u0259qliyyat Nazirliyin\u0259 tap\u015f\u0131r\u0131l\u0131b ki, s\u0259n\u0259din 1-8-ci hiss\u0259l\u0259rind\u0259 n\u0259z\u0259rd\u0259 tutulan tarifl\u0259ri v\u0259 xidm\u0259t haqlar\u0131n\u0131, \u0130qtisadiyyat v\u0259 Maliyy\u0259 nazirlikl\u0259rinin r\u0259yi n\u0259z\u0259r\u0259 al\u0131nmaqla, alt\u0131 ay m\u00fcdd\u0259tind\u0259 t\u0259sdiq edib Az\u0259rbaycan Respublikas\u0131n\u0131n Prezidentin\u0259 m\u0259lumat versin. F\u0259rmanda o da qeyd olunub ki, R\u0259q\u0259msal \u0130nki\u015faf v\u0259 N\u0259qliyyat Nazirliyi yeni tarifl\u0259r v\u0259 xidm\u0259t haqlar\u0131n\u0131 t\u0259sdiq ed\u0259n\u0259d\u0259k, m\u00f6vcud tarifl\u0259r v\u0259 xidm\u0259t haqlar\u0131 h\u00fcquqi q\u00fcvv\u0259sini saxlayacaq.&#13;<br \/>\n        &#13;<br \/>\n&#13;<br \/>\n        &#13;<br \/>\n&#13;\n        <\/p>\n<p><noscript><\/p>\n<p>You must enable Javascript on your browser for the site to work optimally and display sections completely.<\/p>\n<p><\/noscript>\t\t&#13;<br \/>\n\t\t&#13;\n    <\/div>\n<p><script type=\"text\/javascript\">jQuery(document).ready(function () {\n(function(d, s, id) {\n    var js, fjs = d.getElementsByTagName(s)[0];\n    if (d.getElementById(id))\n        return;\n    js = d.createElement(s);\n    js.id = id;\n    js.src = \"\/\/connect.facebook.net\/az_AZ\/all.js#xfbml=1&appId=1002485763137712\";\n    fjs.parentNode.insertBefore(js, fjs);\n}(document, 'script', 'facebook-jssdk'));                \n});<\/script><\/p>\n","protected":false},"excerpt":{"rendered":"<p>&#13; &#13; Metroda gedi\u015fhaqq\u0131 tarifl\u0259rini t\u0259sdiql\u0259m\u0259k s\u0259lahiyy\u0259ti R\u0259q\u0259msal \u0130nki\u015faf v\u0259 N\u0259qliyyat Nazirliyin\u0259 verilib. Millinews.az x\u0259b\u0259r verir ki, bunu &#8220;Bak\u0131 Metropoliteni&#8221;QSC-nin s\u0259dr m\u00fcvani Hiday\u0259t M\u0259mm\u0259dov bildirib. &#13; O qeyd edib ki, bu il sentyabr\u0131n 2-d\u0259 Prezident \u0130lham \u018fliyev &#8220;R\u0259q\u0259msal inki\u015faf v\u0259 n\u0259qliyyat sah\u0259sind\u0259 tarifl\u0259rin v\u0259 xidm\u0259t haqlar\u0131n\u0131n t\u0259nziml\u0259nm\u0259sinin t\u0259kmill\u0259\u015fdirilm\u0259si il\u0259 \u0259laq\u0259dar Az\u0259rbaycan Respublikas\u0131 Prezidentinin b\u0259zi f\u0259rmanlar\u0131nda &hellip;<\/p>\n","protected":false},"author":1,"featured_media":7140,"comment_status":"open","ping_status":"closed","sticky":false,"template":"","format":"standard","meta":{"footnotes":""},"categories":[9],"tags":[],"class_list":["post-7139","post","type-post","status-publish","format-standard","has-post-thumbnail","hentry","category-xeber"],"_links":{"self":[{"href":"https:\/\/millitv.net\/index.php?rest_route=\/wp\/v2\/posts\/7139","targetHints":{"allow":["GET"]}}],"collection":[{"href":"https:\/\/millitv.net\/index.php?rest_route=\/wp\/v2\/posts"}],"about":[{"href":"https:\/\/millitv.net\/index.php?rest_route=\/wp\/v2\/types\/post"}],"author":[{"embeddable":true,"href":"https:\/\/millitv.net\/index.php?rest_route=\/wp\/v2\/users\/1"}],"replies":[{"embeddable":true,"href":"https:\/\/millitv.net\/index.php?rest_route=%2Fwp%2Fv2%2Fcomments&post=7139"}],"version-history":[{"count":0,"href":"https:\/\/millitv.net\/index.php?rest_route=\/wp\/v2\/posts\/7139\/revisions"}],"wp:featuredmedia":[{"embeddable":true,"href":"https:\/\/millitv.net\/index.php?rest_route=\/wp\/v2\/media\/7140"}],"wp:attachment":[{"href":"https:\/\/millitv.net\/index.php?rest_route=%2Fwp%2Fv2%2Fmedia&parent=7139"}],"wp:term":[{"taxonomy":"category","embeddable":true,"href":"https:\/\/millitv.net\/index.php?rest_route=%2Fwp%2Fv2%2Fcategories&post=7139"},{"taxonomy":"post_tag","embeddable":true,"href":"https:\/\/millitv.net\/index.php?rest_route=%2Fwp%2Fv2%2Ftags&post=7139"}],"curies":[{"name":"wp","href":"https:\/\/api.w.org\/{rel}","templated":true}]}}