{"id":7137,"date":"2023-11-01T07:50:26","date_gmt":"2023-11-01T07:50:26","guid":{"rendered":"https:\/\/millinews.az\/xeber\/portuqaliyada-konlun%C9%99-nar-sir%C9%99si-dus%C9%99n-az%C9%99rbaycanlinin-basina-is-g%C9%99ldi\/"},"modified":"2023-11-01T07:50:26","modified_gmt":"2023-11-01T07:50:26","slug":"portuqaliyada-konlun%C9%99-nar-sir%C9%99si-dus%C9%99n-az%C9%99rbaycanlinin-basina-is-g%C9%99ldi","status":"publish","type":"post","link":"https:\/\/millitv.net\/?p=7137","title":{"rendered":"Portuqaliyada k\u00f6nl\u00fcn\u0259 nar \u015fir\u0259si d\u00fc\u015f\u0259n az\u0259rbaycanl\u0131n\u0131n ba\u015f\u0131na i\u015f g\u0259ldi"},"content":{"rendered":"<div id=\"maincontent\">&#13;<br \/>\n        &#13;<\/p>\n<p><strong>Portuqaliyan\u0131n paytaxt\u0131 Lissabonda bir az\u0259rbaycanl\u0131n\u0131n nar \u015fir\u0259si sifari\u015f etm\u0259si onun polis t\u0259r\u0259find\u0259n saxlan\u0131lmas\u0131na s\u0259b\u0259b olub.<\/strong><\/p>\n<p><a href=\"https:\/\/Millinews.az\" target=\"_blank\" class=\"kw-link\" rel=\"noopener\">Millinews.az<\/a> &#8220;Qafqazinfo\u201dya istinad\u0259n x\u0259b\u0259r verir ki, 36 ya\u015fl\u0131 rusdilli az\u0259rbaycanl\u0131 Lissabonda restoranlardan birind\u0259 nar \u015fir\u0259si sifari\u015f etm\u0259k ist\u0259yib.  &#13;\n<\/p>\n<p>Bildirilir ki, o, rus dilind\u0259 olan &#8220;\u0433\u0440\u0430\u043d\u0430\u0442\u201d (nar) s\u00f6z\u00fcn\u00fc telefonunda t\u0259rc\u00fcm\u0259 proqram\u0131 vasit\u0259sil\u0259 Portuqaliya dilin\u0259 t\u0259rc\u00fcm\u0259 edib. Proqram is\u0259 bu s\u00f6z\u00fc portuqal dilin\u0259 qumbara olaraq \u00e7evirib. H\u0259myerlimiz daha sonradan proqram\u0131n t\u0259rc\u00fcm\u0259 etdiyi s\u00f6zd\u0259n istifad\u0259 ed\u0259r\u0259k telefonunda portuqalca &#8220;M\u0259n nar \u015fir\u0259si ist\u0259yir\u0259m\u201d yazma\u011fa \u00e7al\u0131\u015faraq ofisianta g\u00f6st\u0259rib. Turist yazd\u0131\u011f\u0131 c\u00fcml\u0259ni restoran i\u015f\u00e7isin\u0259 g\u00f6st\u0259rdiks\u0259 is\u0259 o bunu t\u0259hdid olaraq ba\u015fa d\u00fc\u015f\u00fcb v\u0259 m\u00fc\u015ft\u0259rinin \u00fcz\u0259rind\u0259 qumbara oldu\u011funu d\u00fc\u015f\u00fcn\u00fcb. N\u0259tic\u0259d\u0259 restorana polis \u00e7a\u011f\u0131r\u0131l\u0131b v\u0259 az\u0259rbaycanl\u0131 turist saxlan\u0131l\u0131b.  <\/p>\n<p>O, dindirilm\u0259k \u00fc\u00e7\u00fcn yax\u0131nl\u0131qdak\u0131 polis b\u00f6lm\u0259sin\u0259 apar\u0131l\u0131b, m\u0259s\u0259l\u0259 ayd\u0131nla\u015fd\u0131r\u0131ld\u0131qdan sonra is\u0259 s\u0259rb\u0259st burax\u0131l\u0131b. Ad\u0131 a\u00e7\u0131qlanmayan az\u0259rbaycanl\u0131n\u0131n hoteld\u0259ki ota\u011f\u0131nda axtar\u0131\u015f apar\u0131ld\u0131\u011f\u0131 da bildirilir.<\/p>\n<p><iframe loading=\"lazy\" width=\"100%\" height=\"480\" src=\"https:\/\/player.bax.tv\/embed\/186941.html\" frameborder=\"0\" webkitallowfullscreen=\"\" mozallowfullscreen=\"\" allowfullscreen=\"\"><\/iframe>&#13;<br \/>\n        &#13;<br \/>\n&#13;<br \/>\n        &#13;<br \/>\n&#13;\n        <\/p>\n<p><noscript><\/p>\n<p>You must enable Javascript on your browser for the site to work optimally and display sections completely.<\/p>\n<p><\/noscript>\t\t&#13;<br \/>\n\t\t&#13;\n    <\/div>\n<p><script type=\"text\/javascript\">jQuery(document).ready(function () {\n(function(d, s, id) {\n    var js, fjs = d.getElementsByTagName(s)[0];\n    if (d.getElementById(id))\n        return;\n    js = d.createElement(s);\n    js.id = id;\n    js.src = \"\/\/connect.facebook.net\/az_AZ\/all.js#xfbml=1&appId=1002485763137712\";\n    fjs.parentNode.insertBefore(js, fjs);\n}(document, 'script', 'facebook-jssdk'));                \n});<\/script><\/p>\n","protected":false},"excerpt":{"rendered":"<p>&#13; &#13; Portuqaliyan\u0131n paytaxt\u0131 Lissabonda bir az\u0259rbaycanl\u0131n\u0131n nar \u015fir\u0259si sifari\u015f etm\u0259si onun polis t\u0259r\u0259find\u0259n saxlan\u0131lmas\u0131na s\u0259b\u0259b olub. Millinews.az &#8220;Qafqazinfo\u201dya istinad\u0259n x\u0259b\u0259r verir ki, 36 ya\u015fl\u0131 rusdilli az\u0259rbaycanl\u0131 Lissabonda restoranlardan birind\u0259 nar \u015fir\u0259si sifari\u015f etm\u0259k ist\u0259yib. &#13; Bildirilir ki, o, rus dilind\u0259 olan &#8220;\u0433\u0440\u0430\u043d\u0430\u0442\u201d (nar) s\u00f6z\u00fcn\u00fc telefonunda t\u0259rc\u00fcm\u0259 proqram\u0131 vasit\u0259sil\u0259 Portuqaliya dilin\u0259 t\u0259rc\u00fcm\u0259 edib. Proqram is\u0259 &hellip;<\/p>\n","protected":false},"author":1,"featured_media":7138,"comment_status":"open","ping_status":"closed","sticky":false,"template":"","format":"standard","meta":{"footnotes":""},"categories":[9],"tags":[],"class_list":["post-7137","post","type-post","status-publish","format-standard","has-post-thumbnail","hentry","category-xeber"],"_links":{"self":[{"href":"https:\/\/millitv.net\/index.php?rest_route=\/wp\/v2\/posts\/7137","targetHints":{"allow":["GET"]}}],"collection":[{"href":"https:\/\/millitv.net\/index.php?rest_route=\/wp\/v2\/posts"}],"about":[{"href":"https:\/\/millitv.net\/index.php?rest_route=\/wp\/v2\/types\/post"}],"author":[{"embeddable":true,"href":"https:\/\/millitv.net\/index.php?rest_route=\/wp\/v2\/users\/1"}],"replies":[{"embeddable":true,"href":"https:\/\/millitv.net\/index.php?rest_route=%2Fwp%2Fv2%2Fcomments&post=7137"}],"version-history":[{"count":0,"href":"https:\/\/millitv.net\/index.php?rest_route=\/wp\/v2\/posts\/7137\/revisions"}],"wp:featuredmedia":[{"embeddable":true,"href":"https:\/\/millitv.net\/index.php?rest_route=\/wp\/v2\/media\/7138"}],"wp:attachment":[{"href":"https:\/\/millitv.net\/index.php?rest_route=%2Fwp%2Fv2%2Fmedia&parent=7137"}],"wp:term":[{"taxonomy":"category","embeddable":true,"href":"https:\/\/millitv.net\/index.php?rest_route=%2Fwp%2Fv2%2Fcategories&post=7137"},{"taxonomy":"post_tag","embeddable":true,"href":"https:\/\/millitv.net\/index.php?rest_route=%2Fwp%2Fv2%2Ftags&post=7137"}],"curies":[{"name":"wp","href":"https:\/\/api.w.org\/{rel}","templated":true}]}}