{"id":7135,"date":"2023-11-01T07:46:27","date_gmt":"2023-11-01T07:46:27","guid":{"rendered":"https:\/\/millinews.az\/xeber\/dunya-sizi-qoruya-bilm%C9%99diyi-ucun\/"},"modified":"2023-11-01T07:46:27","modified_gmt":"2023-11-01T07:46:27","slug":"dunya-sizi-qoruya-bilm%C9%99diyi-ucun","status":"publish","type":"post","link":"https:\/\/millitv.net\/?p=7135","title":{"rendered":"D\u00fcnya sizi qoruya bilm\u0259diyi \u00fc\u00e7\u00fcn&#8230;"},"content":{"rendered":"<div id=\"mvp-content-main\">\n<p><strong>\u015eotlandiyan\u0131n regional ba\u015f naziri H\u0259mz\u0259 Yusif sosial media platformas\u0131 &#8220;X&#8221;-d\u0259ki payla\u015f\u0131m\u0131nda \u0130srailin Cibaliya Qa\u00e7q\u0131nlar D\u00fc\u015f\u0259rg\u0259sin\u0259 etdiyi hava h\u00fccumuna reaksiya verib.<\/strong><\/p>\n<p><strong><a target=\"_blank\" href=\"https:\/\/Millinews.az\" rel=\"noopener\">Millinews.az<\/a><\/strong> x\u0259b\u0259r verir ki, Q\u0259zzada t\u0259cili at\u0259\u015fk\u0259sin vacibliyini vur\u011fulayan ba\u015f nazir &#8220;Cibaliya Qa\u00e7q\u0131n D\u00fc\u015f\u0259rg\u0259sind\u0259ki g\u00fcnahs\u0131z ki\u015fil\u0259r, qad\u0131nlar v\u0259 u\u015faqlar, d\u00fcnya sizi qoruya bilm\u0259diyi \u00fc\u00e7\u00fcn t\u0259\u0259ss\u00fcf edir\u0259m. \u0130nsan h\u0259yat\u0131na bu a\u00e7\u0131q-a\u015fkar etinas\u0131zl\u0131q birm\u0259nal\u0131 \u015f\u0259kild\u0259 pisl\u0259nm\u0259lidir&#8221; ifad\u0259l\u0259rini i\u015fl\u0259dib.<\/p>\n<p>O, &#8220;Daha \u00e7ox u\u015fa\u011f\u0131n \u00f6lm\u0259sin\u0259 icaz\u0259 verm\u0259yin&#8221; \u00e7a\u011f\u0131r\u0131\u015f\u0131n\u0131 edib.<\/p>\n<p>Q\u0259zza S\u0259hiyy\u0259 Nazirliyi \u0130srail d\u00f6y\u00fc\u015f t\u0259yyar\u0259l\u0259rinin Q\u0259zza zola\u011f\u0131n\u0131n \u015fimal\u0131ndak\u0131 Cibaliya Qa\u00e7q\u0131nlar D\u00fc\u015f\u0259rg\u0259sin\u0259 h\u00fccum etdiyini a\u00e7\u0131qlam\u0131\u015fd\u0131. Nazirliyin Teleqram hesab\u0131ndan edil\u0259n a\u00e7\u0131qlamada, ilkin t\u0259sbitl\u0259r\u0259 g\u00f6r\u0259, h\u00fccumda 100 n\u0259f\u0259rin h\u0259yat\u0131n\u0131 itirdiyi, d\u00fc\u015f\u0259rg\u0259d\u0259ki m\u00fclki ya\u015fay\u0131\u015f m\u0259nt\u0259q\u0259l\u0259rind\u0259n biri olan 6 Blok m\u0259h\u0259ll\u0259sinin tamamil\u0259 da\u011f\u0131d\u0131ld\u0131\u011f\u0131 bildirilmi\u015fdi.<\/p>\n<p><img decoding=\"async\" alt=\"\" src=\"https:\/\/iasbh.tmgrup.com.tr\/9e43a0\/0\/0\/0\/0\/1200\/800?u=https:\/\/isbh.tmgrup.com.tr\/sbh\/2023\/11\/01\/iskocya-basbakani-yusuftan-israilin-multeci-kampi-katliamina-tepki-1698792469253.jpeg&amp;mw=700\" width=\"650\" title=\"\"><\/p>\n<p>Yusif oktyabr\u0131n 9-da verdiyi a\u00e7\u0131qlamada h\u0259yat yolda\u015f\u0131n\u0131n \u015eotlandiyada ya\u015fayan anas\u0131 v\u0259 atas\u0131n\u0131n Q\u0259zzada oldu\u011funu v\u0259 b\u00f6lg\u0259d\u0259 qapal\u0131 qald\u0131qlar\u0131n\u0131 a\u00e7\u0131qlay\u0131b.<\/p>\n<p>Oktyabr\u0131n 13-d\u0259 payla\u015fd\u0131\u011f\u0131 videoda Q\u0259zzada qapal\u0131 qalan Yusifin qay\u0131nanas\u0131 Elizabet \u018fl-Nakla g\u00f6z ya\u015flar\u0131na hakim ola bilm\u0259yib v\u0259 &#8220;\u0130nsanl\u0131q haradad\u0131r? D\u00fcnyan\u0131n haras\u0131nda insanlar\u0131n \u00fcr\u0259yi bu d\u00f6vrd\u0259 buna icaz\u0259 verir&#8221; ifad\u0259l\u0259rini i\u015fl\u0259dib.<\/p>\n<p>N\u0259zrin<\/p>\n<\/p><\/div>\n<p><script>\n        (function (d, s, id) {\n            var js, fjs = d.getElementsByTagName(s)[0];\n            if (d.getElementById(id)) return;\n            js = d.createElement(s);\n            js.id = id;\n            js.src = \"\/\/connect.facebook.net\/az_AZ\/sdk.js#xfbml=1&version=v2.7&appId=\";\n            fjs.parentNode.insertBefore(js, fjs);\n        }(document, 'script', 'facebook-jssdk'));\n    <\/script><\/p>\n","protected":false},"excerpt":{"rendered":"<p>\u015eotlandiyan\u0131n regional ba\u015f naziri H\u0259mz\u0259 Yusif sosial media platformas\u0131 &#8220;X&#8221;-d\u0259ki payla\u015f\u0131m\u0131nda \u0130srailin Cibaliya Qa\u00e7q\u0131nlar D\u00fc\u015f\u0259rg\u0259sin\u0259 etdiyi hava h\u00fccumuna reaksiya verib. Millinews.az x\u0259b\u0259r verir ki, Q\u0259zzada t\u0259cili at\u0259\u015fk\u0259sin vacibliyini vur\u011fulayan ba\u015f nazir &#8220;Cibaliya Qa\u00e7q\u0131n D\u00fc\u015f\u0259rg\u0259sind\u0259ki g\u00fcnahs\u0131z ki\u015fil\u0259r, qad\u0131nlar v\u0259 u\u015faqlar, d\u00fcnya sizi qoruya bilm\u0259diyi \u00fc\u00e7\u00fcn t\u0259\u0259ss\u00fcf edir\u0259m. \u0130nsan h\u0259yat\u0131na bu a\u00e7\u0131q-a\u015fkar etinas\u0131zl\u0131q birm\u0259nal\u0131 \u015f\u0259kild\u0259 pisl\u0259nm\u0259lidir&#8221; ifad\u0259l\u0259rini &hellip;<\/p>\n","protected":false},"author":1,"featured_media":7136,"comment_status":"open","ping_status":"closed","sticky":false,"template":"","format":"standard","meta":{"footnotes":""},"categories":[9],"tags":[],"class_list":["post-7135","post","type-post","status-publish","format-standard","has-post-thumbnail","hentry","category-xeber"],"_links":{"self":[{"href":"https:\/\/millitv.net\/index.php?rest_route=\/wp\/v2\/posts\/7135","targetHints":{"allow":["GET"]}}],"collection":[{"href":"https:\/\/millitv.net\/index.php?rest_route=\/wp\/v2\/posts"}],"about":[{"href":"https:\/\/millitv.net\/index.php?rest_route=\/wp\/v2\/types\/post"}],"author":[{"embeddable":true,"href":"https:\/\/millitv.net\/index.php?rest_route=\/wp\/v2\/users\/1"}],"replies":[{"embeddable":true,"href":"https:\/\/millitv.net\/index.php?rest_route=%2Fwp%2Fv2%2Fcomments&post=7135"}],"version-history":[{"count":0,"href":"https:\/\/millitv.net\/index.php?rest_route=\/wp\/v2\/posts\/7135\/revisions"}],"wp:featuredmedia":[{"embeddable":true,"href":"https:\/\/millitv.net\/index.php?rest_route=\/wp\/v2\/media\/7136"}],"wp:attachment":[{"href":"https:\/\/millitv.net\/index.php?rest_route=%2Fwp%2Fv2%2Fmedia&parent=7135"}],"wp:term":[{"taxonomy":"category","embeddable":true,"href":"https:\/\/millitv.net\/index.php?rest_route=%2Fwp%2Fv2%2Fcategories&post=7135"},{"taxonomy":"post_tag","embeddable":true,"href":"https:\/\/millitv.net\/index.php?rest_route=%2Fwp%2Fv2%2Ftags&post=7135"}],"curies":[{"name":"wp","href":"https:\/\/api.w.org\/{rel}","templated":true}]}}