{"id":7114,"date":"2023-11-01T07:00:24","date_gmt":"2023-11-01T07:00:24","guid":{"rendered":"https:\/\/millinews.az\/xeber\/prezidentin-muraci%C9%99ti-bmt-nin-r%C9%99smi-s%C9%99n%C9%99di-kimi-yayildi\/"},"modified":"2023-11-01T07:00:24","modified_gmt":"2023-11-01T07:00:24","slug":"prezidentin-muraci%C9%99ti-bmt-nin-r%C9%99smi-s%C9%99n%C9%99di-kimi-yayildi","status":"publish","type":"post","link":"https:\/\/millitv.net\/?p=7114","title":{"rendered":"Prezidentin m\u00fcraci\u0259ti BMT-nin r\u0259smi s\u0259n\u0259di kimi yay\u0131ld\u0131"},"content":{"rendered":"<div id=\"maincontent\">&#13;<br \/>\n        &#13;<\/p>\n<p><strong>Az\u0259rbaycan Respublikas\u0131n\u0131n Prezidenti \u0130lham \u018fliyevin oktyabr\u0131n 20-d\u0259 Bak\u0131da ke\u00e7iril\u0259n \u201cNeokolonializm: \u0130nsan H\u00fcquqlar\u0131n\u0131n Pozulmas\u0131 v\u0259 \u018fdal\u0259tsizlik\u201d m\u00f6vzusunda beyn\u0259lxalq konfrans\u0131n i\u015ftirak\u00e7\u0131lar\u0131na m\u00fcraci\u0259ti BMT-nin <noindex style=\"background-color: initial;\"><a href=\"https:\/\/documents-dds-ny.un.org\/doc\/UNDOC\/GEN\/N23\/319\/95\/PDF\/N2331995.pdf?OpenElement\" target=\"_blank\" rel=\"noopener\">r\u0259smi s\u0259n\u0259di<\/a><\/noindex> kimi yay\u0131l\u0131b.<\/strong><\/p>\n<p><a href=\"https:\/\/Millinews.az\" target=\"_blank\" class=\"kw-link\" rel=\"noopener\">Millinews.az<\/a> x\u0259b\u0259r verir ki, d\u00f6vl\u0259t ba\u015f\u00e7\u0131s\u0131 m\u00fcraci\u0259tind\u0259 Az\u0259rbaycan\u0131n XXI \u0259srd\u0259 kolonializmin davam etm\u0259sind\u0259n v\u0259 kolonializmin yeni t\u0259zah\u00fcrl\u0259ri meyill\u0259rinin artmas\u0131ndan narahatl\u0131\u011f\u0131n\u0131 vur\u011fulay\u0131b, Afrika, C\u0259nub-\u015e\u0259rqi Asiya, Sakit Okean, Lat\u0131n Amerikas\u0131nda onlarla \u00f6lk\u0259ni i\u015f\u011fal ed\u0259n, s\u0259rv\u0259tl\u0259rini talayan, xalqlar\u0131n\u0131 uzun ill\u0259r \u0259sar\u0259td\u0259 saxlayan Fransan\u0131n h\u0259min \u0259razil\u0259rd\u0259 h\u0259rbi v\u0259 b\u0259\u015f\u0259riyy\u0259t \u0259leyhin\u0259 \u00e7oxsayl\u0131 cinay\u0259tl\u0259r t\u00f6r\u0259tdiyini, etnik v\u0259 dini m\u0259nsubiyy\u0259tin\u0259 g\u00f6r\u0259 y\u00fcz minl\u0259rl\u0259 dinc sakini soyq\u0131r\u0131m\u0131na m\u0259ruz qoydu\u011funu diqq\u0259t\u0259 \u00e7atd\u0131r\u0131b, Fransa kolonializminin utancverici yeni metodlar\u0131n\u0131n bu g\u00fcn d\u0259 davam etm\u0259sind\u0259n t\u0259\u0259ss\u00fcf\u00fcn\u00fc bildirib. Prezident \u0130lham \u018fliyev, eyni zamanda, Fransan\u0131n d\u00fcnyada \u0259n \u00e7ox mina istifad\u0259 etmi\u015f \u00f6lk\u0259l\u0259rd\u0259n biri oldu\u011funa, Az\u0259rbaycan\u0131n mina partlay\u0131\u015f\u0131ndan \u0259n \u00e7ox \u0259ziyy\u0259t \u00e7\u0259k\u0259n \u00f6lk\u0259l\u0259r s\u0131ras\u0131nda \u00f6n yerl\u0259rd\u0259n birini tutdu\u011funa diqq\u0259t \u00e7\u0259kib. &#13;\n<\/p>\n<p>D\u00f6vl\u0259t ba\u015f\u00e7\u0131s\u0131 h\u0259m\u00e7inin Az\u0259rbaycan\u0131n Qo\u015fulmama H\u0259r\u0259kat\u0131n\u0131n s\u0259dri kimi kolonializm\u0259 qar\u015f\u0131 m\u00fcbariz\u0259 aparan v\u0259 azad olma\u011fa \u00e7al\u0131\u015fan xalqlar\u0131 d\u0259st\u0259kl\u0259diyini diqq\u0259t\u0259 \u00e7atd\u0131r\u0131b.<\/p>\n<p>Qeyd ed\u0259k ki, Prezident \u0130lham \u018fliyevin s\u00f6z\u00fcged\u0259n m\u00fcraci\u0259tinin BMT-nin r\u0259smi s\u0259n\u0259di kimi yay\u0131lmas\u0131 d\u00f6vl\u0259timizin ba\u015f\u00e7\u0131s\u0131n\u0131n, eyni zamanda, Az\u0259rbaycan\u0131n beyn\u0259lxalq prosesl\u0259rd\u0259 oynad\u0131\u011f\u0131 m\u00fch\u00fcm rolun, o c\u00fcml\u0259d\u0259n d\u00fcnyada kolonializm\u0259 qar\u015f\u0131 m\u00fcbariz\u0259 sah\u0259sind\u0259 birg\u0259 s\u0259yl\u0259rin s\u0259f\u0259rb\u0259r edilm\u0259sin\u0259, b\u0259\u015f\u0259riyy\u0259tin rifah\u0131, d\u00fcnyan\u0131n kolonializmd\u0259n xilas olmas\u0131 m\u0259qs\u0259dil\u0259 yeni ideya v\u0259 t\u0259\u015f\u0259bb\u00fcsl\u0259rin ir\u0259li s\u00fcr\u00fclm\u0259sin\u0259 t\u00f6hf\u0259l\u0259rinin beyn\u0259lxalq ictimaiyy\u0259t t\u0259r\u0259find\u0259n y\u00fcks\u0259k qiym\u0259tl\u0259ndirilm\u0259sinin \u0259yani t\u0259zah\u00fcr\u00fcd\u00fcr.&#13;<br \/>\n        &#13;<br \/>\n&#13;<br \/>\n        &#13;<br \/>\n&#13;\n        <\/p>\n<p><noscript><\/p>\n<p>You must enable Javascript on your browser for the site to work optimally and display sections completely.<\/p>\n<p><\/noscript>\t\t&#13;<br \/>\n\t\t&#13;\n    <\/div>\n<p><script type=\"text\/javascript\">jQuery(document).ready(function () {\n(function(d, s, id) {\n    var js, fjs = d.getElementsByTagName(s)[0];\n    if (d.getElementById(id))\n        return;\n    js = d.createElement(s);\n    js.id = id;\n    js.src = \"\/\/connect.facebook.net\/az_AZ\/all.js#xfbml=1&appId=1002485763137712\";\n    fjs.parentNode.insertBefore(js, fjs);\n}(document, 'script', 'facebook-jssdk'));                \n});<\/script><\/p>\n","protected":false},"excerpt":{"rendered":"<p>&#13; &#13; Az\u0259rbaycan Respublikas\u0131n\u0131n Prezidenti \u0130lham \u018fliyevin oktyabr\u0131n 20-d\u0259 Bak\u0131da ke\u00e7iril\u0259n \u201cNeokolonializm: \u0130nsan H\u00fcquqlar\u0131n\u0131n Pozulmas\u0131 v\u0259 \u018fdal\u0259tsizlik\u201d m\u00f6vzusunda beyn\u0259lxalq konfrans\u0131n i\u015ftirak\u00e7\u0131lar\u0131na m\u00fcraci\u0259ti BMT-nin r\u0259smi s\u0259n\u0259di kimi yay\u0131l\u0131b. Millinews.az x\u0259b\u0259r verir ki, d\u00f6vl\u0259t ba\u015f\u00e7\u0131s\u0131 m\u00fcraci\u0259tind\u0259 Az\u0259rbaycan\u0131n XXI \u0259srd\u0259 kolonializmin davam etm\u0259sind\u0259n v\u0259 kolonializmin yeni t\u0259zah\u00fcrl\u0259ri meyill\u0259rinin artmas\u0131ndan narahatl\u0131\u011f\u0131n\u0131 vur\u011fulay\u0131b, Afrika, C\u0259nub-\u015e\u0259rqi Asiya, Sakit Okean, Lat\u0131n Amerikas\u0131nda &hellip;<\/p>\n","protected":false},"author":1,"featured_media":7115,"comment_status":"open","ping_status":"closed","sticky":false,"template":"","format":"standard","meta":{"footnotes":""},"categories":[9],"tags":[],"class_list":["post-7114","post","type-post","status-publish","format-standard","has-post-thumbnail","hentry","category-xeber"],"_links":{"self":[{"href":"https:\/\/millitv.net\/index.php?rest_route=\/wp\/v2\/posts\/7114","targetHints":{"allow":["GET"]}}],"collection":[{"href":"https:\/\/millitv.net\/index.php?rest_route=\/wp\/v2\/posts"}],"about":[{"href":"https:\/\/millitv.net\/index.php?rest_route=\/wp\/v2\/types\/post"}],"author":[{"embeddable":true,"href":"https:\/\/millitv.net\/index.php?rest_route=\/wp\/v2\/users\/1"}],"replies":[{"embeddable":true,"href":"https:\/\/millitv.net\/index.php?rest_route=%2Fwp%2Fv2%2Fcomments&post=7114"}],"version-history":[{"count":0,"href":"https:\/\/millitv.net\/index.php?rest_route=\/wp\/v2\/posts\/7114\/revisions"}],"wp:featuredmedia":[{"embeddable":true,"href":"https:\/\/millitv.net\/index.php?rest_route=\/wp\/v2\/media\/7115"}],"wp:attachment":[{"href":"https:\/\/millitv.net\/index.php?rest_route=%2Fwp%2Fv2%2Fmedia&parent=7114"}],"wp:term":[{"taxonomy":"category","embeddable":true,"href":"https:\/\/millitv.net\/index.php?rest_route=%2Fwp%2Fv2%2Fcategories&post=7114"},{"taxonomy":"post_tag","embeddable":true,"href":"https:\/\/millitv.net\/index.php?rest_route=%2Fwp%2Fv2%2Ftags&post=7114"}],"curies":[{"name":"wp","href":"https:\/\/api.w.org\/{rel}","templated":true}]}}