{"id":7108,"date":"2023-11-01T06:48:08","date_gmt":"2023-11-01T06:48:08","guid":{"rendered":"https:\/\/millinews.az\/xeber\/polsa-h%C9%99d%C9%99l%C9%99di-ukrayna-nota-verdi\/"},"modified":"2023-11-01T06:48:08","modified_gmt":"2023-11-01T06:48:08","slug":"polsa-h%C9%99d%C9%99l%C9%99di-ukrayna-nota-verdi","status":"publish","type":"post","link":"https:\/\/millitv.net\/?p=7108","title":{"rendered":"Pol\u015fa h\u0259d\u0259l\u0259di, Ukrayna nota verdi"},"content":{"rendered":"<p><img decoding=\"async\" src=\"https:\/\/Millinews.az\/storage\/2023\/11\/01\/polsa-ukrayna_serhed.png\" alt=\"\" title=\"\"><\/p>\n<div id=\"mvp-content-main\">\n<p><strong>Ukraynan\u0131n Pol\u015fadak\u0131 s\u0259firliyi noyabr\u0131n 3-d\u0259n etibar\u0259n s\u0259rh\u0259di ba\u011flamaqla h\u0259d\u0259l\u0259y\u0259n pol\u015fal\u0131 y\u00fck ma\u015f\u0131n\u0131 s\u00fcr\u00fcc\u00fcl\u0259rin\u0259 etiraz ed\u0259r\u0259k, \u00f6lk\u0259l\u0259r aras\u0131nda s\u0259rh\u0259din ba\u011flanmas\u0131n\u0131n qar\u015f\u0131s\u0131n\u0131 almaq xahi\u015fi il\u0259 Pola\u015fa Xarici \u0130\u015fl\u0259r Nazirliyin\u0259 nota g\u00f6nd\u0259rib. <\/strong><\/p>\n<p><strong><a target=\"_blank\" href=\"https:\/\/Millinews.az\" rel=\"noopener\">Millinews.az<\/a><\/strong> x\u0259b\u0259r verir ki, bu bar\u0259d\u0259 Ukraynan\u0131n Var\u015favadak\u0131 s\u0259firi Vasili Zvari\u00e7 \u201cUkrinform\u201d agentliyin\u0259 m\u0259lumat verib. Zvari\u00e7 qeyd edib: \u201cS\u0259firlik Pol\u015fa Xarici \u0130\u015fl\u0259r Nazirliyin\u0259 Ukrayna-Pol\u015fa s\u0259rh\u0259dind\u0259n h\u0259r\u0259k\u0259tin m\u0259hdudla\u015fd\u0131r\u0131lmas\u0131n\u0131n qar\u015f\u0131s\u0131n\u0131 almaq \u00fc\u00e7\u00fcn t\u0259dbirl\u0259r g\u00f6rm\u0259k xahi\u015fi il\u0259 r\u0259smi nota g\u00f6nd\u0259rib\u201d.<\/p>\n<p>Diplomat\u0131n fikrinc\u0259, etiraz\u00e7\u0131lar t\u0259r\u0259find\u0259n s\u0259rh\u0259din ba\u011flanmas\u0131 Pol\u015fan\u0131n, el\u0259c\u0259 d\u0259 Ukrayna \u0259razisind\u0259 layih\u0259l\u0259rin h\u0259yata ke\u00e7irilm\u0259sind\u0259 i\u015ftirak etm\u0259k ist\u0259y\u0259n sahibkarlar\u0131n imicin\u0259 x\u0259l\u0259l g\u0259tir\u0259c\u0259k.<\/p>\n<p>Bundan \u0259vv\u0259l Ukraynan\u0131n D\u00f6vl\u0259t S\u0259rh\u0259d Xidm\u0259ti m\u0259lumat vermi\u015fdi ki, var\u015faval\u0131 h\u0259mkarlar\u0131 bildiribl\u0259r ki, pol\u015fal\u0131 y\u00fck ma\u015f\u0131nlar\u0131n\u0131n s\u00fcr\u00fcc\u00fcl\u0259ri Ukraynan\u0131n r\u0259qab\u0259tini m\u0259hdudla\u015fd\u0131rmaq t\u0259l\u0259bi il\u0259 noyabr\u0131n 3-d\u0259n ilin sonuna q\u0259d\u0259r iki \u00f6lk\u0259nin s\u0259rh\u0259dind\u0259ki ke\u00e7id m\u0259nt\u0259q\u0259l\u0259rini ba\u011flama\u011f\u0131 planla\u015fd\u0131r\u0131rlar.<\/p>\n<p>\u00c7\u0259r\u015f\u0259nb\u0259 ax\u015fam\u0131 s\u0259h\u0259r Ukraynan\u0131n \u0130nfrastruktur Nazirliyi ke\u00e7id m\u0259nt\u0259q\u0259l\u0259rinin m\u00fcmk\u00fcn bloklanmas\u0131 il\u0259 ba\u011fl\u0131 daxil olan m\u0259lumatlara g\u00f6r\u0259 Pol\u015fa v\u0259 Avropa Komissiyas\u0131n\u0131n n\u00fcmay\u0259nd\u0259l\u0259ri il\u0259 g\u00f6r\u00fc\u015f ke\u00e7irm\u0259y\u0259 t\u0259\u015f\u0259bb\u00fcs edib.<\/p>\n<p>Pol\u015fal\u0131 s\u00fcr\u00fcc\u00fcl\u0259r \u00f6t\u0259n ilin sentyabr\u0131nda Ukrayna il\u0259 s\u0259rh\u0259dd\u0259 ke\u00e7id m\u0259nt\u0259q\u0259sini ba\u011flay\u0131blar. Bu il \u00f6lk\u0259y\u0259 ucuz Ukrayna tax\u0131l\u0131n\u0131n ax\u0131n\u0131na etiraz ed\u0259n pol\u015fal\u0131 fermerl\u0259r t\u0259r\u0259find\u0259n ke\u00e7id m\u0259nt\u0259q\u0259l\u0259ri d\u0259f\u0259l\u0259rl\u0259 bloklan\u0131b.<\/p>\n<p><strong>Tural<\/strong><\/p>\n<\/p><\/div>\n<p><script>\n        (function (d, s, id) {\n            var js, fjs = d.getElementsByTagName(s)[0];\n            if (d.getElementById(id)) return;\n            js = d.createElement(s);\n            js.id = id;\n            js.src = \"\/\/connect.facebook.net\/az_AZ\/sdk.js#xfbml=1&version=v2.7&appId=\";\n            fjs.parentNode.insertBefore(js, fjs);\n        }(document, 'script', 'facebook-jssdk'));\n    <\/script><\/p>\n","protected":false},"excerpt":{"rendered":"<p>Ukraynan\u0131n Pol\u015fadak\u0131 s\u0259firliyi noyabr\u0131n 3-d\u0259n etibar\u0259n s\u0259rh\u0259di ba\u011flamaqla h\u0259d\u0259l\u0259y\u0259n pol\u015fal\u0131 y\u00fck ma\u015f\u0131n\u0131 s\u00fcr\u00fcc\u00fcl\u0259rin\u0259 etiraz ed\u0259r\u0259k, \u00f6lk\u0259l\u0259r aras\u0131nda s\u0259rh\u0259din ba\u011flanmas\u0131n\u0131n qar\u015f\u0131s\u0131n\u0131 almaq xahi\u015fi il\u0259 Pola\u015fa Xarici \u0130\u015fl\u0259r Nazirliyin\u0259 nota g\u00f6nd\u0259rib. Millinews.az x\u0259b\u0259r verir ki, bu bar\u0259d\u0259 Ukraynan\u0131n Var\u015favadak\u0131 s\u0259firi Vasili Zvari\u00e7 \u201cUkrinform\u201d agentliyin\u0259 m\u0259lumat verib. Zvari\u00e7 qeyd edib: \u201cS\u0259firlik Pol\u015fa Xarici \u0130\u015fl\u0259r Nazirliyin\u0259 Ukrayna-Pol\u015fa s\u0259rh\u0259dind\u0259n h\u0259r\u0259k\u0259tin &hellip;<\/p>\n","protected":false},"author":1,"featured_media":7109,"comment_status":"open","ping_status":"closed","sticky":false,"template":"","format":"standard","meta":{"footnotes":""},"categories":[9],"tags":[],"class_list":["post-7108","post","type-post","status-publish","format-standard","has-post-thumbnail","hentry","category-xeber"],"_links":{"self":[{"href":"https:\/\/millitv.net\/index.php?rest_route=\/wp\/v2\/posts\/7108","targetHints":{"allow":["GET"]}}],"collection":[{"href":"https:\/\/millitv.net\/index.php?rest_route=\/wp\/v2\/posts"}],"about":[{"href":"https:\/\/millitv.net\/index.php?rest_route=\/wp\/v2\/types\/post"}],"author":[{"embeddable":true,"href":"https:\/\/millitv.net\/index.php?rest_route=\/wp\/v2\/users\/1"}],"replies":[{"embeddable":true,"href":"https:\/\/millitv.net\/index.php?rest_route=%2Fwp%2Fv2%2Fcomments&post=7108"}],"version-history":[{"count":0,"href":"https:\/\/millitv.net\/index.php?rest_route=\/wp\/v2\/posts\/7108\/revisions"}],"wp:featuredmedia":[{"embeddable":true,"href":"https:\/\/millitv.net\/index.php?rest_route=\/wp\/v2\/media\/7109"}],"wp:attachment":[{"href":"https:\/\/millitv.net\/index.php?rest_route=%2Fwp%2Fv2%2Fmedia&parent=7108"}],"wp:term":[{"taxonomy":"category","embeddable":true,"href":"https:\/\/millitv.net\/index.php?rest_route=%2Fwp%2Fv2%2Fcategories&post=7108"},{"taxonomy":"post_tag","embeddable":true,"href":"https:\/\/millitv.net\/index.php?rest_route=%2Fwp%2Fv2%2Ftags&post=7108"}],"curies":[{"name":"wp","href":"https:\/\/api.w.org\/{rel}","templated":true}]}}