{"id":7102,"date":"2023-11-01T06:37:15","date_gmt":"2023-11-01T06:37:15","guid":{"rendered":"https:\/\/millinews.az\/xeber\/ukrayna-qorxur-v%C9%99-abs-dan-t%C9%99kidl%C9%99-bunu-xahis-edir\/"},"modified":"2023-11-01T06:37:15","modified_gmt":"2023-11-01T06:37:15","slug":"ukrayna-qorxur-v%C9%99-abs-dan-t%C9%99kidl%C9%99-bunu-xahis-edir","status":"publish","type":"post","link":"https:\/\/millitv.net\/?p=7102","title":{"rendered":"Ukrayna qorxur v\u0259 AB\u015e-dan t\u0259kidl\u0259 bunu xahi\u015f edir"},"content":{"rendered":"<p><img decoding=\"async\" src=\"https:\/\/Millinews.az\/storage\/2023\/04\/24\/kiyev.jpg\" alt=\"\" title=\"\"><\/p>\n<div id=\"mvp-content-main\">\n<p><strong>Ukrayna hakimiyy\u0259ti AB\u015e-dan Ukrayna Silahl\u0131 Q\u00fcvv\u0259l\u0259rin\u0259 (AFU) silah t\u0259dar\u00fck\u00fcn\u00fc art\u0131rma\u011f\u0131 xahi\u015f edir.<\/strong><\/p>\n<p><strong><a target=\"_blank\" href=\"https:\/\/Millinews.az\" rel=\"noopener\">Millinews.az<\/a><\/strong> x\u0259b\u0259r verir ki, bu bar\u0259d\u0259 \u201cPolitico\u201dnun k\u00f6\u015f\u0259 yazar\u0131 Lara Seliqman yaz\u0131b.<\/p>\n<p>Onun hesabat\u0131na g\u00f6r\u0259, Ukrayna n\u00fcmay\u0259nd\u0259 hey\u0259ti bu yax\u0131nlarda AB\u015e-a s\u0259f\u0259r edib v\u0259 orada Amerika hakimiyy\u0259tin\u0259 yeni silahlar v\u0259 Ukrayna Silahl\u0131 Q\u00fcvv\u0259l\u0259rinin \u0259sg\u0259rl\u0259ri \u00fc\u00e7\u00fcn t\u0259liml\u0259r daxil olmaqla \u201cist\u0259k siyah\u0131s\u0131\u201d t\u0259qdim edib.<\/p>\n<p>Bununla bel\u0259, jurnalist onu da qeyd edir ki, Va\u015finqtonun Kiyev\u0259 d\u0259st\u0259yi AB\u015e N\u00fcmay\u0259nd\u0259l\u0259r Palatas\u0131na yeni spiker se\u00e7ilm\u0259si v\u0259 Yax\u0131n \u015e\u0259rqd\u0259 v\u0259ziyy\u0259tin pisl\u0259\u015fm\u0259si s\u0259b\u0259bind\u0259n t\u0259hl\u00fck\u0259 alt\u0131nda ola bil\u0259r.<\/p>\n<p>Bundan \u0259vv\u0259l x\u0259b\u0259r verilmi\u015fdi ki, Ukrayna prezidentinin aparat r\u0259hb\u0259ri Andrey Yermak AB\u015e N\u00fcmay\u0259nd\u0259l\u0259r Palatas\u0131n\u0131n k\u0259\u015ffiyyat \u00fczr\u0259 x\u00fcsusi komit\u0259sinin \u00fczv\u00fc, demokrat Erik Svalvel\u0259 m\u00fcraci\u0259t ed\u0259r\u0259k, Ukraynaya yard\u0131m\u0131 dayand\u0131rmama\u011f\u0131 xahi\u015f edib. Konqresmenin s\u00f6zl\u0259rin\u0259 g\u00f6r\u0259, Yermak \u0259mindir ki, \u201cUkrayna h\u0259rbi d\u0259st\u0259yin dayand\u0131r\u0131lmas\u0131 qon\u015fu \u00f6lk\u0259l\u0259rd\u0259 eskalasiyaya g\u0259tirib \u00e7\u0131xaracaq\u201d.<\/p>\n<p>Tural<\/p>\n<\/p><\/div>\n<p><script>\n        (function (d, s, id) {\n            var js, fjs = d.getElementsByTagName(s)[0];\n            if (d.getElementById(id)) return;\n            js = d.createElement(s);\n            js.id = id;\n            js.src = \"\/\/connect.facebook.net\/az_AZ\/sdk.js#xfbml=1&version=v2.7&appId=\";\n            fjs.parentNode.insertBefore(js, fjs);\n        }(document, 'script', 'facebook-jssdk'));\n    <\/script><\/p>\n","protected":false},"excerpt":{"rendered":"<p>Ukrayna hakimiyy\u0259ti AB\u015e-dan Ukrayna Silahl\u0131 Q\u00fcvv\u0259l\u0259rin\u0259 (AFU) silah t\u0259dar\u00fck\u00fcn\u00fc art\u0131rma\u011f\u0131 xahi\u015f edir. Millinews.az x\u0259b\u0259r verir ki, bu bar\u0259d\u0259 \u201cPolitico\u201dnun k\u00f6\u015f\u0259 yazar\u0131 Lara Seliqman yaz\u0131b. Onun hesabat\u0131na g\u00f6r\u0259, Ukrayna n\u00fcmay\u0259nd\u0259 hey\u0259ti bu yax\u0131nlarda AB\u015e-a s\u0259f\u0259r edib v\u0259 orada Amerika hakimiyy\u0259tin\u0259 yeni silahlar v\u0259 Ukrayna Silahl\u0131 Q\u00fcvv\u0259l\u0259rinin \u0259sg\u0259rl\u0259ri \u00fc\u00e7\u00fcn t\u0259liml\u0259r daxil olmaqla \u201cist\u0259k siyah\u0131s\u0131\u201d t\u0259qdim edib. Bununla &hellip;<\/p>\n","protected":false},"author":1,"featured_media":7103,"comment_status":"open","ping_status":"closed","sticky":false,"template":"","format":"standard","meta":{"footnotes":""},"categories":[9],"tags":[],"class_list":["post-7102","post","type-post","status-publish","format-standard","has-post-thumbnail","hentry","category-xeber"],"_links":{"self":[{"href":"https:\/\/millitv.net\/index.php?rest_route=\/wp\/v2\/posts\/7102","targetHints":{"allow":["GET"]}}],"collection":[{"href":"https:\/\/millitv.net\/index.php?rest_route=\/wp\/v2\/posts"}],"about":[{"href":"https:\/\/millitv.net\/index.php?rest_route=\/wp\/v2\/types\/post"}],"author":[{"embeddable":true,"href":"https:\/\/millitv.net\/index.php?rest_route=\/wp\/v2\/users\/1"}],"replies":[{"embeddable":true,"href":"https:\/\/millitv.net\/index.php?rest_route=%2Fwp%2Fv2%2Fcomments&post=7102"}],"version-history":[{"count":0,"href":"https:\/\/millitv.net\/index.php?rest_route=\/wp\/v2\/posts\/7102\/revisions"}],"wp:featuredmedia":[{"embeddable":true,"href":"https:\/\/millitv.net\/index.php?rest_route=\/wp\/v2\/media\/7103"}],"wp:attachment":[{"href":"https:\/\/millitv.net\/index.php?rest_route=%2Fwp%2Fv2%2Fmedia&parent=7102"}],"wp:term":[{"taxonomy":"category","embeddable":true,"href":"https:\/\/millitv.net\/index.php?rest_route=%2Fwp%2Fv2%2Fcategories&post=7102"},{"taxonomy":"post_tag","embeddable":true,"href":"https:\/\/millitv.net\/index.php?rest_route=%2Fwp%2Fv2%2Ftags&post=7102"}],"curies":[{"name":"wp","href":"https:\/\/api.w.org\/{rel}","templated":true}]}}