{"id":7064,"date":"2023-11-01T03:39:33","date_gmt":"2023-11-01T03:39:33","guid":{"rendered":"https:\/\/millinews.az\/xeber\/blinken-israil%C9%99-s%C9%99f%C9%99r-ed%C9%99c%C9%99k\/"},"modified":"2023-11-01T03:39:33","modified_gmt":"2023-11-01T03:39:33","slug":"blinken-israil%C9%99-s%C9%99f%C9%99r-ed%C9%99c%C9%99k","status":"publish","type":"post","link":"https:\/\/millitv.net\/?p=7064","title":{"rendered":"Blinken \u0130srail\u0259 s\u0259f\u0259r ed\u0259c\u0259k"},"content":{"rendered":"<p><img decoding=\"async\" src=\"https:\/\/Millinews.az\/storage\/2023\/03\/24\/blinken.jpg\" alt=\"\" title=\"\"><\/p>\n<div id=\"mvp-content-main\">\n<p><strong>AB\u015e d\u00f6vl\u0259t katibi Antoni Blinken noyabr\u0131n 3-d\u0259 \u0130srail\u0259 s\u0259f\u0259r ed\u0259c\u0259k.<\/strong><\/p>\n<p><strong><a target=\"_blank\" href=\"https:\/\/Millinews.az\" rel=\"noopener\">Millinews.az<\/a> <\/strong>x\u0259b\u0259r verir ki, bu bar\u0259d\u0259 &#8220;Reuters&#8221; AB\u015e D\u00f6vl\u0259t Departamentinin n\u00fcmay\u0259nd\u0259sin\u0259 istinad\u0259n m\u0259lumat yay\u0131b.<\/p>\n<p>Bel\u0259 ki, Blinken h\u00f6kum\u0259t \u00fczvl\u0259ri il\u0259 g\u00f6r\u00fc\u015fm\u0259k \u00fc\u00e7\u00fcn c\u00fcm\u0259 g\u00fcn\u00fc \u0130srail\u0259 g\u0259lm\u0259k niyy\u0259tind\u0259dir. Bundan sonra AB\u015e d\u00f6vl\u0259t katibi regionun b\u0259zi \u00f6lk\u0259l\u0259rin\u0259 s\u0259f\u0259r etm\u0259yi planla\u015fd\u0131r\u0131r.<\/p>\n<p>Yax\u0131n \u015e\u0259rqd\u0259 v\u0259ziyy\u0259tin k\u0259skin pisl\u0259\u015fm\u0259si fonunda Blinken bundan \u0259vv\u0259l \u0130srail, S\u0259udiyy\u0259 \u018fr\u0259bistan\u0131, \u0130ordaniya, Q\u0259t\u0259r, B\u0259hreyn, Birl\u0259\u015fmi\u015f \u018fr\u0259b \u018fmirlikl\u0259ri v\u0259 Misir\u0259 s\u0259f\u0259r edib. Bundan ba\u015fqa, oktyabr\u0131n 18-d\u0259 AB\u015e Prezidenti Cozef Bayden 1 g\u00fcnl\u00fck t\u0259cili s\u0259f\u0259rl\u0259 \u0130sraild\u0259 olub.<\/p>\n<\/p><\/div>\n<p><script>\n        (function (d, s, id) {\n            var js, fjs = d.getElementsByTagName(s)[0];\n            if (d.getElementById(id)) return;\n            js = d.createElement(s);\n            js.id = id;\n            js.src = \"\/\/connect.facebook.net\/az_AZ\/sdk.js#xfbml=1&version=v2.7&appId=\";\n            fjs.parentNode.insertBefore(js, fjs);\n        }(document, 'script', 'facebook-jssdk'));\n    <\/script><\/p>\n","protected":false},"excerpt":{"rendered":"<p>AB\u015e d\u00f6vl\u0259t katibi Antoni Blinken noyabr\u0131n 3-d\u0259 \u0130srail\u0259 s\u0259f\u0259r ed\u0259c\u0259k. Millinews.az x\u0259b\u0259r verir ki, bu bar\u0259d\u0259 &#8220;Reuters&#8221; AB\u015e D\u00f6vl\u0259t Departamentinin n\u00fcmay\u0259nd\u0259sin\u0259 istinad\u0259n m\u0259lumat yay\u0131b. Bel\u0259 ki, Blinken h\u00f6kum\u0259t \u00fczvl\u0259ri il\u0259 g\u00f6r\u00fc\u015fm\u0259k \u00fc\u00e7\u00fcn c\u00fcm\u0259 g\u00fcn\u00fc \u0130srail\u0259 g\u0259lm\u0259k niyy\u0259tind\u0259dir. Bundan sonra AB\u015e d\u00f6vl\u0259t katibi regionun b\u0259zi \u00f6lk\u0259l\u0259rin\u0259 s\u0259f\u0259r etm\u0259yi planla\u015fd\u0131r\u0131r. Yax\u0131n \u015e\u0259rqd\u0259 v\u0259ziyy\u0259tin k\u0259skin pisl\u0259\u015fm\u0259si fonunda Blinken &hellip;<\/p>\n","protected":false},"author":1,"featured_media":7065,"comment_status":"open","ping_status":"closed","sticky":false,"template":"","format":"standard","meta":{"footnotes":""},"categories":[9],"tags":[],"class_list":["post-7064","post","type-post","status-publish","format-standard","has-post-thumbnail","hentry","category-xeber"],"_links":{"self":[{"href":"https:\/\/millitv.net\/index.php?rest_route=\/wp\/v2\/posts\/7064","targetHints":{"allow":["GET"]}}],"collection":[{"href":"https:\/\/millitv.net\/index.php?rest_route=\/wp\/v2\/posts"}],"about":[{"href":"https:\/\/millitv.net\/index.php?rest_route=\/wp\/v2\/types\/post"}],"author":[{"embeddable":true,"href":"https:\/\/millitv.net\/index.php?rest_route=\/wp\/v2\/users\/1"}],"replies":[{"embeddable":true,"href":"https:\/\/millitv.net\/index.php?rest_route=%2Fwp%2Fv2%2Fcomments&post=7064"}],"version-history":[{"count":0,"href":"https:\/\/millitv.net\/index.php?rest_route=\/wp\/v2\/posts\/7064\/revisions"}],"wp:featuredmedia":[{"embeddable":true,"href":"https:\/\/millitv.net\/index.php?rest_route=\/wp\/v2\/media\/7065"}],"wp:attachment":[{"href":"https:\/\/millitv.net\/index.php?rest_route=%2Fwp%2Fv2%2Fmedia&parent=7064"}],"wp:term":[{"taxonomy":"category","embeddable":true,"href":"https:\/\/millitv.net\/index.php?rest_route=%2Fwp%2Fv2%2Fcategories&post=7064"},{"taxonomy":"post_tag","embeddable":true,"href":"https:\/\/millitv.net\/index.php?rest_route=%2Fwp%2Fv2%2Ftags&post=7064"}],"curies":[{"name":"wp","href":"https:\/\/api.w.org\/{rel}","templated":true}]}}