{"id":7045,"date":"2023-10-31T22:54:00","date_gmt":"2023-10-31T22:54:00","guid":{"rendered":"https:\/\/millinews.az\/xeber\/bu-olk%C9%99-israill%C9%99-diplomatik-%C9%99laq%C9%99l%C9%99ri-k%C9%99sdi\/"},"modified":"2023-10-31T22:54:00","modified_gmt":"2023-10-31T22:54:00","slug":"bu-olk%C9%99-israill%C9%99-diplomatik-%C9%99laq%C9%99l%C9%99ri-k%C9%99sdi","status":"publish","type":"post","link":"https:\/\/millitv.net\/?p=7045","title":{"rendered":"Bu \u00f6lk\u0259 \u0130sraill\u0259 diplomatik \u0259laq\u0259l\u0259ri k\u0259sdi"},"content":{"rendered":"<p><img decoding=\"async\" src=\"https:\/\/Millinews.az\/storage\/2023\/11\/01\/boliviya.jpg\" alt=\"\" title=\"\"><\/p>\n<div id=\"mvp-content-main\">\n<p><strong>Boliviya h\u00f6kum\u0259ti \u0130sraill\u0259 diplomatik \u0259laq\u0259l\u0259ri k\u0259sib.<\/strong><\/p>\n<p><strong><a target=\"_blank\" href=\"https:\/\/Millinews.az\" rel=\"noopener\">Millinews.az<\/a><\/strong> x\u0259b\u0259r verir ki, bu bar\u0259d\u0259 &#8220;Reuters &#8221; m\u0259lumat yay\u0131b.<\/p>\n<p>&#8220;Boliviya \u0130sraill\u0259 diplomatik m\u00fcnasib\u0259tl\u0259ri k\u0259sm\u0259k q\u0259rar\u0131na g\u0259lib&#8221;, &#8211;  Boliviya xarici i\u015fl\u0259r nazirinin m\u00fcavini Freddi Mamani deyib.<\/p>\n<p>Bu g\u00fcn \u0130srail M\u00fcdafi\u0259 Q\u00fcvv\u0259l\u0259ri H\u018fMAS komandirini m\u0259hv etm\u0259k \u00fc\u00e7\u00fcn Cebaliya qa\u00e7q\u0131n d\u00fc\u015f\u0259rg\u0259sin\u0259 z\u0259rb\u0259 endirdiyini t\u0259sdiql\u0259yib.<\/p>\n<p>Eyni zamanda, Q\u0259zza Daxili \u0130\u015fl\u0259r Nazirliyinin m\u0259lumat\u0131na g\u00f6r\u0259, h\u00fccum n\u0259tic\u0259sind\u0259 d\u00fc\u015f\u0259rg\u0259d\u0259 \u00e7oxlu sayda qad\u0131n v\u0259 u\u015faq olmaqla az\u0131 400 n\u0259f\u0259r \u00f6l\u00fcb v\u0259 yaralan\u0131b.<\/p>\n<p><strong>H\u00fcseyn \u0130badl\u0131<\/strong><\/p>\n<\/p><\/div>\n<p><script>\n        (function (d, s, id) {\n            var js, fjs = d.getElementsByTagName(s)[0];\n            if (d.getElementById(id)) return;\n            js = d.createElement(s);\n            js.id = id;\n            js.src = \"\/\/connect.facebook.net\/az_AZ\/sdk.js#xfbml=1&version=v2.7&appId=\";\n            fjs.parentNode.insertBefore(js, fjs);\n        }(document, 'script', 'facebook-jssdk'));\n    <\/script><\/p>\n","protected":false},"excerpt":{"rendered":"<p>Boliviya h\u00f6kum\u0259ti \u0130sraill\u0259 diplomatik \u0259laq\u0259l\u0259ri k\u0259sib. Millinews.az x\u0259b\u0259r verir ki, bu bar\u0259d\u0259 &#8220;Reuters &#8221; m\u0259lumat yay\u0131b. &#8220;Boliviya \u0130sraill\u0259 diplomatik m\u00fcnasib\u0259tl\u0259ri k\u0259sm\u0259k q\u0259rar\u0131na g\u0259lib&#8221;, &#8211; Boliviya xarici i\u015fl\u0259r nazirinin m\u00fcavini Freddi Mamani deyib. Bu g\u00fcn \u0130srail M\u00fcdafi\u0259 Q\u00fcvv\u0259l\u0259ri H\u018fMAS komandirini m\u0259hv etm\u0259k \u00fc\u00e7\u00fcn Cebaliya qa\u00e7q\u0131n d\u00fc\u015f\u0259rg\u0259sin\u0259 z\u0259rb\u0259 endirdiyini t\u0259sdiql\u0259yib. Eyni zamanda, Q\u0259zza Daxili \u0130\u015fl\u0259r Nazirliyinin m\u0259lumat\u0131na &hellip;<\/p>\n","protected":false},"author":1,"featured_media":7046,"comment_status":"open","ping_status":"closed","sticky":false,"template":"","format":"standard","meta":{"footnotes":""},"categories":[9],"tags":[],"class_list":["post-7045","post","type-post","status-publish","format-standard","has-post-thumbnail","hentry","category-xeber"],"_links":{"self":[{"href":"https:\/\/millitv.net\/index.php?rest_route=\/wp\/v2\/posts\/7045","targetHints":{"allow":["GET"]}}],"collection":[{"href":"https:\/\/millitv.net\/index.php?rest_route=\/wp\/v2\/posts"}],"about":[{"href":"https:\/\/millitv.net\/index.php?rest_route=\/wp\/v2\/types\/post"}],"author":[{"embeddable":true,"href":"https:\/\/millitv.net\/index.php?rest_route=\/wp\/v2\/users\/1"}],"replies":[{"embeddable":true,"href":"https:\/\/millitv.net\/index.php?rest_route=%2Fwp%2Fv2%2Fcomments&post=7045"}],"version-history":[{"count":0,"href":"https:\/\/millitv.net\/index.php?rest_route=\/wp\/v2\/posts\/7045\/revisions"}],"wp:featuredmedia":[{"embeddable":true,"href":"https:\/\/millitv.net\/index.php?rest_route=\/wp\/v2\/media\/7046"}],"wp:attachment":[{"href":"https:\/\/millitv.net\/index.php?rest_route=%2Fwp%2Fv2%2Fmedia&parent=7045"}],"wp:term":[{"taxonomy":"category","embeddable":true,"href":"https:\/\/millitv.net\/index.php?rest_route=%2Fwp%2Fv2%2Fcategories&post=7045"},{"taxonomy":"post_tag","embeddable":true,"href":"https:\/\/millitv.net\/index.php?rest_route=%2Fwp%2Fv2%2Ftags&post=7045"}],"curies":[{"name":"wp","href":"https:\/\/api.w.org\/{rel}","templated":true}]}}