{"id":7039,"date":"2023-10-31T22:19:47","date_gmt":"2023-10-31T22:19:47","guid":{"rendered":"https:\/\/millinews.az\/xeber\/imislid%C9%99-32-yasli-kisi-intihar-etdi\/"},"modified":"2023-10-31T22:19:47","modified_gmt":"2023-10-31T22:19:47","slug":"imislid%C9%99-32-yasli-kisi-intihar-etdi","status":"publish","type":"post","link":"https:\/\/millitv.net\/?p=7039","title":{"rendered":"\u0130mi\u015flid\u0259 32 ya\u015fl\u0131 ki\u015fi intihar etdi"},"content":{"rendered":"<p><img decoding=\"async\" src=\"https:\/\/Millinews.az\/storage\/2021\/07\/10\/asdi.jpg\" alt=\"\" title=\"\"><\/p>\n<div id=\"mvp-content-main\">\n<p><strong>\u0130mi\u015fli sakini intihar edib.<\/strong><\/p>\n<p><strong><a target=\"_blank\" href=\"https:\/\/Millinews.az\" rel=\"noopener\">Millinews.az<\/a><\/strong> x\u0259b\u0259r verir ki, hadis\u0259 rayonun \u00c7ax\u0131rl\u0131 k\u0259ndind\u0259 qeyd\u0259 al\u0131n\u0131b.<\/p>\n<p>Bel\u0259 ki, k\u0259nd sakini 1991-ci il t\u0259v\u0259ll\u00fcdl\u00fc \u018fliyev \u018fli\u015fir Mahmud o\u011flu ya\u015fad\u0131\u011f\u0131 evin h\u0259y\u0259tind\u0259ki yar\u0131mtikilid\u0259 \u00f6z\u00fcn\u00fc asaraq intihar edib.<\/p>\n<p>\u0130ntihar\u0131n s\u0259b\u0259bl\u0259ri h\u0259l\u0259lik m\u0259lum deyil.<\/p>\n<p>Faktla ba\u011fl\u0131 ara\u015fd\u0131rma apar\u0131l\u0131r.<\/p>\n<\/p><\/div>\n<p><script>\n        (function (d, s, id) {\n            var js, fjs = d.getElementsByTagName(s)[0];\n            if (d.getElementById(id)) return;\n            js = d.createElement(s);\n            js.id = id;\n            js.src = \"\/\/connect.facebook.net\/az_AZ\/sdk.js#xfbml=1&version=v2.7&appId=\";\n            fjs.parentNode.insertBefore(js, fjs);\n        }(document, 'script', 'facebook-jssdk'));\n    <\/script><\/p>\n","protected":false},"excerpt":{"rendered":"<p>\u0130mi\u015fli sakini intihar edib. Millinews.az x\u0259b\u0259r verir ki, hadis\u0259 rayonun \u00c7ax\u0131rl\u0131 k\u0259ndind\u0259 qeyd\u0259 al\u0131n\u0131b. Bel\u0259 ki, k\u0259nd sakini 1991-ci il t\u0259v\u0259ll\u00fcdl\u00fc \u018fliyev \u018fli\u015fir Mahmud o\u011flu ya\u015fad\u0131\u011f\u0131 evin h\u0259y\u0259tind\u0259ki yar\u0131mtikilid\u0259 \u00f6z\u00fcn\u00fc asaraq intihar edib. \u0130ntihar\u0131n s\u0259b\u0259bl\u0259ri h\u0259l\u0259lik m\u0259lum deyil. Faktla ba\u011fl\u0131 ara\u015fd\u0131rma apar\u0131l\u0131r.<\/p>\n","protected":false},"author":1,"featured_media":7040,"comment_status":"open","ping_status":"closed","sticky":false,"template":"","format":"standard","meta":{"footnotes":""},"categories":[9],"tags":[],"class_list":["post-7039","post","type-post","status-publish","format-standard","has-post-thumbnail","hentry","category-xeber"],"_links":{"self":[{"href":"https:\/\/millitv.net\/index.php?rest_route=\/wp\/v2\/posts\/7039","targetHints":{"allow":["GET"]}}],"collection":[{"href":"https:\/\/millitv.net\/index.php?rest_route=\/wp\/v2\/posts"}],"about":[{"href":"https:\/\/millitv.net\/index.php?rest_route=\/wp\/v2\/types\/post"}],"author":[{"embeddable":true,"href":"https:\/\/millitv.net\/index.php?rest_route=\/wp\/v2\/users\/1"}],"replies":[{"embeddable":true,"href":"https:\/\/millitv.net\/index.php?rest_route=%2Fwp%2Fv2%2Fcomments&post=7039"}],"version-history":[{"count":0,"href":"https:\/\/millitv.net\/index.php?rest_route=\/wp\/v2\/posts\/7039\/revisions"}],"wp:featuredmedia":[{"embeddable":true,"href":"https:\/\/millitv.net\/index.php?rest_route=\/wp\/v2\/media\/7040"}],"wp:attachment":[{"href":"https:\/\/millitv.net\/index.php?rest_route=%2Fwp%2Fv2%2Fmedia&parent=7039"}],"wp:term":[{"taxonomy":"category","embeddable":true,"href":"https:\/\/millitv.net\/index.php?rest_route=%2Fwp%2Fv2%2Fcategories&post=7039"},{"taxonomy":"post_tag","embeddable":true,"href":"https:\/\/millitv.net\/index.php?rest_route=%2Fwp%2Fv2%2Ftags&post=7039"}],"curies":[{"name":"wp","href":"https:\/\/api.w.org\/{rel}","templated":true}]}}