{"id":7035,"date":"2023-10-31T21:52:19","date_gmt":"2023-10-31T21:52:19","guid":{"rendered":"https:\/\/millinews.az\/xeber\/ilon-mask-ona-qulaq-asib-hizbullahi-cezalandirdi\/"},"modified":"2023-10-31T21:52:19","modified_gmt":"2023-10-31T21:52:19","slug":"ilon-mask-ona-qulaq-asib-hizbullahi-cezalandirdi","status":"publish","type":"post","link":"https:\/\/millitv.net\/?p=7035","title":{"rendered":"\u0130lon Mask ona qulaq as\u0131b &#8220;Hizbullah\u0131&#8221; C\u018fZALANDIRDI"},"content":{"rendered":"<p><img decoding=\"async\" src=\"https:\/\/Millinews.az\/storage\/2023\/04\/09\/mask.jpg\" alt=\"\" title=\"\"><\/p>\n<div id=\"mvp-content-main\">\n<p><strong>&#8220;X&#8221; sosial \u015f\u0259b\u0259k\u0259si (ke\u00e7mi\u015f &#8220;Twitter&#8221;) zorak\u0131l\u0131q t\u0259hdidl\u0259ri il\u0259 ba\u011fl\u0131 siyas\u0259tini pozdu\u011funu \u0259sas g\u0259tir\u0259r\u0259k Livan\u0131n \u015fi\u0259 &#8220;Hizbullah&#8221; h\u0259r\u0259kat\u0131n\u0131n hesab\u0131n\u0131 bloklay\u0131b.<\/strong><\/p>\n<p><strong><a target=\"_blank\" href=\"https:\/\/Millinews.az\" rel=\"noopener\">Millinews.az<\/a><\/strong> x\u0259b\u0259r verir ki, bu bar\u0259d\u0259 \u0130srailin &#8220;Jerusalem Post&#8221; q\u0259zeti m\u0259lumat yay\u0131b.<\/p>\n<p>Bildirilib ki, &#8220;Hizbullah&#8221;\u0131n &#8220;X&#8221; sosial \u015f\u0259b\u0259k\u0259d\u0259ki hesab\u0131n\u0131 \u0130srailin ba\u015f naziri Benyamin Netanyahunun ke\u00e7mi\u015f kommunikasiyalar \u00fczr\u0259 direktor m\u00fcavini v\u0259 haz\u0131rk\u0131 &#8220;Jerusalem Post&#8221;un k\u00f6\u015f\u0259 yazar\u0131 Maykl Freund g\u00f6r\u00fcb. Jurnalist sosial \u015f\u0259b\u0259k\u0259nin sahibi \u0130lon Maska \u00fcnvanlad\u0131\u011f\u0131 yaz\u0131da 1997-ci ild\u0259n AB\u015e h\u00f6kum\u0259ti t\u0259r\u0259find\u0259n terror t\u0259\u015fkilat\u0131 kimi tan\u0131nan &#8220;Hizbullah&#8221;\u0131n niy\u0259 aktiv hesaba sahib oldu\u011funu soru\u015fub .<\/p>\n<p>Bundan sonra sosial \u015f\u0259b\u0259k\u0259 zorak\u0131l\u0131q t\u0259hdidl\u0259ri il\u0259 ba\u011fl\u0131 siyas\u0259tinin pozuldu\u011funu \u0259sas g\u0259tir\u0259r\u0259k \u015fi\u0259 h\u0259r\u0259kat\u0131n\u0131n hesab\u0131n\u0131 bloklay\u0131b.<\/p>\n<p>Bundan \u0259vv\u0259l amerikal\u0131 milyarder v\u0259 sahibkar \u0130lon Mask Q\u0259zza zola\u011f\u0131nda &#8220;Starlink&#8221;\u0259 qo\u015fulmaq c\u0259hdl\u0259rinin qeyd\u0259 al\u0131nmad\u0131\u011f\u0131n\u0131 deyib.<\/p>\n<p><strong>H\u00fcseyn \u0130badl\u0131<\/strong><\/p>\n<\/p><\/div>\n<p><script>\n        (function (d, s, id) {\n            var js, fjs = d.getElementsByTagName(s)[0];\n            if (d.getElementById(id)) return;\n            js = d.createElement(s);\n            js.id = id;\n            js.src = \"\/\/connect.facebook.net\/az_AZ\/sdk.js#xfbml=1&version=v2.7&appId=\";\n            fjs.parentNode.insertBefore(js, fjs);\n        }(document, 'script', 'facebook-jssdk'));\n    <\/script><\/p>\n","protected":false},"excerpt":{"rendered":"<p>&#8220;X&#8221; sosial \u015f\u0259b\u0259k\u0259si (ke\u00e7mi\u015f &#8220;Twitter&#8221;) zorak\u0131l\u0131q t\u0259hdidl\u0259ri il\u0259 ba\u011fl\u0131 siyas\u0259tini pozdu\u011funu \u0259sas g\u0259tir\u0259r\u0259k Livan\u0131n \u015fi\u0259 &#8220;Hizbullah&#8221; h\u0259r\u0259kat\u0131n\u0131n hesab\u0131n\u0131 bloklay\u0131b. Millinews.az x\u0259b\u0259r verir ki, bu bar\u0259d\u0259 \u0130srailin &#8220;Jerusalem Post&#8221; q\u0259zeti m\u0259lumat yay\u0131b. Bildirilib ki, &#8220;Hizbullah&#8221;\u0131n &#8220;X&#8221; sosial \u015f\u0259b\u0259k\u0259d\u0259ki hesab\u0131n\u0131 \u0130srailin ba\u015f naziri Benyamin Netanyahunun ke\u00e7mi\u015f kommunikasiyalar \u00fczr\u0259 direktor m\u00fcavini v\u0259 haz\u0131rk\u0131 &#8220;Jerusalem Post&#8221;un k\u00f6\u015f\u0259 yazar\u0131 Maykl &hellip;<\/p>\n","protected":false},"author":1,"featured_media":7036,"comment_status":"open","ping_status":"closed","sticky":false,"template":"","format":"standard","meta":{"footnotes":""},"categories":[9],"tags":[],"class_list":["post-7035","post","type-post","status-publish","format-standard","has-post-thumbnail","hentry","category-xeber"],"_links":{"self":[{"href":"https:\/\/millitv.net\/index.php?rest_route=\/wp\/v2\/posts\/7035","targetHints":{"allow":["GET"]}}],"collection":[{"href":"https:\/\/millitv.net\/index.php?rest_route=\/wp\/v2\/posts"}],"about":[{"href":"https:\/\/millitv.net\/index.php?rest_route=\/wp\/v2\/types\/post"}],"author":[{"embeddable":true,"href":"https:\/\/millitv.net\/index.php?rest_route=\/wp\/v2\/users\/1"}],"replies":[{"embeddable":true,"href":"https:\/\/millitv.net\/index.php?rest_route=%2Fwp%2Fv2%2Fcomments&post=7035"}],"version-history":[{"count":0,"href":"https:\/\/millitv.net\/index.php?rest_route=\/wp\/v2\/posts\/7035\/revisions"}],"wp:featuredmedia":[{"embeddable":true,"href":"https:\/\/millitv.net\/index.php?rest_route=\/wp\/v2\/media\/7036"}],"wp:attachment":[{"href":"https:\/\/millitv.net\/index.php?rest_route=%2Fwp%2Fv2%2Fmedia&parent=7035"}],"wp:term":[{"taxonomy":"category","embeddable":true,"href":"https:\/\/millitv.net\/index.php?rest_route=%2Fwp%2Fv2%2Fcategories&post=7035"},{"taxonomy":"post_tag","embeddable":true,"href":"https:\/\/millitv.net\/index.php?rest_route=%2Fwp%2Fv2%2Ftags&post=7035"}],"curies":[{"name":"wp","href":"https:\/\/api.w.org\/{rel}","templated":true}]}}