{"id":7030,"date":"2023-10-31T21:16:08","date_gmt":"2023-10-31T21:16:08","guid":{"rendered":"https:\/\/millinews.az\/xeber\/munaqis%C9%99-butun-yaxin-s%C9%99rq%C9%99-yayila-bil%C9%99r\/"},"modified":"2023-10-31T21:16:08","modified_gmt":"2023-10-31T21:16:08","slug":"munaqis%C9%99-butun-yaxin-s%C9%99rq%C9%99-yayila-bil%C9%99r","status":"publish","type":"post","link":"https:\/\/millitv.net\/?p=7030","title":{"rendered":"&#8220;M\u00fcnaqi\u015f\u0259 b\u00fct\u00fcn Yax\u0131n \u015e\u0259rq\u0259 yay\u0131la bil\u0259r&#8221;"},"content":{"rendered":"<p><img decoding=\"async\" src=\"https:\/\/Millinews.az\/storage\/2023\/11\/01\/abs_ordusu.jpg\" alt=\"\" title=\"\"><\/p>\n<div id=\"mvp-content-main\">\n<p><strong>Birl\u0259\u015fmi\u015f \u015etatlar Yax\u0131n \u015e\u0259rqd\u0259ki AB\u015e Ordusu M\u0259rk\u0259zi Komandanl\u0131\u011f\u0131n\u0131n cavabdehlik zonas\u0131na daha 300 \u0259sg\u0259r g\u00f6nd\u0259r\u0259c\u0259k. <\/strong><\/p>\n<p><strong><a target=\"_blank\" href=\"https:\/\/Millinews.az\" rel=\"noopener\">Millinews.az<\/a> <\/strong>x\u0259b\u0259r verir ki, bu bar\u0259d\u0259 Pentaqonun m\u0259tbuat katibi Patrik Rayder jurnalistl\u0259rl\u0259 brifinq zaman\u0131 bildirib.<\/p>\n<p>&#8220;M\u0259n AB\u015e-\u0131n kontinental\u0131ndak\u0131 bazalar\u0131m\u0131zdan CENTCOM-un m\u0259suliyy\u0259t b\u00f6lg\u0259sin\u0259 \u0259lav\u0259 300 h\u0259rb\u00e7i g\u00f6nd\u0259rm\u0259k q\u0259rar\u0131n\u0131 elan etm\u0259y\u0259 haz\u0131ram&#8221; &#8211; o vur\u011fulay\u0131b.<\/p>\n<p>Rayder qeyd edib ki, h\u0259rb\u00e7il\u0259r partlay\u0131c\u0131 sursatlar\u0131n z\u0259r\u0259rsizl\u0259\u015fdirilm\u0259si, kommunikasiyalar\u0131n saxlanmas\u0131 v\u0259 dig\u0259r sah\u0259l\u0259rd\u0259 Amerika qo\u015funlar\u0131na k\u00f6m\u0259k ed\u0259c\u0259kl\u0259r.<\/p>\n<p>Xat\u0131rladaq ki, oktyabr\u0131n 31-d\u0259 A\u011f Evin Milli T\u0259hl\u00fck\u0259sizlik \u015euras\u0131n\u0131n strateji kommunikasiyalar \u00fczr\u0259 koordinatoru Con Kirbi bildirib ki, Birl\u0259\u015fmi\u015f \u015etatlar haz\u0131rda Yax\u0131n \u015e\u0259rqd\u0259ki m\u00fcnaqi\u015f\u0259d\u0259 h\u0259rbi \u0259m\u0259liyyatlarda birba\u015fa i\u015ftirak etm\u0259yi planla\u015fd\u0131rm\u0131r .<\/p>\n<p>Bundan \u0259vv\u0259l &#8220;Axios&#8221; portal\u0131 Amerika v\u0259 \u0130srail r\u0259smil\u0259rin\u0259 istinad\u0259n yaz\u0131b ki, AB\u015e prezident administrasiyas\u0131 F\u0259l\u0259stin-\u0130srail m\u00fcnaqi\u015f\u0259sinin b\u00fct\u00fcn Yax\u0131n \u015e\u0259rq\u0259 yay\u0131la bil\u0259c\u0259yin\u0259 haz\u0131rla\u015f\u0131r .<\/p>\n<p>Oktyabr\u0131n 29-da Stars and Stripes hadis\u0259 \u015fahidl\u0259rin\u0259 v\u0259 analitikl\u0259r\u0259 istinad\u0259n x\u0259b\u0259r verdi ki, AB\u015e-\u0131n t\u0259yyar\u0259da\u015f\u0131yan &#8220;Dwight Eisenhower&#8221; Aral\u0131q d\u0259nizind\u0259 g\u0259mil\u0259rin v\u0259 k\u0259\u015ffiyyat analitikl\u0259rinin arxas\u0131nda g\u00f6r\u00fcn\u00fcb.<\/p>\n<p><strong>H\u00fcsyen \u0130badl\u0131<\/strong><\/p>\n<\/p><\/div>\n<p><script>\n        (function (d, s, id) {\n            var js, fjs = d.getElementsByTagName(s)[0];\n            if (d.getElementById(id)) return;\n            js = d.createElement(s);\n            js.id = id;\n            js.src = \"\/\/connect.facebook.net\/az_AZ\/sdk.js#xfbml=1&version=v2.7&appId=\";\n            fjs.parentNode.insertBefore(js, fjs);\n        }(document, 'script', 'facebook-jssdk'));\n    <\/script><\/p>\n","protected":false},"excerpt":{"rendered":"<p>Birl\u0259\u015fmi\u015f \u015etatlar Yax\u0131n \u015e\u0259rqd\u0259ki AB\u015e Ordusu M\u0259rk\u0259zi Komandanl\u0131\u011f\u0131n\u0131n cavabdehlik zonas\u0131na daha 300 \u0259sg\u0259r g\u00f6nd\u0259r\u0259c\u0259k. Millinews.az x\u0259b\u0259r verir ki, bu bar\u0259d\u0259 Pentaqonun m\u0259tbuat katibi Patrik Rayder jurnalistl\u0259rl\u0259 brifinq zaman\u0131 bildirib. &#8220;M\u0259n AB\u015e-\u0131n kontinental\u0131ndak\u0131 bazalar\u0131m\u0131zdan CENTCOM-un m\u0259suliyy\u0259t b\u00f6lg\u0259sin\u0259 \u0259lav\u0259 300 h\u0259rb\u00e7i g\u00f6nd\u0259rm\u0259k q\u0259rar\u0131n\u0131 elan etm\u0259y\u0259 haz\u0131ram&#8221; &#8211; o vur\u011fulay\u0131b. Rayder qeyd edib ki, h\u0259rb\u00e7il\u0259r partlay\u0131c\u0131 sursatlar\u0131n z\u0259r\u0259rsizl\u0259\u015fdirilm\u0259si, &hellip;<\/p>\n","protected":false},"author":1,"featured_media":7031,"comment_status":"open","ping_status":"closed","sticky":false,"template":"","format":"standard","meta":{"footnotes":""},"categories":[9],"tags":[],"class_list":["post-7030","post","type-post","status-publish","format-standard","has-post-thumbnail","hentry","category-xeber"],"_links":{"self":[{"href":"https:\/\/millitv.net\/index.php?rest_route=\/wp\/v2\/posts\/7030","targetHints":{"allow":["GET"]}}],"collection":[{"href":"https:\/\/millitv.net\/index.php?rest_route=\/wp\/v2\/posts"}],"about":[{"href":"https:\/\/millitv.net\/index.php?rest_route=\/wp\/v2\/types\/post"}],"author":[{"embeddable":true,"href":"https:\/\/millitv.net\/index.php?rest_route=\/wp\/v2\/users\/1"}],"replies":[{"embeddable":true,"href":"https:\/\/millitv.net\/index.php?rest_route=%2Fwp%2Fv2%2Fcomments&post=7030"}],"version-history":[{"count":0,"href":"https:\/\/millitv.net\/index.php?rest_route=\/wp\/v2\/posts\/7030\/revisions"}],"wp:featuredmedia":[{"embeddable":true,"href":"https:\/\/millitv.net\/index.php?rest_route=\/wp\/v2\/media\/7031"}],"wp:attachment":[{"href":"https:\/\/millitv.net\/index.php?rest_route=%2Fwp%2Fv2%2Fmedia&parent=7030"}],"wp:term":[{"taxonomy":"category","embeddable":true,"href":"https:\/\/millitv.net\/index.php?rest_route=%2Fwp%2Fv2%2Fcategories&post=7030"},{"taxonomy":"post_tag","embeddable":true,"href":"https:\/\/millitv.net\/index.php?rest_route=%2Fwp%2Fv2%2Ftags&post=7030"}],"curies":[{"name":"wp","href":"https:\/\/api.w.org\/{rel}","templated":true}]}}