{"id":7016,"date":"2023-10-31T19:46:47","date_gmt":"2023-10-31T19:46:47","guid":{"rendered":"https:\/\/millinews.az\/xeber\/bayramov-bee-lideri-il%C9%99-gorusdu\/"},"modified":"2023-10-31T19:46:47","modified_gmt":"2023-10-31T19:46:47","slug":"bayramov-bee-lideri-il%C9%99-gorusdu","status":"publish","type":"post","link":"https:\/\/millitv.net\/?p=7016","title":{"rendered":"Bayramov B\u018f\u018f lideri il\u0259 g\u00f6r\u00fc\u015fd\u00fc"},"content":{"rendered":"<p><img decoding=\"async\" src=\"https:\/\/Millinews.az\/storage\/2023\/10\/31\/ceyhun_bayramov_uae_311023_2.jpg\" alt=\"\" title=\"\"><\/p>\n<div id=\"mvp-content-main\">\n<p><strong>31 oktyabr 2023-c\u00fc il tarixind\u0259 Az\u0259rbaycan Respublikas\u0131n\u0131n xarici i\u015fl\u0259r naziri Ceyhun Bayramov Birl\u0259\u015fmi\u015f \u018fr\u0259b \u018fmirlikl\u0259rin\u0259 (B\u018f\u018f) r\u0259smi s\u0259f\u0259ri \u00e7\u0259r\u00e7iv\u0259sind\u0259 B\u018f\u018f-nin Prezidenti \u015eeyx M\u0259h\u0259mm\u0259d bin Zayed Al N\u0259hyan il\u0259 g\u00f6r\u00fc\u015f\u00fcb.<\/strong><\/p>\n<p>Xarici \u0130\u015fl\u0259r Nazirliyind\u0259n<\/p>\n<p>31 oktyabr 2023-c\u00fc il tarixind\u0259 Az\u0259rbaycan Respublikas\u0131n\u0131n xarici i\u015fl\u0259r naziri Ceyhun Bayramov Birl\u0259\u015fmi\u015f \u018fr\u0259b \u018fmirlikl\u0259rin\u0259 (B\u018f\u018f) r\u0259smi s\u0259f\u0259ri \u00e7\u0259r\u00e7iv\u0259sind\u0259 B\u018f\u018f-nin Prezidenti \u015eeyx M\u0259h\u0259mm\u0259d bin Zayed Al N\u0259hyan il\u0259 g\u00f6r\u00fc\u015f\u00fcb.<\/p>\n<p>Xarici \u0130\u015fl\u0259r Nazirliyind\u0259n <a href=\"http:\/\/trend.az\/\" target=\"_blank\" rel=\"noopener\">Trend<\/a>-\u0259 veril\u0259n m\u0259lumata g\u00f6r\u0259, g\u00f6r\u00fc\u015fd\u0259, iki \u00f6lk\u0259 aras\u0131nda m\u00f6vcud \u0259m\u0259kda\u015fl\u0131q g\u00fcnd\u0259liyind\u0259 duran m\u0259s\u0259l\u0259l\u0259r, habel\u0259 regional v\u0259 beyn\u0259lxalq v\u0259ziyy\u0259t m\u00fczakir\u0259 olunub.<\/p>\n<p>G\u00f6r\u00fc\u015f zaman\u0131, Az\u0259rbaycan v\u0259 B\u018f\u018f aras\u0131nda \u0259m\u0259kda\u015fl\u0131q g\u00fcnd\u0259liyinin geni\u015fl\u0259ndirilm\u0259sind\u0259 ali v\u0259 y\u00fcks\u0259k s\u0259viyy\u0259li siyasi dialoqun \u0259h\u0259miyy\u0259ti vur\u011fulan\u0131b.<\/p>\n<p>Diplomatik m\u00fcnasib\u0259tl\u0259rin qurulmas\u0131ndan \u00f6t\u0259n m\u00fcdd\u0259t \u0259rzind\u0259 iki \u00f6lk\u0259nin \u0130slam h\u0259mr\u0259yliyi, dostluq, qarda\u015fl\u0131q prinsipl\u0259ri \u0259sas\u0131nda \u0259m\u0259kda\u015fl\u0131q \u0259laq\u0259l\u0259rinin inki\u015faf\u0131 \u00fc\u00e7\u00fcn s\u0259y g\u00f6st\u0259rdiyi m\u0259mnunluqla qeyd olunub.<\/p>\n<p>G\u00f6r\u00fc\u015f zaman\u0131, Az\u0259rbaycan v\u0259 B\u018f\u018f aras\u0131nda m\u00f6vcud \u00e7ox\u015fax\u0259li n\u00fcmun\u0259vi \u0259m\u0259kda\u015fl\u0131q g\u00fcnd\u0259liyinin davam etdirilm\u0259si, turizm, t\u0259hsil, y\u00fcks\u0259k texnologiyalar kimi sah\u0259l\u0259rd\u0259 \u0259m\u0259kda\u015fl\u0131\u011f\u0131n daha da genu\u015fl\u0259ndirilm\u0259sinin z\u0259ruriliyi vur\u011fulan\u0131b.<\/p>\n<p>G\u00f6r\u00fc\u015f zaman\u0131, h\u0259m\u00e7inin qar\u015f\u0131l\u0131ql\u0131 maraq do\u011furan dig\u0259r m\u0259s\u0259l\u0259l\u0259r \u0259traf\u0131nda fikir m\u00fcbadil\u0259si apar\u0131l\u0131b.<\/p>\n<p>-a veril\u0259n m\u0259lumata g\u00f6r\u0259, g\u00f6r\u00fc\u015fd\u0259, iki \u00f6lk\u0259 aras\u0131nda m\u00f6vcud \u0259m\u0259kda\u015fl\u0131q g\u00fcnd\u0259liyind\u0259 duran m\u0259s\u0259l\u0259l\u0259r, habel\u0259 regional v\u0259 beyn\u0259lxalq v\u0259ziyy\u0259t m\u00fczakir\u0259 olunub.<\/p>\n<p>G\u00f6r\u00fc\u015f zaman\u0131, Az\u0259rbaycan v\u0259 B\u018f\u018f aras\u0131nda \u0259m\u0259kda\u015fl\u0131q g\u00fcnd\u0259liyinin geni\u015fl\u0259ndirilm\u0259sind\u0259 ali v\u0259 y\u00fcks\u0259k s\u0259viyy\u0259li siyasi dialoqun \u0259h\u0259miyy\u0259ti vur\u011fulan\u0131b.<\/p>\n<p>Diplomatik m\u00fcnasib\u0259tl\u0259rin qurulmas\u0131ndan \u00f6t\u0259n m\u00fcdd\u0259t \u0259rzind\u0259 iki \u00f6lk\u0259nin \u0130slam h\u0259mr\u0259yliyi, dostluq, qarda\u015fl\u0131q prinsipl\u0259ri \u0259sas\u0131nda \u0259m\u0259kda\u015fl\u0131q \u0259laq\u0259l\u0259rinin inki\u015faf\u0131 \u00fc\u00e7\u00fcn s\u0259y g\u00f6st\u0259rdiyi m\u0259mnunluqla qeyd olunub.<\/p>\n<p>G\u00f6r\u00fc\u015f zaman\u0131, Az\u0259rbaycan v\u0259 B\u018f\u018f aras\u0131nda m\u00f6vcud \u00e7ox\u015fax\u0259li n\u00fcmun\u0259vi \u0259m\u0259kda\u015fl\u0131q g\u00fcnd\u0259liyinin davam etdirilm\u0259si, turizm, t\u0259hsil, y\u00fcks\u0259k texnologiyalar kimi sah\u0259l\u0259rd\u0259 \u0259m\u0259kda\u015fl\u0131\u011f\u0131n daha da genu\u015fl\u0259ndirilm\u0259sinin z\u0259ruriliyi vur\u011fulan\u0131b.<\/p>\n<p>G\u00f6r\u00fc\u015f zaman\u0131, h\u0259m\u00e7inin qar\u015f\u0131l\u0131ql\u0131 maraq do\u011furan dig\u0259r m\u0259s\u0259l\u0259l\u0259r \u0259traf\u0131nda fikir m\u00fcbadil\u0259si apar\u0131l\u0131b.<\/p>\n<\/p><\/div>\n<p><script>\n        (function (d, s, id) {\n            var js, fjs = d.getElementsByTagName(s)[0];\n            if (d.getElementById(id)) return;\n            js = d.createElement(s);\n            js.id = id;\n            js.src = \"\/\/connect.facebook.net\/az_AZ\/sdk.js#xfbml=1&version=v2.7&appId=\";\n            fjs.parentNode.insertBefore(js, fjs);\n        }(document, 'script', 'facebook-jssdk'));\n    <\/script><\/p>\n","protected":false},"excerpt":{"rendered":"<p>31 oktyabr 2023-c\u00fc il tarixind\u0259 Az\u0259rbaycan Respublikas\u0131n\u0131n xarici i\u015fl\u0259r naziri Ceyhun Bayramov Birl\u0259\u015fmi\u015f \u018fr\u0259b \u018fmirlikl\u0259rin\u0259 (B\u018f\u018f) r\u0259smi s\u0259f\u0259ri \u00e7\u0259r\u00e7iv\u0259sind\u0259 B\u018f\u018f-nin Prezidenti \u015eeyx M\u0259h\u0259mm\u0259d bin Zayed Al N\u0259hyan il\u0259 g\u00f6r\u00fc\u015f\u00fcb. Xarici \u0130\u015fl\u0259r Nazirliyind\u0259n 31 oktyabr 2023-c\u00fc il tarixind\u0259 Az\u0259rbaycan Respublikas\u0131n\u0131n xarici i\u015fl\u0259r naziri Ceyhun Bayramov Birl\u0259\u015fmi\u015f \u018fr\u0259b \u018fmirlikl\u0259rin\u0259 (B\u018f\u018f) r\u0259smi s\u0259f\u0259ri \u00e7\u0259r\u00e7iv\u0259sind\u0259 B\u018f\u018f-nin Prezidenti \u015eeyx M\u0259h\u0259mm\u0259d &hellip;<\/p>\n","protected":false},"author":1,"featured_media":7017,"comment_status":"open","ping_status":"closed","sticky":false,"template":"","format":"standard","meta":{"footnotes":""},"categories":[9],"tags":[],"class_list":["post-7016","post","type-post","status-publish","format-standard","has-post-thumbnail","hentry","category-xeber"],"_links":{"self":[{"href":"https:\/\/millitv.net\/index.php?rest_route=\/wp\/v2\/posts\/7016","targetHints":{"allow":["GET"]}}],"collection":[{"href":"https:\/\/millitv.net\/index.php?rest_route=\/wp\/v2\/posts"}],"about":[{"href":"https:\/\/millitv.net\/index.php?rest_route=\/wp\/v2\/types\/post"}],"author":[{"embeddable":true,"href":"https:\/\/millitv.net\/index.php?rest_route=\/wp\/v2\/users\/1"}],"replies":[{"embeddable":true,"href":"https:\/\/millitv.net\/index.php?rest_route=%2Fwp%2Fv2%2Fcomments&post=7016"}],"version-history":[{"count":0,"href":"https:\/\/millitv.net\/index.php?rest_route=\/wp\/v2\/posts\/7016\/revisions"}],"wp:featuredmedia":[{"embeddable":true,"href":"https:\/\/millitv.net\/index.php?rest_route=\/wp\/v2\/media\/7017"}],"wp:attachment":[{"href":"https:\/\/millitv.net\/index.php?rest_route=%2Fwp%2Fv2%2Fmedia&parent=7016"}],"wp:term":[{"taxonomy":"category","embeddable":true,"href":"https:\/\/millitv.net\/index.php?rest_route=%2Fwp%2Fv2%2Fcategories&post=7016"},{"taxonomy":"post_tag","embeddable":true,"href":"https:\/\/millitv.net\/index.php?rest_route=%2Fwp%2Fv2%2Ftags&post=7016"}],"curies":[{"name":"wp","href":"https:\/\/api.w.org\/{rel}","templated":true}]}}