{"id":6998,"date":"2023-10-31T18:14:58","date_gmt":"2023-10-31T18:14:58","guid":{"rendered":"https:\/\/millinews.az\/xeber\/abdullahiyan-ankaraya-gedir\/"},"modified":"2023-10-31T18:14:58","modified_gmt":"2023-10-31T18:14:58","slug":"abdullahiyan-ankaraya-gedir","status":"publish","type":"post","link":"https:\/\/millitv.net\/?p=6998","title":{"rendered":"Abdullahiyan Ankaraya gedir"},"content":{"rendered":"<p><img decoding=\"async\" src=\"https:\/\/Millinews.az\/storage\/2023\/03\/21\/abdullahiyan.jpg\" alt=\"\" title=\"\"><\/p>\n<div id=\"mvp-content-main\">\n<p><strong>\u0130ran\u0131n xarici i\u015fl\u0259r naziri H\u00fcseyn \u018fmir Abdullahiyan noyabr\u0131n 1-d\u0259 T\u00fcrkiy\u0259y\u0259 s\u0259f\u0259r ed\u0259c\u0259k.<\/strong><\/p>\n<p><strong><a target=\"_blank\" href=\"https:\/\/Millinews.az\" rel=\"noopener\">Millinews.az<\/a><\/strong> x\u0259b\u0259r verir ki, bu bar\u0259d\u0259 T\u00fcrkiy\u0259 Xarici \u0130\u015fl\u0259r Nazirliyi m\u0259lumat yay\u0131b.<\/p>\n<p>&#8220;T\u00fcrkiy\u0259nin xarici i\u015fl\u0259r naziri Hakan Fidan\u0131n iranl\u0131 h\u0259mkar\u0131 il\u0259 g\u00fcnd\u0259md\u0259ki regional m\u0259s\u0259l\u0259l\u0259ri, x\u00fcsusil\u0259 F\u0259l\u0259stind\u0259ki hadis\u0259l\u0259ri, el\u0259c\u0259 d\u0259 ikit\u0259r\u0259fli \u0259laq\u0259l\u0259rimizi m\u00fczakir\u0259 ed\u0259c\u0259yi g\u00f6zl\u0259nilir&#8221; &#8211; m\u0259lumatda deyilir.<\/p>\n<\/p><\/div>\n<p><script>\n        (function (d, s, id) {\n            var js, fjs = d.getElementsByTagName(s)[0];\n            if (d.getElementById(id)) return;\n            js = d.createElement(s);\n            js.id = id;\n            js.src = \"\/\/connect.facebook.net\/az_AZ\/sdk.js#xfbml=1&version=v2.7&appId=\";\n            fjs.parentNode.insertBefore(js, fjs);\n        }(document, 'script', 'facebook-jssdk'));\n    <\/script><\/p>\n","protected":false},"excerpt":{"rendered":"<p>\u0130ran\u0131n xarici i\u015fl\u0259r naziri H\u00fcseyn \u018fmir Abdullahiyan noyabr\u0131n 1-d\u0259 T\u00fcrkiy\u0259y\u0259 s\u0259f\u0259r ed\u0259c\u0259k. Millinews.az x\u0259b\u0259r verir ki, bu bar\u0259d\u0259 T\u00fcrkiy\u0259 Xarici \u0130\u015fl\u0259r Nazirliyi m\u0259lumat yay\u0131b. &#8220;T\u00fcrkiy\u0259nin xarici i\u015fl\u0259r naziri Hakan Fidan\u0131n iranl\u0131 h\u0259mkar\u0131 il\u0259 g\u00fcnd\u0259md\u0259ki regional m\u0259s\u0259l\u0259l\u0259ri, x\u00fcsusil\u0259 F\u0259l\u0259stind\u0259ki hadis\u0259l\u0259ri, el\u0259c\u0259 d\u0259 ikit\u0259r\u0259fli \u0259laq\u0259l\u0259rimizi m\u00fczakir\u0259 ed\u0259c\u0259yi g\u00f6zl\u0259nilir&#8221; &#8211; m\u0259lumatda deyilir.<\/p>\n","protected":false},"author":1,"featured_media":6999,"comment_status":"open","ping_status":"closed","sticky":false,"template":"","format":"standard","meta":{"footnotes":""},"categories":[9],"tags":[],"class_list":["post-6998","post","type-post","status-publish","format-standard","has-post-thumbnail","hentry","category-xeber"],"_links":{"self":[{"href":"https:\/\/millitv.net\/index.php?rest_route=\/wp\/v2\/posts\/6998","targetHints":{"allow":["GET"]}}],"collection":[{"href":"https:\/\/millitv.net\/index.php?rest_route=\/wp\/v2\/posts"}],"about":[{"href":"https:\/\/millitv.net\/index.php?rest_route=\/wp\/v2\/types\/post"}],"author":[{"embeddable":true,"href":"https:\/\/millitv.net\/index.php?rest_route=\/wp\/v2\/users\/1"}],"replies":[{"embeddable":true,"href":"https:\/\/millitv.net\/index.php?rest_route=%2Fwp%2Fv2%2Fcomments&post=6998"}],"version-history":[{"count":0,"href":"https:\/\/millitv.net\/index.php?rest_route=\/wp\/v2\/posts\/6998\/revisions"}],"wp:featuredmedia":[{"embeddable":true,"href":"https:\/\/millitv.net\/index.php?rest_route=\/wp\/v2\/media\/6999"}],"wp:attachment":[{"href":"https:\/\/millitv.net\/index.php?rest_route=%2Fwp%2Fv2%2Fmedia&parent=6998"}],"wp:term":[{"taxonomy":"category","embeddable":true,"href":"https:\/\/millitv.net\/index.php?rest_route=%2Fwp%2Fv2%2Fcategories&post=6998"},{"taxonomy":"post_tag","embeddable":true,"href":"https:\/\/millitv.net\/index.php?rest_route=%2Fwp%2Fv2%2Ftags&post=6998"}],"curies":[{"name":"wp","href":"https:\/\/api.w.org\/{rel}","templated":true}]}}