{"id":6994,"date":"2023-10-31T17:53:56","date_gmt":"2023-10-31T17:53:56","guid":{"rendered":"https:\/\/millinews.az\/xeber\/bu-burc-ilin-sonuna-kimi-varlanacaq\/"},"modified":"2023-10-31T17:53:56","modified_gmt":"2023-10-31T17:53:56","slug":"bu-burc-ilin-sonuna-kimi-varlanacaq","status":"publish","type":"post","link":"https:\/\/millitv.net\/?p=6994","title":{"rendered":"Bu b\u00fcrc ilin sonuna kimi varlanacaq"},"content":{"rendered":"<div id=\"maincontent\">&#13;<br \/>\n        &#13;<\/p>\n<p><strong>Astroloqlar ilin sonuna q\u0259d\u0259r varlanacaq b\u00fcrc\u00fc a\u00e7\u0131qlay\u0131blar. <\/strong>&#13;\n<\/p>\n<p><a href=\"https:\/\/Millinews.az\" target=\"_blank\" class=\"kw-link\" rel=\"noopener\">Millinews.az<\/a> lent.az-a istinad\u0259n x\u0259b\u0259r verir ki, bu <strong>\u018fqr\u0259b b\u00fcrc\u00fcn\u00fcn<\/strong> n\u00fcmay\u0259nd\u0259l\u0259ridir.&#13;<br \/>\n &#13;\n<\/p>\n<p>Astroloqlar\u0131n fikrinc\u0259, \u015fansl\u0131 olanlar \u018fqr\u0259bl\u0259r olacaq. Onlar \u00fc\u00e7\u00fcn yax\u0131n iki ayda geni\u015f maliyy\u0259 p\u0259nc\u0259r\u0259si a\u00e7\u0131lacaq.&#13;\n<\/p>\n<p>T\u0259r\u0259dd\u00fcd etm\u0259m\u0259k, ulduzlar\u0131n verdiyi \u015fanslardan yararlanmaq vacibdir.&#13;\n<\/p>\n<p>Pul u\u011furu h\u0259m haz\u0131rk\u0131 r\u0259smi v\u0259zif\u0259l\u0259rinin icras\u0131, h\u0259m d\u0259 yeni i\u015f\u0259 ke\u00e7id v\u0259 ya sizin \u0259vv\u0259ll\u0259r yax\u0131nla\u015fmaqdan qorxdu\u011fun\u00fcz ciddi v\u0259 \u00e7\u0259tin layih\u0259l\u0259rin h\u0259yata ke\u00e7irilm\u0259si il\u0259 \u0259laq\u0259l\u0259ndiril\u0259 bil\u0259r. \u0130ndi \u018fqr\u0259bl\u0259r \u00fc\u00e7\u00fcn b\u00f6y\u00fck imkanlar d\u00f6vr\u00fc g\u0259lir v\u0259 onlar\u0131n bundan imtina etm\u0259m\u0259kl\u0259ri m\u0259sl\u0259h\u0259tdir.&#13;\n<\/p>\n<p>\u018fqr\u0259bl\u0259r israrl\u0131 v\u0259 \u00e7al\u0131\u015fqan olarlarsa, ulduzlar\u0131n k\u00f6m\u0259yi \u00f6z\u00fcn\u00fc \u00e7ox g\u00f6zl\u0259tm\u0259y\u0259c\u0259k. Bu b\u00fcrc\u00fcn alt\u0131nda do\u011fulan insanlar Yeni il\u0259 \u0259sl z\u0259ngin insanlar kimi daxil olacaqlar.&#13;<br \/>\n&#13;<br \/>\n        &#13;<br \/>\n&#13;<br \/>\n        &#13;<br \/>\n&#13;\n        <\/p>\n<p><noscript><\/p>\n<p>You must enable Javascript on your browser for the site to work optimally and display sections completely.<\/p>\n<p><\/noscript>\t\t&#13;<br \/>\n\t\t&#13;\n    <\/div>\n<p><script type=\"text\/javascript\">jQuery(document).ready(function () {\n(function(d, s, id) {\n    var js, fjs = d.getElementsByTagName(s)[0];\n    if (d.getElementById(id))\n        return;\n    js = d.createElement(s);\n    js.id = id;\n    js.src = \"\/\/connect.facebook.net\/az_AZ\/all.js#xfbml=1&appId=1002485763137712\";\n    fjs.parentNode.insertBefore(js, fjs);\n}(document, 'script', 'facebook-jssdk'));                \n});<\/script><\/p>\n","protected":false},"excerpt":{"rendered":"<p>&#13; &#13; Astroloqlar ilin sonuna q\u0259d\u0259r varlanacaq b\u00fcrc\u00fc a\u00e7\u0131qlay\u0131blar. &#13; Millinews.az lent.az-a istinad\u0259n x\u0259b\u0259r verir ki, bu \u018fqr\u0259b b\u00fcrc\u00fcn\u00fcn n\u00fcmay\u0259nd\u0259l\u0259ridir.&#13; &#13; Astroloqlar\u0131n fikrinc\u0259, \u015fansl\u0131 olanlar \u018fqr\u0259bl\u0259r olacaq. Onlar \u00fc\u00e7\u00fcn yax\u0131n iki ayda geni\u015f maliyy\u0259 p\u0259nc\u0259r\u0259si a\u00e7\u0131lacaq.&#13; T\u0259r\u0259dd\u00fcd etm\u0259m\u0259k, ulduzlar\u0131n verdiyi \u015fanslardan yararlanmaq vacibdir.&#13; Pul u\u011furu h\u0259m haz\u0131rk\u0131 r\u0259smi v\u0259zif\u0259l\u0259rinin icras\u0131, h\u0259m d\u0259 yeni i\u015f\u0259 ke\u00e7id &hellip;<\/p>\n","protected":false},"author":1,"featured_media":6995,"comment_status":"open","ping_status":"closed","sticky":false,"template":"","format":"standard","meta":{"footnotes":""},"categories":[9],"tags":[],"class_list":["post-6994","post","type-post","status-publish","format-standard","has-post-thumbnail","hentry","category-xeber"],"_links":{"self":[{"href":"https:\/\/millitv.net\/index.php?rest_route=\/wp\/v2\/posts\/6994","targetHints":{"allow":["GET"]}}],"collection":[{"href":"https:\/\/millitv.net\/index.php?rest_route=\/wp\/v2\/posts"}],"about":[{"href":"https:\/\/millitv.net\/index.php?rest_route=\/wp\/v2\/types\/post"}],"author":[{"embeddable":true,"href":"https:\/\/millitv.net\/index.php?rest_route=\/wp\/v2\/users\/1"}],"replies":[{"embeddable":true,"href":"https:\/\/millitv.net\/index.php?rest_route=%2Fwp%2Fv2%2Fcomments&post=6994"}],"version-history":[{"count":0,"href":"https:\/\/millitv.net\/index.php?rest_route=\/wp\/v2\/posts\/6994\/revisions"}],"wp:featuredmedia":[{"embeddable":true,"href":"https:\/\/millitv.net\/index.php?rest_route=\/wp\/v2\/media\/6995"}],"wp:attachment":[{"href":"https:\/\/millitv.net\/index.php?rest_route=%2Fwp%2Fv2%2Fmedia&parent=6994"}],"wp:term":[{"taxonomy":"category","embeddable":true,"href":"https:\/\/millitv.net\/index.php?rest_route=%2Fwp%2Fv2%2Fcategories&post=6994"},{"taxonomy":"post_tag","embeddable":true,"href":"https:\/\/millitv.net\/index.php?rest_route=%2Fwp%2Fv2%2Ftags&post=6994"}],"curies":[{"name":"wp","href":"https:\/\/api.w.org\/{rel}","templated":true}]}}