{"id":696,"date":"2023-09-19T11:34:28","date_gmt":"2023-09-19T11:34:28","guid":{"rendered":"https:\/\/millinews.az\/?p=696"},"modified":"2023-09-19T11:34:30","modified_gmt":"2023-09-19T11:34:30","slug":"ordumuz-xank%c9%99ndiy%c9%99-gir%c9%99c%c9%99k-aciqlama","status":"publish","type":"post","link":"https:\/\/millitv.net\/?p=696","title":{"rendered":"Ordumuz Xank\u0259ndiy\u0259 gir\u0259c\u0259k? &#8211;\u00a0A\u00c7IQLAMA"},"content":{"rendered":"\n<p><strong>X\u0259b\u0259r verdiyimiz kimi,&nbsp;<\/strong><strong>M\u00fcdafi\u0259 Nazirliyi m\u0259lumat yayaraq Az\u0259rbaycan\u0131n konstitusiya qurulu\u015funun b\u0259rpa edilm\u0259si m\u0259qs\u0259dil\u0259 Qaraba\u011fda lokal xarakterli antiterror t\u0259dbirl\u0259rin\u0259 ba\u015flan\u0131ld\u0131\u011f\u0131n\u0131 b\u0259yan edib.<\/strong><\/p>\n\n\n\n<p>Haz\u0131rda \u00e7oxlar\u0131n\u0131 maraqland\u0131ran suallardan biri d\u0259 Ordumuzun Xank\u0259ndiy\u0259 girib girm\u0259y\u0259c\u0259yi il\u0259 ba\u011fl\u0131d\u0131r.<\/p>\n\n\n\n<p>Bu bar\u0259d\u0259 siyasi \u015f\u0259rh\u00e7i&nbsp;<strong>\u015eahin C\u0259f\u0259rli&nbsp;<\/strong>bildirib ki, &#8220;Konstitusiya qurulu\u015funun b\u0259rpas\u0131&#8221; c\u00fcml\u0259si \u0259slind\u0259 bunu ehtiva edir kimi g\u00f6r\u00fcn\u00fcr.<\/p>\n\n\n\n<p>&#8220;Dig\u0259r t\u0259r\u0259fd\u0259n, \u015f\u0259h\u0259r \u0259traf\u0131ndak\u0131 qanunsuz silahl\u0131 d\u0259st\u0259l\u0259r z\u0259r\u0259rsizl\u0259\u015fdirildikd\u0259n sonra k\u00fc\u00e7\u0259 d\u00f6y\u00fc\u015fl\u0259rin\u0259 g\u0259t\u0259k qalmadan Xank\u0259ndini d\u00f6y\u00fc\u015fs\u00fcz d\u0259 n\u0259zar\u0259t\u0259 g\u00f6t\u00fcrm\u0259k m\u00fcmk\u00fcnd\u00fcr&#8221; ,- sitat\u0131n sonu.<\/p>\n\n\n\n<p>Qeyd ed\u0259k ki, son m\u0259lumatlara g\u00f6r\u0259, Az\u0259rbaycan Ordusu d\u00fc\u015fm\u0259nin elektron d\u00f6y\u00fc\u015f m\u0259nt\u0259q\u0259sini vurub.<\/p>\n","protected":false},"excerpt":{"rendered":"<p>X\u0259b\u0259r verdiyimiz kimi,&nbsp;M\u00fcdafi\u0259 Nazirliyi m\u0259lumat yayaraq Az\u0259rbaycan\u0131n konstitusiya qurulu\u015funun b\u0259rpa edilm\u0259si m\u0259qs\u0259dil\u0259 Qaraba\u011fda lokal xarakterli antiterror t\u0259dbirl\u0259rin\u0259 ba\u015flan\u0131ld\u0131\u011f\u0131n\u0131 b\u0259yan edib. Haz\u0131rda \u00e7oxlar\u0131n\u0131 maraqland\u0131ran suallardan biri d\u0259 Ordumuzun Xank\u0259ndiy\u0259 girib girm\u0259y\u0259c\u0259yi il\u0259 ba\u011fl\u0131d\u0131r. Bu bar\u0259d\u0259 siyasi \u015f\u0259rh\u00e7i&nbsp;\u015eahin C\u0259f\u0259rli&nbsp;bildirib ki, &#8220;Konstitusiya qurulu\u015funun b\u0259rpas\u0131&#8221; c\u00fcml\u0259si \u0259slind\u0259 bunu ehtiva edir kimi g\u00f6r\u00fcn\u00fcr. &#8220;Dig\u0259r t\u0259r\u0259fd\u0259n, \u015f\u0259h\u0259r \u0259traf\u0131ndak\u0131 qanunsuz silahl\u0131 d\u0259st\u0259l\u0259r &hellip;<\/p>\n","protected":false},"author":1,"featured_media":648,"comment_status":"open","ping_status":"closed","sticky":false,"template":"","format":"standard","meta":{"footnotes":""},"categories":[7],"tags":[],"class_list":["post-696","post","type-post","status-publish","format-standard","has-post-thumbnail","hentry","category-siyaset"],"_links":{"self":[{"href":"https:\/\/millitv.net\/index.php?rest_route=\/wp\/v2\/posts\/696","targetHints":{"allow":["GET"]}}],"collection":[{"href":"https:\/\/millitv.net\/index.php?rest_route=\/wp\/v2\/posts"}],"about":[{"href":"https:\/\/millitv.net\/index.php?rest_route=\/wp\/v2\/types\/post"}],"author":[{"embeddable":true,"href":"https:\/\/millitv.net\/index.php?rest_route=\/wp\/v2\/users\/1"}],"replies":[{"embeddable":true,"href":"https:\/\/millitv.net\/index.php?rest_route=%2Fwp%2Fv2%2Fcomments&post=696"}],"version-history":[{"count":0,"href":"https:\/\/millitv.net\/index.php?rest_route=\/wp\/v2\/posts\/696\/revisions"}],"wp:featuredmedia":[{"embeddable":true,"href":"https:\/\/millitv.net\/index.php?rest_route=\/wp\/v2\/media\/648"}],"wp:attachment":[{"href":"https:\/\/millitv.net\/index.php?rest_route=%2Fwp%2Fv2%2Fmedia&parent=696"}],"wp:term":[{"taxonomy":"category","embeddable":true,"href":"https:\/\/millitv.net\/index.php?rest_route=%2Fwp%2Fv2%2Fcategories&post=696"},{"taxonomy":"post_tag","embeddable":true,"href":"https:\/\/millitv.net\/index.php?rest_route=%2Fwp%2Fv2%2Ftags&post=696"}],"curies":[{"name":"wp","href":"https:\/\/api.w.org\/{rel}","templated":true}]}}