{"id":6942,"date":"2023-10-31T14:01:48","date_gmt":"2023-10-31T14:01:48","guid":{"rendered":"https:\/\/millinews.az\/xeber\/bir-nazir-v%C9%99-bir-general\/"},"modified":"2023-10-31T14:01:48","modified_gmt":"2023-10-31T14:01:48","slug":"bir-nazir-v%C9%99-bir-general","status":"publish","type":"post","link":"https:\/\/millitv.net\/?p=6942","title":{"rendered":"Bir nazir v\u0259 bir general&#8230;"},"content":{"rendered":"<p><img decoding=\"async\" src=\"https:\/\/Millinews.az\/storage\/2023\/04\/22\/zelenski.png\" alt=\"\" title=\"\"><\/p>\n<div id=\"mvp-content-main\">\n<p><strong>Q\u0131\u015fda Ukrayna prezidenti Vladimir Zelenskinin komandas\u0131nda ciddi sars\u0131nt\u0131lar g\u00f6zl\u0259nilir. Ukrayna silahl\u0131 q\u00fcvv\u0259l\u0259rinin Rusiya-Ukrayna c\u0259bh\u0259sind\u0259ki taktikas\u0131 da d\u0259yi\u015f\u0259c\u0259k. <\/strong><\/p>\n<p><strong><a target=\"_blank\" href=\"https:\/\/Millinews.az\" rel=\"noopener\">Millinews.az<\/a><\/strong> x\u0259b\u0259r verir ki, bu bar\u0259d\u0259 \u201cTime\u201d q\u0259zeti Zelenskinin q\u0259rargah\u0131ndak\u0131 anonim m\u0259nb\u0259l\u0259rin\u0259 istinad\u0259n yaz\u0131b. N\u0259\u015fr bildirir ki, \u0259n az\u0131 bir nazir istefa ver\u0259c\u0259k v\u0259 Ukrayna ordusunun l\u0259ng ir\u0259lil\u0259yi\u015fin\u0259 g\u00f6r\u0259, \u0259ks-h\u00fccum \u0259m\u0259liyyatlar\u0131na cavabdeh olan y\u00fcks\u0259k r\u00fctb\u0259li general istefaya g\u00f6nd\u0259ril\u0259 bil\u0259r.<\/p>\n<p>\u201cTime\u201d m\u0259nb\u0259l\u0259rind\u0259n biri qeyd edib ki, Ukrayna ordusu ir\u0259lil\u0259mir v\u0259 buna s\u0259b\u0259b h\u0259m d\u0259 c\u0259bh\u0259 x\u0259ttind\u0259ki b\u0259zi komandirl\u0259rin birba\u015fa prezident aparat\u0131 t\u0259r\u0259find\u0259n verils\u0259 bel\u0259, h\u00fccumla ba\u011fl\u0131 \u0259mrl\u0259ri yerin\u0259 yetirm\u0259kd\u0259n sad\u0259c\u0259 imtina etm\u0259sidir. Bir \u00e7ox komandirl\u0259r sad\u0259c\u0259 s\u0259ng\u0259rd\u0259 oturub m\u00fcdafi\u0259ni saxlamaq ist\u0259yirl\u0259r. Bu, h\u0259m Kiyevd\u0259, h\u0259m d\u0259 Q\u0259rbd\u0259 narahatl\u0131q do\u011furur.<\/p>\n<p>Tural<\/p>\n<\/p><\/div>\n<p><script>\n        (function (d, s, id) {\n            var js, fjs = d.getElementsByTagName(s)[0];\n            if (d.getElementById(id)) return;\n            js = d.createElement(s);\n            js.id = id;\n            js.src = \"\/\/connect.facebook.net\/az_AZ\/sdk.js#xfbml=1&version=v2.7&appId=\";\n            fjs.parentNode.insertBefore(js, fjs);\n        }(document, 'script', 'facebook-jssdk'));\n    <\/script><\/p>\n","protected":false},"excerpt":{"rendered":"<p>Q\u0131\u015fda Ukrayna prezidenti Vladimir Zelenskinin komandas\u0131nda ciddi sars\u0131nt\u0131lar g\u00f6zl\u0259nilir. Ukrayna silahl\u0131 q\u00fcvv\u0259l\u0259rinin Rusiya-Ukrayna c\u0259bh\u0259sind\u0259ki taktikas\u0131 da d\u0259yi\u015f\u0259c\u0259k. Millinews.az x\u0259b\u0259r verir ki, bu bar\u0259d\u0259 \u201cTime\u201d q\u0259zeti Zelenskinin q\u0259rargah\u0131ndak\u0131 anonim m\u0259nb\u0259l\u0259rin\u0259 istinad\u0259n yaz\u0131b. N\u0259\u015fr bildirir ki, \u0259n az\u0131 bir nazir istefa ver\u0259c\u0259k v\u0259 Ukrayna ordusunun l\u0259ng ir\u0259lil\u0259yi\u015fin\u0259 g\u00f6r\u0259, \u0259ks-h\u00fccum \u0259m\u0259liyyatlar\u0131na cavabdeh olan y\u00fcks\u0259k r\u00fctb\u0259li general istefaya g\u00f6nd\u0259ril\u0259 &hellip;<\/p>\n","protected":false},"author":1,"featured_media":5116,"comment_status":"open","ping_status":"closed","sticky":false,"template":"","format":"standard","meta":{"footnotes":""},"categories":[9],"tags":[],"class_list":["post-6942","post","type-post","status-publish","format-standard","has-post-thumbnail","hentry","category-xeber"],"_links":{"self":[{"href":"https:\/\/millitv.net\/index.php?rest_route=\/wp\/v2\/posts\/6942","targetHints":{"allow":["GET"]}}],"collection":[{"href":"https:\/\/millitv.net\/index.php?rest_route=\/wp\/v2\/posts"}],"about":[{"href":"https:\/\/millitv.net\/index.php?rest_route=\/wp\/v2\/types\/post"}],"author":[{"embeddable":true,"href":"https:\/\/millitv.net\/index.php?rest_route=\/wp\/v2\/users\/1"}],"replies":[{"embeddable":true,"href":"https:\/\/millitv.net\/index.php?rest_route=%2Fwp%2Fv2%2Fcomments&post=6942"}],"version-history":[{"count":0,"href":"https:\/\/millitv.net\/index.php?rest_route=\/wp\/v2\/posts\/6942\/revisions"}],"wp:featuredmedia":[{"embeddable":true,"href":"https:\/\/millitv.net\/index.php?rest_route=\/wp\/v2\/media\/5116"}],"wp:attachment":[{"href":"https:\/\/millitv.net\/index.php?rest_route=%2Fwp%2Fv2%2Fmedia&parent=6942"}],"wp:term":[{"taxonomy":"category","embeddable":true,"href":"https:\/\/millitv.net\/index.php?rest_route=%2Fwp%2Fv2%2Fcategories&post=6942"},{"taxonomy":"post_tag","embeddable":true,"href":"https:\/\/millitv.net\/index.php?rest_route=%2Fwp%2Fv2%2Ftags&post=6942"}],"curies":[{"name":"wp","href":"https:\/\/api.w.org\/{rel}","templated":true}]}}