{"id":6892,"date":"2023-10-31T11:54:53","date_gmt":"2023-10-31T11:54:53","guid":{"rendered":"https:\/\/millinews.az\/xeber\/m%C9%99mm%C9%99dbagir-bagirzad%C9%99nin-n%C9%99v%C9%99si-efir%C9%99-cixdi-ilk-d%C9%99f%C9%99\/"},"modified":"2023-10-31T11:54:53","modified_gmt":"2023-10-31T11:54:53","slug":"m%C9%99mm%C9%99dbagir-bagirzad%C9%99nin-n%C9%99v%C9%99si-efir%C9%99-cixdi-ilk-d%C9%99f%C9%99","status":"publish","type":"post","link":"https:\/\/millitv.net\/?p=6892","title":{"rendered":"M\u0259mm\u0259dba\u011f\u0131r Ba\u011f\u0131rzad\u0259nin n\u0259v\u0259si efir\u0259 \u00e7\u0131xd\u0131: \u0130lk d\u0259f\u0259&#8230;"},"content":{"rendered":"<p><img decoding=\"async\" src=\"https:\/\/Millinews.az\/storage\/2023\/10\/31\/1698729200_photo_5332806668490231860_y.jpg\" alt=\"\" title=\"\"><\/p>\n<div id=\"mvp-content-main\">\n<p><strong>Xalq artisti M\u0259mm\u0259dba\u011f\u0131r Ba\u011f\u0131rzad\u0259nin n\u0259v\u0259si 16 ya\u015fl\u0131 M\u0259mm\u0259dba\u011f\u0131r ilk d\u0259f\u0259 efir\u0259 \u00e7\u0131x\u0131b. <\/strong><\/p>\n<p><strong><a target=\"_blank\" href=\"https:\/\/Millinews.az\" rel=\"noopener\">Millinews.az<\/a> <\/strong>Bizim.Media-ya istinad\u0259n x\u0259b\u0259r verir ki, s\u0259n\u0259tkar\u0131n n\u0259v\u0259si \u201cX\u0259z\u0259r ax\u015fam\u0131\u201d proqram\u0131na m\u00fcsahib\u0259 verib.<\/p>\n<p><strong>M\u0259mm\u0259dba\u011f\u0131r babas\u0131 il\u0259 xatir\u0259l\u0259rini bu s\u00f6zl\u0259rl\u0259 dil\u0259 g\u0259tirib: <\/strong><\/p>\n<p>\u201c\u0130lk olaraq \u00f6z ist\u0259yiml\u0259 bu i\u015f\u0259 ba\u015flad\u0131m. Zaman-zaman art\u0131q babam\u0131n ad\u0131 \u00e7\u0259kil\u0259nd\u0259 \u00fcz\u0259rim\u0259 bir m\u0259suliyy\u0259tin d\u00fc\u015fd\u00fcy\u00fcn\u00fc hiss edirdim. H\u0259m ist\u0259k, h\u0259m d\u0259 m\u0259suliyy\u0259t bir arada musiqini davam etdirm\u0259yi q\u0259rar ald\u0131m. Bu g\u00fcn d\u0259 bu istiqam\u0259td\u0259 ir\u0259lil\u0259yir\u0259m. H\u0259m babam\u0131n ad\u0131n\u0131 ya\u015fatmaq \u00fc\u00e7\u00fcn, h\u0259m d\u0259 \u00f6z arzu v\u0259 x\u0259yallar\u0131ma \u00e7atmaq \u00fc\u00e7\u00fcn musiqi t\u0259hsilind\u0259 \u0259n yax\u015f\u0131 yer\u0259 \u00e7atmaq ist\u0259yir\u0259m.<\/p>\n<p>Babam ya\u015fad\u0131\u011f\u0131 m\u00fcdd\u0259t ad\u0131n\u0131 Az\u0259rbaycan musiqisin\u0259 yazd\u0131rd\u0131. M\u0259n d\u0259 onun ad\u0131n\u0131 da\u015f\u0131d\u0131\u011f\u0131m \u00fc\u00e7\u00fcn b\u00fct\u00fcn m\u0259suliyy\u0259t m\u0259nim \u00fcz\u0259rimd\u0259dir. \u0130mtahanlar\u0131ma x\u00fcsusi diqq\u0259t yetirir\u0259m ki, yax\u015f\u0131 n\u0259tic\u0259 al\u0131m. H\u0259r zaman da m\u0259n\u0259 babam\u0131 misal olaraq g\u0259tirirl\u0259r.<br \/>&#13;<br \/>\nM\u0259mm\u0259dba\u011f\u0131r Ba\u011f\u0131rzad\u0259nin n\u0259v\u0259siy\u0259m dem\u0259yi sevmir\u0259m, \u00e7\u00fcnki m\u0259n\u0259 g\u00f6r\u0259 insan \u00f6z\u00fcn\u0259 g\u00f6r\u0259 ad v\u0259 h\u00f6rm\u0259t qazanmal\u0131d\u0131r. Amma ist\u0259r-ist\u0259m\u0259z insanlar m\u0259ni tan\u0131y\u0131r. T\u0259bii ki, onlar\u0131n m\u0259n\u0259 g\u00f6st\u0259rdiyi m\u00fcnasib\u0259t m\u0259n\u0259 \u00e7ox xo\u015fdur. Babam\u0131n mahn\u0131lar\u0131n\u0131 pianoda ifa etm\u0259yi \u00e7al\u0131\u015f\u0131ram.<\/p>\n<p><strong>Onun \u0259n xo\u015flad\u0131\u011f\u0131m mahn\u0131 \u201cAz\u0259rbaycan o\u011fluyam\u201dd\u0131r\u201d. <\/strong><\/p>\n<p>Qeyd ed\u0259k ki, M.Ba\u011f\u0131rzad\u0259 30 oktyabr 2005-ci ild\u0259 Bak\u0131da v\u0259fat edib. S\u0259n\u0259tkar Nardaran q\u0259biristanl\u0131\u011f\u0131nda d\u0259fn edilib.<\/p>\n<p><iframe loading=\"lazy\" allow=\"autoplay; encrypted-media\" allowfullscreen=\"\" frameborder=\"0\" height=\"360\" seamless=\"\" src=\"https:\/\/player.bizim.media\/?v=23380\" width=\"640\"><\/iframe><\/p>\n<\/p><\/div>\n<p><script>\n        (function (d, s, id) {\n            var js, fjs = d.getElementsByTagName(s)[0];\n            if (d.getElementById(id)) return;\n            js = d.createElement(s);\n            js.id = id;\n            js.src = \"\/\/connect.facebook.net\/az_AZ\/sdk.js#xfbml=1&version=v2.7&appId=\";\n            fjs.parentNode.insertBefore(js, fjs);\n        }(document, 'script', 'facebook-jssdk'));\n    <\/script><\/p>\n","protected":false},"excerpt":{"rendered":"<p>Xalq artisti M\u0259mm\u0259dba\u011f\u0131r Ba\u011f\u0131rzad\u0259nin n\u0259v\u0259si 16 ya\u015fl\u0131 M\u0259mm\u0259dba\u011f\u0131r ilk d\u0259f\u0259 efir\u0259 \u00e7\u0131x\u0131b. Millinews.az Bizim.Media-ya istinad\u0259n x\u0259b\u0259r verir ki, s\u0259n\u0259tkar\u0131n n\u0259v\u0259si \u201cX\u0259z\u0259r ax\u015fam\u0131\u201d proqram\u0131na m\u00fcsahib\u0259 verib. M\u0259mm\u0259dba\u011f\u0131r babas\u0131 il\u0259 xatir\u0259l\u0259rini bu s\u00f6zl\u0259rl\u0259 dil\u0259 g\u0259tirib: \u201c\u0130lk olaraq \u00f6z ist\u0259yiml\u0259 bu i\u015f\u0259 ba\u015flad\u0131m. Zaman-zaman art\u0131q babam\u0131n ad\u0131 \u00e7\u0259kil\u0259nd\u0259 \u00fcz\u0259rim\u0259 bir m\u0259suliyy\u0259tin d\u00fc\u015fd\u00fcy\u00fcn\u00fc hiss edirdim. H\u0259m ist\u0259k, h\u0259m d\u0259 &hellip;<\/p>\n","protected":false},"author":1,"featured_media":6893,"comment_status":"open","ping_status":"closed","sticky":false,"template":"","format":"standard","meta":{"footnotes":""},"categories":[9],"tags":[],"class_list":["post-6892","post","type-post","status-publish","format-standard","has-post-thumbnail","hentry","category-xeber"],"_links":{"self":[{"href":"https:\/\/millitv.net\/index.php?rest_route=\/wp\/v2\/posts\/6892","targetHints":{"allow":["GET"]}}],"collection":[{"href":"https:\/\/millitv.net\/index.php?rest_route=\/wp\/v2\/posts"}],"about":[{"href":"https:\/\/millitv.net\/index.php?rest_route=\/wp\/v2\/types\/post"}],"author":[{"embeddable":true,"href":"https:\/\/millitv.net\/index.php?rest_route=\/wp\/v2\/users\/1"}],"replies":[{"embeddable":true,"href":"https:\/\/millitv.net\/index.php?rest_route=%2Fwp%2Fv2%2Fcomments&post=6892"}],"version-history":[{"count":0,"href":"https:\/\/millitv.net\/index.php?rest_route=\/wp\/v2\/posts\/6892\/revisions"}],"wp:featuredmedia":[{"embeddable":true,"href":"https:\/\/millitv.net\/index.php?rest_route=\/wp\/v2\/media\/6893"}],"wp:attachment":[{"href":"https:\/\/millitv.net\/index.php?rest_route=%2Fwp%2Fv2%2Fmedia&parent=6892"}],"wp:term":[{"taxonomy":"category","embeddable":true,"href":"https:\/\/millitv.net\/index.php?rest_route=%2Fwp%2Fv2%2Fcategories&post=6892"},{"taxonomy":"post_tag","embeddable":true,"href":"https:\/\/millitv.net\/index.php?rest_route=%2Fwp%2Fv2%2Ftags&post=6892"}],"curies":[{"name":"wp","href":"https:\/\/api.w.org\/{rel}","templated":true}]}}