{"id":6868,"date":"2023-10-31T10:46:50","date_gmt":"2023-10-31T10:46:50","guid":{"rendered":"https:\/\/millinews.az\/xeber\/mill%C9%99t-v%C9%99kili-dagistandaki-xaosdan-danisdi-az%C9%99rbaycana-kecm%C9%99si-inandirici-gorunmur\/"},"modified":"2023-10-31T10:46:50","modified_gmt":"2023-10-31T10:46:50","slug":"mill%C9%99t-v%C9%99kili-dagistandaki-xaosdan-danisdi-az%C9%99rbaycana-kecm%C9%99si-inandirici-gorunmur","status":"publish","type":"post","link":"https:\/\/millitv.net\/?p=6868","title":{"rendered":"Mill\u0259t v\u0259kili Da\u011f\u0131standak\u0131 xaosdan dan\u0131\u015fd\u0131: &#8220;Az\u0259rbaycana ke\u00e7m\u0259si inand\u0131r\u0131c\u0131 g\u00f6r\u00fcnm\u00fcr&#8221;"},"content":{"rendered":"<div id=\"maincontent\">&#13;<br \/>\n        &#13;<\/p>\n<p><strong\/><strong>X\u0259b\u0259r verdiyimiz kimi, oktyabr\u0131n 29-da Da\u011f\u0131stan\u0131n paytaxt\u0131 Maha\u00e7qalada hava liman\u0131 blokadaya al\u0131n\u0131b. Hadis\u0259y\u0259 s\u0259b\u0259b yerli sakinl\u0259rin y\u0259hudil\u0259rin \u0259razid\u0259n \u00e7\u0131xar\u0131lmas\u0131n\u0131 t\u0259l\u0259b etm\u0259l\u0259ri olub.<\/strong>  <\/p>\n<p> Rusiya Daxili \u0130\u015fl\u0259r Nazirliyinin \u015eimali Qafqaz Federal Dair\u0259si \u00fczr\u0259 Ba\u015f \u0130dar\u0259si yaranm\u0131\u015f g\u0259rginlikl\u0259 ba\u011fl\u0131 yayd\u0131\u011f\u0131 m\u0259lumatda bildirib ki, Maha\u00e7qala hava liman\u0131ndak\u0131 i\u011fti\u015fa\u015flar\u0131n b\u00fct\u00fcn i\u015ftirak\u00e7\u0131lar\u0131 milli \u0259dav\u0259t, qar\u015f\u0131durma yaratmaq madd\u0259si il\u0259 m\u0259suliyy\u0259t\u0259 c\u0259lb olunacaqlar. &#13;\n  <\/p>\n<p>Da\u011f\u0131stan\u0131 b\u00fcr\u00fcy\u0259n antisemitizm dal\u011fas\u0131n\u0131n Az\u0259rbaycana ke\u00e7m\u0259 ehtimal\u0131 il\u0259 ba\u011fl\u0131 <a href=\"https:\/\/Millinews.az\" target=\"_blank\" class=\"kw-link\" rel=\"noopener\">Millinews.az<\/a>-a a\u00e7\u0131qlama ver\u0259n<strong> mill\u0259t v\u0259kili Arzu Na\u011f\u0131yev <\/strong>bildirdi ki, insanlar\u0131n \u0259qid\u0259sin\u0259, m\u0259sl\u0259kin\u0259, dinin\u0259, qulluq etdiyi t\u0259riq\u0259t\u0259 v\u0259 mill\u0259tin\u0259 g\u00f6r\u0259 onlar\u0131n t\u0259qib edilm\u0259si yolverilm\u0259zdir v\u0259 he\u00e7 bir \u00e7\u0259r\u00e7iv\u0259y\u0259 s\u0131\u011fm\u0131r:  <\/p>\n<p>\u201cBa\u015f ver\u0259nl\u0259r qanun pozuntusu say\u0131l\u0131r. Y\u0259qin ki, art\u0131q h\u00fcquq m\u00fchafiz\u0259 orqanlar\u0131 bu istiqam\u0259td\u0259 \u00f6z i\u015fl\u0259rini g\u00f6rm\u0259kd\u0259dir. \u0130stintaq apar\u0131l\u0131r v\u0259 art\u0131q h\u0259bs olunanlar var.  Rusiyada ya\u015fayan m\u00fcs\u0259lman inancl\u0131  federasiya subyektl\u0259rinin aya\u011fa qald\u0131r\u0131lmas\u0131nda m\u0259qs\u0259d, onlar\u0131 buna t\u0259hrik ed\u0259n s\u0259b\u0259bl\u0259r v\u0259 ham\u0131s\u0131 ara\u015fd\u0131rmalardan sonra m\u0259lum olacaq v\u0259 h\u00fcquq m\u00fchafiz\u0259 orqanlar\u0131 t\u0259r\u0259find\u0259n m\u00fcvafiq h\u00fcquqi qiym\u0259t veril\u0259c\u0259kdir. Dig\u0259r t\u0259r\u0259fd\u0259n hadis\u0259l\u0259rin Az\u0259rbaycanla s\u0259rh\u0259d\u0259 yax\u0131n bir m\u0259saf\u0259d\u0259 ba\u015f verm\u0259si t\u0259bii ki, narahatl\u0131q yaradan m\u0259s\u0259l\u0259 say\u0131l\u0131r. Bel\u0259 qanun pozuntular\u0131n\u0131n \u00f6lk\u0259mizd\u0259 ba\u015f verm\u0259si inand\u0131r\u0131c\u0131 g\u00f6r\u00fcnm\u00fcr. \u00c7\u00fcnki Az\u0259rbaycan d\u00fcnyada multikultural d\u0259y\u0259rl\u0259ri, tolerantl\u0131\u011f\u0131 il\u0259 dig\u0259r d\u00f6vl\u0259tl\u0259r\u0259 n\u00fcmun\u0259 say\u0131lacaq \u00f6lk\u0259l\u0259rd\u0259ndir. Bizim respublikada bel\u0259 ciddi m\u00fcnaqi\u015f\u0259l\u0259r olmay\u0131b, olmayacaq da\u201d.   <\/p>\n<p><strong>Bu g\u00fcn Az\u0259rbaycanda \u00e7oxsayl\u0131 \u0259qid\u0259li mill\u0259tl\u0259rin ya\u015fad\u0131\u011f\u0131n\u0131 vur\u011fulayan mill\u0259t v\u0259kili qeyd etdi ki,  az\u0259rbaycanl\u0131larla dig\u0259r mill\u0259tl\u0259rin n\u00fcmay\u0259nd\u0259l\u0259ri aras\u0131nda daima qar\u015f\u0131l\u0131ql\u0131 dost m\u00fcnasib\u0259tl\u0259r olub.<\/strong>  <\/p>\n<p>\u00d6lk\u0259 ba\u015f\u00e7\u0131s\u0131 \u0130lham \u018fliyevin apard\u0131\u011f\u0131 siyas\u0259tin \u0259sas qollar\u0131ndan biri m\u0259hz tolerantl\u0131q v\u0259 multikultural d\u0259y\u0259rl\u0259r\u0259 h\u00f6rm\u0259td\u0259n ibar\u0259tdir. Ona g\u00f6r\u0259 d\u0259,  Az\u0259rbaycanda bu m\u0259s\u0259l\u0259nin ba\u015f verm\u0259si inand\u0131r\u0131c\u0131 deyil. Lakin h\u00fcquq m\u00fchafiz\u0259  orqanlar\u0131 t\u0259bii ki, \u0259m\u0259liyyat \u015f\u0259raitin\u0259 n\u0259zar\u0259t edir v\u0259 onlar h\u0259r hans\u0131 bir h\u0259r\u0259k\u0259tin qar\u015f\u0131s\u0131n\u0131 alma\u011fa qadirdirl\u0259r.  H\u0259r bir Az\u0259rbaycan v\u0259t\u0259nda\u015f\u0131 \u0259qid\u0259sin\u0259, m\u0259sl\u0259kin\u0259 uy\u011fun olaraq dostlu\u011fun qarda\u015fl\u0131\u011f\u0131n, multikultural d\u0259y\u0259rl\u0259rin n\u0259d\u0259n ibar\u0259t oldu\u011funu d\u0259rk edir. Ona g\u00f6r\u0259 d\u0259 bel\u0259 hadis\u0259l\u0259rin t\u0259krarlanmamas\u0131 \u00fc\u00e7\u00fcn biz birlikd\u0259 \u00f6z i\u015fl\u0259rimizi g\u00f6r\u00fcr\u00fck v\u0259 g\u00f6r\u0259c\u0259yik\u201d,- dey\u0259 Arzu Na\u011f\u0131yev bildirib.<\/p>\n<p>G\u00fclb\u0259niz H\u00fcseynli \/ <a href=\"https:\/\/Millinews.az\" target=\"_blank\" class=\"kw-link\" rel=\"noopener\">Millinews.az<\/a>&#13;<br \/>\n        &#13;<br \/>\n&#13;<br \/>\n        &#13;<br \/>\n&#13;\n        <\/p>\n<p><noscript><\/p>\n<p>You must enable Javascript on your browser for the site to work optimally and display sections completely.<\/p>\n<p><\/noscript>\t\t&#13;<br \/>\n\t\t&#13;\n    <\/div>\n<p><script type=\"text\/javascript\">jQuery(document).ready(function () {\n(function(d, s, id) {\n    var js, fjs = d.getElementsByTagName(s)[0];\n    if (d.getElementById(id))\n        return;\n    js = d.createElement(s);\n    js.id = id;\n    js.src = \"\/\/connect.facebook.net\/az_AZ\/all.js#xfbml=1&appId=1002485763137712\";\n    fjs.parentNode.insertBefore(js, fjs);\n}(document, 'script', 'facebook-jssdk'));                \n});<\/script><\/p>\n","protected":false},"excerpt":{"rendered":"<p>&#13; &#13; X\u0259b\u0259r verdiyimiz kimi, oktyabr\u0131n 29-da Da\u011f\u0131stan\u0131n paytaxt\u0131 Maha\u00e7qalada hava liman\u0131 blokadaya al\u0131n\u0131b. Hadis\u0259y\u0259 s\u0259b\u0259b yerli sakinl\u0259rin y\u0259hudil\u0259rin \u0259razid\u0259n \u00e7\u0131xar\u0131lmas\u0131n\u0131 t\u0259l\u0259b etm\u0259l\u0259ri olub. Rusiya Daxili \u0130\u015fl\u0259r Nazirliyinin \u015eimali Qafqaz Federal Dair\u0259si \u00fczr\u0259 Ba\u015f \u0130dar\u0259si yaranm\u0131\u015f g\u0259rginlikl\u0259 ba\u011fl\u0131 yayd\u0131\u011f\u0131 m\u0259lumatda bildirib ki, Maha\u00e7qala hava liman\u0131ndak\u0131 i\u011fti\u015fa\u015flar\u0131n b\u00fct\u00fcn i\u015ftirak\u00e7\u0131lar\u0131 milli \u0259dav\u0259t, qar\u015f\u0131durma yaratmaq madd\u0259si il\u0259 m\u0259suliyy\u0259t\u0259 &hellip;<\/p>\n","protected":false},"author":1,"featured_media":6869,"comment_status":"open","ping_status":"closed","sticky":false,"template":"","format":"standard","meta":{"footnotes":""},"categories":[9],"tags":[],"class_list":["post-6868","post","type-post","status-publish","format-standard","has-post-thumbnail","hentry","category-xeber"],"_links":{"self":[{"href":"https:\/\/millitv.net\/index.php?rest_route=\/wp\/v2\/posts\/6868","targetHints":{"allow":["GET"]}}],"collection":[{"href":"https:\/\/millitv.net\/index.php?rest_route=\/wp\/v2\/posts"}],"about":[{"href":"https:\/\/millitv.net\/index.php?rest_route=\/wp\/v2\/types\/post"}],"author":[{"embeddable":true,"href":"https:\/\/millitv.net\/index.php?rest_route=\/wp\/v2\/users\/1"}],"replies":[{"embeddable":true,"href":"https:\/\/millitv.net\/index.php?rest_route=%2Fwp%2Fv2%2Fcomments&post=6868"}],"version-history":[{"count":0,"href":"https:\/\/millitv.net\/index.php?rest_route=\/wp\/v2\/posts\/6868\/revisions"}],"wp:featuredmedia":[{"embeddable":true,"href":"https:\/\/millitv.net\/index.php?rest_route=\/wp\/v2\/media\/6869"}],"wp:attachment":[{"href":"https:\/\/millitv.net\/index.php?rest_route=%2Fwp%2Fv2%2Fmedia&parent=6868"}],"wp:term":[{"taxonomy":"category","embeddable":true,"href":"https:\/\/millitv.net\/index.php?rest_route=%2Fwp%2Fv2%2Fcategories&post=6868"},{"taxonomy":"post_tag","embeddable":true,"href":"https:\/\/millitv.net\/index.php?rest_route=%2Fwp%2Fv2%2Ftags&post=6868"}],"curies":[{"name":"wp","href":"https:\/\/api.w.org\/{rel}","templated":true}]}}