{"id":6862,"date":"2023-10-31T10:31:02","date_gmt":"2023-10-31T10:31:02","guid":{"rendered":"https:\/\/millinews.az\/xeber\/belarus-rusiyaya-qarsi-cixdi-kompensasiya-t%C9%99l%C9%99b-edir\/"},"modified":"2023-10-31T10:31:02","modified_gmt":"2023-10-31T10:31:02","slug":"belarus-rusiyaya-qarsi-cixdi-kompensasiya-t%C9%99l%C9%99b-edir","status":"publish","type":"post","link":"https:\/\/millitv.net\/?p=6862","title":{"rendered":"Belarus Rusiyaya qar\u015f\u0131 \u00e7\u0131xd\u0131: kompensasiya t\u0259l\u0259b edir"},"content":{"rendered":"<p><img decoding=\"async\" src=\"https:\/\/Millinews.az\/storage\/2021\/10\/17\/belarus.jpg\" alt=\"\" title=\"\"><\/p>\n<div id=\"mvp-content-main\">\n<p><strong>Minsk, Belarus Atom Elektrik Stansiyas\u0131n\u0131n (BNES) istismara verilm\u0259sinin t\u0259xir\u0259 sal\u0131nmas\u0131 il\u0259 \u0259laq\u0259dar Moskvan\u0131n qar\u015f\u0131s\u0131nda kompensasiya m\u0259s\u0259l\u0259sini qald\u0131r\u0131b.<\/strong><\/p>\n<p><strong>Publ\u0131ika.az<\/strong> x\u0259b\u0259r verir ki, bu bar\u0259d\u0259 Belarus prezidenti Aleksandr Luka\u015fenko bildirib.<\/p>\n<p>\u201cM\u00fcqavil\u0259y\u0259 \u0259sas\u0259n, biz kompensasiya m\u0259s\u0259l\u0259sini qald\u0131rd\u0131q. Bunu gizl\u0259tm\u0259y\u0259 ehtiyac yoxdur. Orada qeyri-adi he\u00e7 n\u0259 yox idi\u201d, &#8211; dey\u0259 o bildirib. Belarus lideri ayd\u0131nla\u015fd\u0131r\u0131b ki, stansiyan\u0131n istismara verilm\u0259si m\u00fcdd\u0259tl\u0259rinin pozulmas\u0131na g\u00f6r\u0259 Rusiya t\u0259r\u0259fi m\u0259suliyy\u0259t da\u015f\u0131y\u0131r.<\/p>\n<p>Onun s\u00f6zl\u0259rin\u0259 g\u00f6r\u0259, Rusiya t\u0259z\u0259 n\u00fcv\u0259 yanaca\u011f\u0131n\u0131n qiym\u0259tinin (Rusiya Federasiyas\u0131ndak\u0131 stansiyalar \u00fc\u00e7\u00fcn oldu\u011fu kimi olacaq), h\u0259m\u00e7inin be\u015f il z\u0259man\u0259t m\u00fcdd\u0259ti \u00fc\u00e7\u00fcn variantlar\u0131 t\u0259klif edib.<\/p>\n<p>Tural<\/p>\n<\/p><\/div>\n<p><script>\n        (function (d, s, id) {\n            var js, fjs = d.getElementsByTagName(s)[0];\n            if (d.getElementById(id)) return;\n            js = d.createElement(s);\n            js.id = id;\n            js.src = \"\/\/connect.facebook.net\/az_AZ\/sdk.js#xfbml=1&version=v2.7&appId=\";\n            fjs.parentNode.insertBefore(js, fjs);\n        }(document, 'script', 'facebook-jssdk'));\n    <\/script><\/p>\n","protected":false},"excerpt":{"rendered":"<p>Minsk, Belarus Atom Elektrik Stansiyas\u0131n\u0131n (BNES) istismara verilm\u0259sinin t\u0259xir\u0259 sal\u0131nmas\u0131 il\u0259 \u0259laq\u0259dar Moskvan\u0131n qar\u015f\u0131s\u0131nda kompensasiya m\u0259s\u0259l\u0259sini qald\u0131r\u0131b. Publ\u0131ika.az x\u0259b\u0259r verir ki, bu bar\u0259d\u0259 Belarus prezidenti Aleksandr Luka\u015fenko bildirib. \u201cM\u00fcqavil\u0259y\u0259 \u0259sas\u0259n, biz kompensasiya m\u0259s\u0259l\u0259sini qald\u0131rd\u0131q. Bunu gizl\u0259tm\u0259y\u0259 ehtiyac yoxdur. Orada qeyri-adi he\u00e7 n\u0259 yox idi\u201d, &#8211; dey\u0259 o bildirib. Belarus lideri ayd\u0131nla\u015fd\u0131r\u0131b ki, stansiyan\u0131n istismara verilm\u0259si &hellip;<\/p>\n","protected":false},"author":1,"featured_media":6863,"comment_status":"open","ping_status":"closed","sticky":false,"template":"","format":"standard","meta":{"footnotes":""},"categories":[9],"tags":[],"class_list":["post-6862","post","type-post","status-publish","format-standard","has-post-thumbnail","hentry","category-xeber"],"_links":{"self":[{"href":"https:\/\/millitv.net\/index.php?rest_route=\/wp\/v2\/posts\/6862","targetHints":{"allow":["GET"]}}],"collection":[{"href":"https:\/\/millitv.net\/index.php?rest_route=\/wp\/v2\/posts"}],"about":[{"href":"https:\/\/millitv.net\/index.php?rest_route=\/wp\/v2\/types\/post"}],"author":[{"embeddable":true,"href":"https:\/\/millitv.net\/index.php?rest_route=\/wp\/v2\/users\/1"}],"replies":[{"embeddable":true,"href":"https:\/\/millitv.net\/index.php?rest_route=%2Fwp%2Fv2%2Fcomments&post=6862"}],"version-history":[{"count":0,"href":"https:\/\/millitv.net\/index.php?rest_route=\/wp\/v2\/posts\/6862\/revisions"}],"wp:featuredmedia":[{"embeddable":true,"href":"https:\/\/millitv.net\/index.php?rest_route=\/wp\/v2\/media\/6863"}],"wp:attachment":[{"href":"https:\/\/millitv.net\/index.php?rest_route=%2Fwp%2Fv2%2Fmedia&parent=6862"}],"wp:term":[{"taxonomy":"category","embeddable":true,"href":"https:\/\/millitv.net\/index.php?rest_route=%2Fwp%2Fv2%2Fcategories&post=6862"},{"taxonomy":"post_tag","embeddable":true,"href":"https:\/\/millitv.net\/index.php?rest_route=%2Fwp%2Fv2%2Ftags&post=6862"}],"curies":[{"name":"wp","href":"https:\/\/api.w.org\/{rel}","templated":true}]}}