{"id":6856,"date":"2023-10-31T10:17:36","date_gmt":"2023-10-31T10:17:36","guid":{"rendered":"https:\/\/millinews.az\/xeber\/separatcilarin-h%C9%99bsi-il%C9%99-bagli-yeni-t%C9%99f%C9%99rruatlar-yayildi\/"},"modified":"2023-10-31T10:17:36","modified_gmt":"2023-10-31T10:17:36","slug":"separatcilarin-h%C9%99bsi-il%C9%99-bagli-yeni-t%C9%99f%C9%99rruatlar-yayildi","status":"publish","type":"post","link":"https:\/\/millitv.net\/?p=6856","title":{"rendered":"Separat\u00e7\u0131lar\u0131n h\u0259bsi il\u0259 ba\u011fl\u0131 yeni t\u0259f\u0259rr\u00fcatlar yay\u0131ld\u0131"},"content":{"rendered":"<p><img decoding=\"async\" src=\"https:\/\/Millinews.az\/storage\/2023\/10\/31\/uzz.png\" alt=\"\" title=\"\"><\/p>\n<div id=\"mvp-content-main\">\n<p><strong>Erm\u0259nistan medias\u0131 Qaraba\u011fda m\u0259hv edil\u0259n erm\u0259ni separat\u00e7\u0131lar\u0131n qandallanaraq Bak\u0131ya g\u0259tirilm\u0259si il\u0259 ba\u011fl\u0131 yeni iddialar ir\u0259li s\u00fcr\u00fcb.<\/strong><\/p>\n<p><a target=\"_blank\" href=\"https:\/\/Millinews.az\" rel=\"noopener\">Millinews.az<\/a> x\u0259b\u0259r verir ki, ke\u00e7mi\u015f separat\u00e7\u0131 \u201cr\u0259hb\u0259rl\u0259r\u201d Araik Arutyunyan, Bako Saakyan v\u0259 Arkadi Qukasyan\u0131n helikopterl\u0259 Erm\u0259nistana apar\u0131lmas\u0131 \u00fc\u00e7\u00fcn Bak\u0131 il\u0259 dan\u0131\u015f\u0131qlar apar\u0131l\u0131b.<\/p>\n<p>\u201cHraparak\u201d n\u0259\u015fri yaz\u0131r ki, Az\u0259rbaycan buna q\u0259ti \u015f\u0259kild\u0259 raz\u0131 olmay\u0131b: \u201cLa\u00e7\u0131n s\u0259rh\u0259d-ke\u00e7id m\u0259nt\u0259q\u0259sind\u0259n ke\u00e7m\u0259k ist\u0259y\u0259n (qondarma) \u201cmilli t\u0259hl\u00fck\u0259sizlik naziri\u201d Ararat Melkumyan v\u0259 \u201cdaxili i\u015fl\u0259r naziri\u201d Karen Sarkisyan saxlan\u0131l\u0131b. Bildiribl\u0259r ki, ke\u00e7mi\u015f liderl\u0259r\u201d t\u0259slim olacaqlar\u0131 t\u0259qdird\u0259 onlar burax\u0131lacaq. Bundan x\u0259b\u0259r tutan ke\u00e7mi\u015f \u201cliderl\u0259r\u201d gizl\u0259ndikl\u0259ri yerd\u0259n \u00e7\u0131x\u0131b, bundan sonra dig\u0259rl\u0259rinin ke\u00e7idin\u0259 icaz\u0259 verilib\u201d.<\/p>\n<p>Separat\u00e7\u0131lar\u0131n silahl\u0131 d\u0259st\u0259l\u0259rinin \u201ckomandiri\u201d olmu\u015f Levon Mnatsakanyan is\u0259 La\u00e7\u0131n postundan ke\u00e7m\u0259k ist\u0259y\u0259rk\u0259n saxlan\u0131l\u0131b.<\/p>\n<p>N\u0259\u015fr iddia edir ki, Az\u0259rbaycan s\u0259rh\u0259d\u00e7il\u0259ri Mnatsakanyan\u0131 saxlad\u0131qda ondan \u201cQaraba\u011f Az\u0259rbaycand\u0131r\u201d dem\u0259sini ist\u0259yibl\u0259r. Erm\u0259ni medias\u0131 onun bunu dem\u0259kd\u0259n imtina etdiyini iddia edir, lakin b\u0259zi m\u0259nb\u0259l\u0259r Mnatsakanyan\u0131n \u201cQaraba\u011f Az\u0259rbaycand\u0131r\u201d dediyini bildirirl\u0259r.<\/p>\n<p>Separat\u00e7\u0131 \u201cliderl\u0259rin\u201d qandallanaraq Bak\u0131ya g\u0259tirilm\u0259sinin erm\u0259nil\u0259r \u00fcz\u0259rind\u0259 ciddi ruh d\u00fc\u015fk\u00fcnl\u00fcy\u00fc yarad\u0131b. \u00c7\u00fcnki onlar \u201cq\u0259hr\u0259man\u201d elan edilmi\u015fdi v\u0259 h\u0259mi\u015f\u0259 d\u00fc\u015f\u00fcn\u00fcrd\u00fcl\u0259r ki, i\u015f\u011fal davam ed\u0259c\u0259k. Az\u0259rbaycan torpaqlar\u0131n\u0131 i\u015f\u011faldan azad ed\u0259nd\u0259n sonra erm\u0259ni separatizmini tarixin zibilliyin\u0259 g\u00f6nd\u0259rdi v\u0259 separat\u00e7\u0131lar\u0131 qandallayaraq, \u201cerm\u0259ni x\u00fclyalar\u0131n\u0131\u201d m\u0259hv etdi.<\/p>\n<p><strong>Asif <\/strong><\/p>\n<\/p><\/div>\n<p><script>\n        (function (d, s, id) {\n            var js, fjs = d.getElementsByTagName(s)[0];\n            if (d.getElementById(id)) return;\n            js = d.createElement(s);\n            js.id = id;\n            js.src = \"\/\/connect.facebook.net\/az_AZ\/sdk.js#xfbml=1&version=v2.7&appId=\";\n            fjs.parentNode.insertBefore(js, fjs);\n        }(document, 'script', 'facebook-jssdk'));\n    <\/script><\/p>\n","protected":false},"excerpt":{"rendered":"<p>Erm\u0259nistan medias\u0131 Qaraba\u011fda m\u0259hv edil\u0259n erm\u0259ni separat\u00e7\u0131lar\u0131n qandallanaraq Bak\u0131ya g\u0259tirilm\u0259si il\u0259 ba\u011fl\u0131 yeni iddialar ir\u0259li s\u00fcr\u00fcb. Millinews.az x\u0259b\u0259r verir ki, ke\u00e7mi\u015f separat\u00e7\u0131 \u201cr\u0259hb\u0259rl\u0259r\u201d Araik Arutyunyan, Bako Saakyan v\u0259 Arkadi Qukasyan\u0131n helikopterl\u0259 Erm\u0259nistana apar\u0131lmas\u0131 \u00fc\u00e7\u00fcn Bak\u0131 il\u0259 dan\u0131\u015f\u0131qlar apar\u0131l\u0131b. \u201cHraparak\u201d n\u0259\u015fri yaz\u0131r ki, Az\u0259rbaycan buna q\u0259ti \u015f\u0259kild\u0259 raz\u0131 olmay\u0131b: \u201cLa\u00e7\u0131n s\u0259rh\u0259d-ke\u00e7id m\u0259nt\u0259q\u0259sind\u0259n ke\u00e7m\u0259k ist\u0259y\u0259n (qondarma) \u201cmilli &hellip;<\/p>\n","protected":false},"author":1,"featured_media":6857,"comment_status":"open","ping_status":"closed","sticky":false,"template":"","format":"standard","meta":{"footnotes":""},"categories":[9],"tags":[],"class_list":["post-6856","post","type-post","status-publish","format-standard","has-post-thumbnail","hentry","category-xeber"],"_links":{"self":[{"href":"https:\/\/millitv.net\/index.php?rest_route=\/wp\/v2\/posts\/6856","targetHints":{"allow":["GET"]}}],"collection":[{"href":"https:\/\/millitv.net\/index.php?rest_route=\/wp\/v2\/posts"}],"about":[{"href":"https:\/\/millitv.net\/index.php?rest_route=\/wp\/v2\/types\/post"}],"author":[{"embeddable":true,"href":"https:\/\/millitv.net\/index.php?rest_route=\/wp\/v2\/users\/1"}],"replies":[{"embeddable":true,"href":"https:\/\/millitv.net\/index.php?rest_route=%2Fwp%2Fv2%2Fcomments&post=6856"}],"version-history":[{"count":0,"href":"https:\/\/millitv.net\/index.php?rest_route=\/wp\/v2\/posts\/6856\/revisions"}],"wp:featuredmedia":[{"embeddable":true,"href":"https:\/\/millitv.net\/index.php?rest_route=\/wp\/v2\/media\/6857"}],"wp:attachment":[{"href":"https:\/\/millitv.net\/index.php?rest_route=%2Fwp%2Fv2%2Fmedia&parent=6856"}],"wp:term":[{"taxonomy":"category","embeddable":true,"href":"https:\/\/millitv.net\/index.php?rest_route=%2Fwp%2Fv2%2Fcategories&post=6856"},{"taxonomy":"post_tag","embeddable":true,"href":"https:\/\/millitv.net\/index.php?rest_route=%2Fwp%2Fv2%2Ftags&post=6856"}],"curies":[{"name":"wp","href":"https:\/\/api.w.org\/{rel}","templated":true}]}}